{"id":21635,"date":"2021-11-11T14:26:41","date_gmt":"2021-11-11T17:26:41","guid":{"rendered":"https:\/\/www.filmelier.com\/br\/noticias\/?p=21635"},"modified":"2021-11-11T14:26:41","modified_gmt":"2021-11-11T17:26:41","slug":"a-mao-de-deus-trailer","status":"publish","type":"post","link":"https:\/\/news.filmelier.com\/br\/a-mao-de-deus-trailer\/","title":{"rendered":"&#8216;A M\u00e3o de Deus&#8217;, novo filme de Paolo Sorrentino, ganha trailer"},"content":{"rendered":"\n<p>O novo filme do premiado diretor e roteirista Paolo Sorrentino (&#8216;A Grande Beleza&#8217;), &#8216;A M\u00e3o de Deus&#8217; (em ingl\u00eas, &#8216;The Hand of God&#8217;), ganhou um novo trailer. O longa conta a  hist\u00f3ria do garoto Fabietto Schisa e se passa em N\u00e1poles da d\u00e9cada de 1980, cidade onde o realizador italiano nasceu.<\/p>\n\n\n\n<ul class=\"wp-block-list\"><li><strong>Veja tamb\u00e9m: <a href=\"https:\/\/www.filmelier.com\/br\/noticias\/european-film-awards-2021-indicados\">\u2018Titane\u2019, \u2018Quo Vadis, Aida?\u2019 e \u2018Meu Pai\u2019 entre os indicados ao European Film Awards 2021<\/a><\/strong><\/li><\/ul>\n\n\n\n<p>A produ\u00e7\u00e3o levou o Grande Pr\u00eamio do J\u00fari no Festival de Veneza este ano e foi a escolha da It\u00e1lia para representar o pa\u00eds na categoria de Melhor Filme Estrangeiro no Oscar 2022.<\/p>\n\n\n\n<p>Assista ao trailer abaixo:<\/p>\n\n\n\n<figure class=\"wp-block-embed is-type-video is-provider-youtube wp-block-embed-youtube wp-embed-aspect-16-9 wp-has-aspect-ratio\"><div class=\"wp-block-embed__wrapper\">\n<iframe title=\"The Hand of God | Official Trailer | Netflix\" width=\"800\" height=\"450\" src=\"https:\/\/www.youtube.com\/embed\/i_1VW_0i6vo?feature=oembed\" frameborder=\"0\" allow=\"accelerometer; autoplay; clipboard-write; encrypted-media; gyroscope; picture-in-picture; web-share\" referrerpolicy=\"strict-origin-when-cross-origin\" allowfullscreen><\/iframe>\n<\/div><\/figure>\n\n\n\n<p>O t\u00edtulo da produ\u00e7\u00e3o faz refer\u00eancia ao famoso gol de Diego Maradona, que j\u00e1 tinha inspirado um personagem no filme de Sorrentino, \u2018A Juventude\u2019, em 2015. A sinopse da Netflix descreve &#8216;A M\u00e3o de Deus&#8217; como uma &#8220;narrativa repleta de alegrias inesperadas, como a chegada da lenda do futebol Diego Maradona. Mas tamb\u00e9m n\u00e3o faltam trag\u00e9dias. O destino faz a sua parte, misturando alegrias e tristezas, e o futuro de Fabietto est\u00e1 em jogo&#8221; <\/p>\n\n\n\n\n\n<p>Sorrentino volta \u00e0 cidade onde nasceu para contar uma hist\u00f3ria muito pessoal sobre destino, fam\u00edlia, esportes, cinema, amores e perdas.  &#8216;A M\u00e3o de Deus&#8217; chega \u00e0 Netflix em 15 de dezembro.<\/p>\n\n\n\n<p class=\"has-text-align-center\"><strong>Siga o Filmelier no&nbsp;<a rel=\"noreferrer noopener\" href=\"https:\/\/www.facebook.com\/filmelierbr\" target=\"_blank\">Facebook<\/a>,&nbsp;<a rel=\"noreferrer noopener\" href=\"https:\/\/www.twitter.com\/filmelierbr\" target=\"_blank\">Twitter<\/a>&nbsp;e&nbsp;<a rel=\"noreferrer noopener\" href=\"https:\/\/www.instagram.com\/filmelierbr\" target=\"_blank\">Instagram<\/a>.<\/strong><a href=\"https:\/\/www.filmelier.com\/br\/noticias\/feed\/\" target=\"_blank\" rel=\"noreferrer noopener\"><\/a><\/p>\n","protected":false},"excerpt":{"rendered":"<p>A produ\u00e7\u00e3o chega na Netflix em dezembro e foi a escolha da It\u00e1lia para representar o pa\u00eds no Oscar 2022<\/p>\n","protected":false},"author":14,"featured_media":21637,"comment_status":"closed","ping_status":"open","sticky":false,"template":"","format":"standard","meta":{"_acf_changed":false,"footnotes":""},"categories":[3482],"tags":[9979,6014,3815,6015,6295,5975,4080],"class_list":["post-21635","post","type-post","status-publish","format-standard","has-post-thumbnail","hentry","category-filmes-br","tag-a-mao-de-deus","tag-drama","tag-lancamentos-br","tag-netflix","tag-paolo-sorrentino","tag-streaming","tag-trailer-br"],"acf":{"subtitulo":"","id_ator":""},"yoast_head":"<!-- This site is optimized with the Yoast SEO plugin v26.1.1 - https:\/\/yoast.com\/wordpress\/plugins\/seo\/ -->\n<title>&#039;A M\u00e3o de Deus&#039;, novo filme de Paolo Sorrentino, ganha trailer - News Filmelier<\/title>\n<meta name=\"robots\" content=\"index, follow, max-snippet:-1, max-image-preview:large, max-video-preview:-1\" \/>\n<link rel=\"canonical\" href=\"https:\/\/news.filmelier.com\/br\/a-mao-de-deus-trailer\/\" \/>\n<meta property=\"og:locale\" content=\"pt_BR\" \/>\n<meta property=\"og:type\" content=\"article\" \/>\n<meta property=\"og:title\" content=\"&#039;A M\u00e3o de Deus&#039;, novo filme de Paolo Sorrentino, ganha trailer - News Filmelier\" \/>\n<meta property=\"og:description\" content=\"A produ\u00e7\u00e3o chega na Netflix em dezembro e foi a escolha da It\u00e1lia para representar o pa\u00eds no Oscar 2022\" \/>\n<meta property=\"og:url\" content=\"https:\/\/news.filmelier.com\/br\/a-mao-de-deus-trailer\/\" \/>\n<meta property=\"og:site_name\" content=\"News Filmelier\" \/>\n<meta property=\"article:published_time\" content=\"2021-11-11T17:26:41+00:00\" \/>\n<meta name=\"author\" content=\"Reda\u00e7\u00e3o Filmelier\" \/>\n<meta name=\"twitter:card\" content=\"summary_large_image\" \/>\n<meta name=\"twitter:label1\" content=\"Escrito por\" \/>\n\t<meta name=\"twitter:data1\" content=\"Reda\u00e7\u00e3o Filmelier\" \/>\n\t<meta name=\"twitter:label2\" content=\"Est. tempo de leitura\" \/>\n\t<meta name=\"twitter:data2\" content=\"1 minuto\" \/>\n<script type=\"application\/ld+json\" class=\"yoast-schema-graph\">{\"@context\":\"https:\/\/schema.org\",\"@graph\":[{\"@type\":\"Article\",\"@id\":\"https:\/\/news.filmelier.com\/br\/a-mao-de-deus-trailer\/#article\",\"isPartOf\":{\"@id\":\"https:\/\/news.filmelier.com\/br\/a-mao-de-deus-trailer\/\"},\"author\":{\"name\":\"Reda\u00e7\u00e3o Filmelier\",\"@id\":\"https:\/\/homolog.news.filmelier.com\/br\/#\/schema\/person\/a6491aa555ce96d9d1cc15f1742dbd7b\"},\"headline\":\"&#8216;A M\u00e3o de Deus&#8217;, novo filme de Paolo Sorrentino, ganha trailer\",\"datePublished\":\"2021-11-11T17:26:41+00:00\",\"mainEntityOfPage\":{\"@id\":\"https:\/\/news.filmelier.com\/br\/a-mao-de-deus-trailer\/\"},\"wordCount\":258,\"publisher\":{\"@id\":\"https:\/\/homolog.news.filmelier.com\/br\/#organization\"},\"image\":{\"@id\":\"https:\/\/news.filmelier.com\/br\/a-mao-de-deus-trailer\/#primaryimage\"},\"thumbnailUrl\":\"\",\"keywords\":[\"A M\u00e3o de Deus\",\"Drama\",\"lan\u00e7amentos\",\"netflix\",\"Paolo Sorrentino\",\"streaming\",\"trailer\"],\"articleSection\":[\"Filmes\"],\"inLanguage\":\"pt-BR\"},{\"@type\":\"WebPage\",\"@id\":\"https:\/\/news.filmelier.com\/br\/a-mao-de-deus-trailer\/\",\"url\":\"https:\/\/news.filmelier.com\/br\/a-mao-de-deus-trailer\/\",\"name\":\"'A M\u00e3o de Deus', novo filme de Paolo Sorrentino, ganha trailer - News Filmelier\",\"isPartOf\":{\"@id\":\"https:\/\/homolog.news.filmelier.com\/br\/#website\"},\"primaryImageOfPage\":{\"@id\":\"https:\/\/news.filmelier.com\/br\/a-mao-de-deus-trailer\/#primaryimage\"},\"image\":{\"@id\":\"https:\/\/news.filmelier.com\/br\/a-mao-de-deus-trailer\/#primaryimage\"},\"thumbnailUrl\":\"\",\"datePublished\":\"2021-11-11T17:26:41+00:00\",\"breadcrumb\":{\"@id\":\"https:\/\/news.filmelier.com\/br\/a-mao-de-deus-trailer\/#breadcrumb\"},\"inLanguage\":\"pt-BR\",\"potentialAction\":[{\"@type\":\"ReadAction\",\"target\":[\"https:\/\/news.filmelier.com\/br\/a-mao-de-deus-trailer\/\"]}]},{\"@type\":\"ImageObject\",\"inLanguage\":\"pt-BR\",\"@id\":\"https:\/\/news.filmelier.com\/br\/a-mao-de-deus-trailer\/#primaryimage\",\"url\":\"\",\"contentUrl\":\"\"},{\"@type\":\"BreadcrumbList\",\"@id\":\"https:\/\/news.filmelier.com\/br\/a-mao-de-deus-trailer\/#breadcrumb\",\"itemListElement\":[{\"@type\":\"ListItem\",\"position\":1,\"name\":\"In\u00edcio\",\"item\":\"https:\/\/homolog.news.filmelier.com\/br\/\"},{\"@type\":\"ListItem\",\"position\":2,\"name\":\"&#8216;A M\u00e3o de Deus&#8217;, novo filme de Paolo Sorrentino, ganha trailer\"}]},{\"@type\":\"WebSite\",\"@id\":\"https:\/\/homolog.news.filmelier.com\/br\/#website\",\"url\":\"https:\/\/homolog.news.filmelier.com\/br\/\",\"name\":\"Homolog Filmelier News Rankrup\",\"description\":\"\",\"publisher\":{\"@id\":\"https:\/\/homolog.news.filmelier.com\/br\/#organization\"},\"potentialAction\":[{\"@type\":\"SearchAction\",\"target\":{\"@type\":\"EntryPoint\",\"urlTemplate\":\"https:\/\/homolog.news.filmelier.com\/br\/?s={search_term_string}\"},\"query-input\":{\"@type\":\"PropertyValueSpecification\",\"valueRequired\":true,\"valueName\":\"search_term_string\"}}],\"inLanguage\":\"pt-BR\"},{\"@type\":\"Organization\",\"@id\":\"https:\/\/homolog.news.filmelier.com\/br\/#organization\",\"name\":\"Homolog Filmelier News Rankrup\",\"url\":\"https:\/\/homolog.news.filmelier.com\/br\/\",\"logo\":{\"@type\":\"ImageObject\",\"inLanguage\":\"pt-BR\",\"@id\":\"https:\/\/homolog.news.filmelier.com\/br\/#\/schema\/logo\/image\/\",\"url\":\"https:\/\/news.filmelier.com\/wp-content\/uploads\/2024\/11\/Logo-News.png\",\"contentUrl\":\"https:\/\/news.filmelier.com\/wp-content\/uploads\/2024\/11\/Logo-News.png\",\"width\":460,\"height\":108,\"caption\":\"Homolog Filmelier News Rankrup\"},\"image\":{\"@id\":\"https:\/\/homolog.news.filmelier.com\/br\/#\/schema\/logo\/image\/\"}},{\"@type\":\"Person\",\"@id\":\"https:\/\/homolog.news.filmelier.com\/br\/#\/schema\/person\/a6491aa555ce96d9d1cc15f1742dbd7b\",\"name\":\"Reda\u00e7\u00e3o Filmelier\",\"image\":{\"@type\":\"ImageObject\",\"inLanguage\":\"pt-BR\",\"@id\":\"https:\/\/homolog.news.filmelier.com\/br\/#\/schema\/person\/image\/\",\"url\":\"https:\/\/secure.gravatar.com\/avatar\/8bf80419447553f32d821a953683c4666faca8d781f143825a02644ae3f7e2d0?s=96&d=mm&r=g\",\"contentUrl\":\"https:\/\/secure.gravatar.com\/avatar\/8bf80419447553f32d821a953683c4666faca8d781f143825a02644ae3f7e2d0?s=96&d=mm&r=g\",\"caption\":\"Reda\u00e7\u00e3o Filmelier\"},\"description\":\"Somos um time de jornalistas e cr\u00edticos que respira cinema a 24 quadros por segundo. Das estreias do circuito aos cl\u00e1ssicos restaurados, da curadoria em streamings \u00e0s entrevistas nos bastidores, nossa reda\u00e7\u00e3o transforma filmes em conte\u00fado inteligente \u2014 com an\u00e1lises afiadas, guias pr\u00e1ticos e hist\u00f3rias que fazem voc\u00ea ver a s\u00e9tima arte com outros olhos. Aqui no Filmelier, cinema n\u00e3o \u00e9 s\u00f3 lazer: \u00e9 of\u00edcio, \u00e9 expertise, \u00e9 paix\u00e3o em forma de texto.\",\"url\":\"https:\/\/news.filmelier.com\/br\/author\/contato-filmelier\/\"}]}<\/script>\n<!-- \/ Yoast SEO plugin. -->","yoast_head_json":{"title":"'A M\u00e3o de Deus', novo filme de Paolo Sorrentino, ganha trailer - News Filmelier","robots":{"index":"index","follow":"follow","max-snippet":"max-snippet:-1","max-image-preview":"max-image-preview:large","max-video-preview":"max-video-preview:-1"},"canonical":"https:\/\/news.filmelier.com\/br\/a-mao-de-deus-trailer\/","og_locale":"pt_BR","og_type":"article","og_title":"'A M\u00e3o de Deus', novo filme de Paolo Sorrentino, ganha trailer - News Filmelier","og_description":"A produ\u00e7\u00e3o chega na Netflix em dezembro e foi a escolha da It\u00e1lia para representar o pa\u00eds no Oscar 2022","og_url":"https:\/\/news.filmelier.com\/br\/a-mao-de-deus-trailer\/","og_site_name":"News Filmelier","article_published_time":"2021-11-11T17:26:41+00:00","author":"Reda\u00e7\u00e3o Filmelier","twitter_card":"summary_large_image","twitter_misc":{"Escrito por":"Reda\u00e7\u00e3o Filmelier","Est. tempo de leitura":"1 minuto"},"schema":{"@context":"https:\/\/schema.org","@graph":[{"@type":"Article","@id":"https:\/\/news.filmelier.com\/br\/a-mao-de-deus-trailer\/#article","isPartOf":{"@id":"https:\/\/news.filmelier.com\/br\/a-mao-de-deus-trailer\/"},"author":{"name":"Reda\u00e7\u00e3o Filmelier","@id":"https:\/\/homolog.news.filmelier.com\/br\/#\/schema\/person\/a6491aa555ce96d9d1cc15f1742dbd7b"},"headline":"&#8216;A M\u00e3o de Deus&#8217;, novo filme de Paolo Sorrentino, ganha trailer","datePublished":"2021-11-11T17:26:41+00:00","mainEntityOfPage":{"@id":"https:\/\/news.filmelier.com\/br\/a-mao-de-deus-trailer\/"},"wordCount":258,"publisher":{"@id":"https:\/\/homolog.news.filmelier.com\/br\/#organization"},"image":{"@id":"https:\/\/news.filmelier.com\/br\/a-mao-de-deus-trailer\/#primaryimage"},"thumbnailUrl":"","keywords":["A M\u00e3o de Deus","Drama","lan\u00e7amentos","netflix","Paolo Sorrentino","streaming","trailer"],"articleSection":["Filmes"],"inLanguage":"pt-BR"},{"@type":"WebPage","@id":"https:\/\/news.filmelier.com\/br\/a-mao-de-deus-trailer\/","url":"https:\/\/news.filmelier.com\/br\/a-mao-de-deus-trailer\/","name":"'A M\u00e3o de Deus', novo filme de Paolo Sorrentino, ganha trailer - News Filmelier","isPartOf":{"@id":"https:\/\/homolog.news.filmelier.com\/br\/#website"},"primaryImageOfPage":{"@id":"https:\/\/news.filmelier.com\/br\/a-mao-de-deus-trailer\/#primaryimage"},"image":{"@id":"https:\/\/news.filmelier.com\/br\/a-mao-de-deus-trailer\/#primaryimage"},"thumbnailUrl":"","datePublished":"2021-11-11T17:26:41+00:00","breadcrumb":{"@id":"https:\/\/news.filmelier.com\/br\/a-mao-de-deus-trailer\/#breadcrumb"},"inLanguage":"pt-BR","potentialAction":[{"@type":"ReadAction","target":["https:\/\/news.filmelier.com\/br\/a-mao-de-deus-trailer\/"]}]},{"@type":"ImageObject","inLanguage":"pt-BR","@id":"https:\/\/news.filmelier.com\/br\/a-mao-de-deus-trailer\/#primaryimage","url":"","contentUrl":""},{"@type":"BreadcrumbList","@id":"https:\/\/news.filmelier.com\/br\/a-mao-de-deus-trailer\/#breadcrumb","itemListElement":[{"@type":"ListItem","position":1,"name":"In\u00edcio","item":"https:\/\/homolog.news.filmelier.com\/br\/"},{"@type":"ListItem","position":2,"name":"&#8216;A M\u00e3o de Deus&#8217;, novo filme de Paolo Sorrentino, ganha trailer"}]},{"@type":"WebSite","@id":"https:\/\/homolog.news.filmelier.com\/br\/#website","url":"https:\/\/homolog.news.filmelier.com\/br\/","name":"Homolog Filmelier News Rankrup","description":"","publisher":{"@id":"https:\/\/homolog.news.filmelier.com\/br\/#organization"},"potentialAction":[{"@type":"SearchAction","target":{"@type":"EntryPoint","urlTemplate":"https:\/\/homolog.news.filmelier.com\/br\/?s={search_term_string}"},"query-input":{"@type":"PropertyValueSpecification","valueRequired":true,"valueName":"search_term_string"}}],"inLanguage":"pt-BR"},{"@type":"Organization","@id":"https:\/\/homolog.news.filmelier.com\/br\/#organization","name":"Homolog Filmelier News Rankrup","url":"https:\/\/homolog.news.filmelier.com\/br\/","logo":{"@type":"ImageObject","inLanguage":"pt-BR","@id":"https:\/\/homolog.news.filmelier.com\/br\/#\/schema\/logo\/image\/","url":"https:\/\/news.filmelier.com\/wp-content\/uploads\/2024\/11\/Logo-News.png","contentUrl":"https:\/\/news.filmelier.com\/wp-content\/uploads\/2024\/11\/Logo-News.png","width":460,"height":108,"caption":"Homolog Filmelier News Rankrup"},"image":{"@id":"https:\/\/homolog.news.filmelier.com\/br\/#\/schema\/logo\/image\/"}},{"@type":"Person","@id":"https:\/\/homolog.news.filmelier.com\/br\/#\/schema\/person\/a6491aa555ce96d9d1cc15f1742dbd7b","name":"Reda\u00e7\u00e3o Filmelier","image":{"@type":"ImageObject","inLanguage":"pt-BR","@id":"https:\/\/homolog.news.filmelier.com\/br\/#\/schema\/person\/image\/","url":"https:\/\/secure.gravatar.com\/avatar\/8bf80419447553f32d821a953683c4666faca8d781f143825a02644ae3f7e2d0?s=96&d=mm&r=g","contentUrl":"https:\/\/secure.gravatar.com\/avatar\/8bf80419447553f32d821a953683c4666faca8d781f143825a02644ae3f7e2d0?s=96&d=mm&r=g","caption":"Reda\u00e7\u00e3o Filmelier"},"description":"Somos um time de jornalistas e cr\u00edticos que respira cinema a 24 quadros por segundo. Das estreias do circuito aos cl\u00e1ssicos restaurados, da curadoria em streamings \u00e0s entrevistas nos bastidores, nossa reda\u00e7\u00e3o transforma filmes em conte\u00fado inteligente \u2014 com an\u00e1lises afiadas, guias pr\u00e1ticos e hist\u00f3rias que fazem voc\u00ea ver a s\u00e9tima arte com outros olhos. Aqui no Filmelier, cinema n\u00e3o \u00e9 s\u00f3 lazer: \u00e9 of\u00edcio, \u00e9 expertise, \u00e9 paix\u00e3o em forma de texto.","url":"https:\/\/news.filmelier.com\/br\/author\/contato-filmelier\/"}]}},"_links":{"self":[{"href":"https:\/\/news.filmelier.com\/br\/wp-json\/wp\/v2\/posts\/21635","targetHints":{"allow":["GET"]}}],"collection":[{"href":"https:\/\/news.filmelier.com\/br\/wp-json\/wp\/v2\/posts"}],"about":[{"href":"https:\/\/news.filmelier.com\/br\/wp-json\/wp\/v2\/types\/post"}],"author":[{"embeddable":true,"href":"https:\/\/news.filmelier.com\/br\/wp-json\/wp\/v2\/users\/14"}],"replies":[{"embeddable":true,"href":"https:\/\/news.filmelier.com\/br\/wp-json\/wp\/v2\/comments?post=21635"}],"version-history":[{"count":0,"href":"https:\/\/news.filmelier.com\/br\/wp-json\/wp\/v2\/posts\/21635\/revisions"}],"wp:featuredmedia":[{"embeddable":true,"href":"https:\/\/news.filmelier.com\/br\/wp-json\/"}],"wp:attachment":[{"href":"https:\/\/news.filmelier.com\/br\/wp-json\/wp\/v2\/media?parent=21635"}],"wp:term":[{"taxonomy":"category","embeddable":true,"href":"https:\/\/news.filmelier.com\/br\/wp-json\/wp\/v2\/categories?post=21635"},{"taxonomy":"post_tag","embeddable":true,"href":"https:\/\/news.filmelier.com\/br\/wp-json\/wp\/v2\/tags?post=21635"}],"curies":[{"name":"wp","href":"https:\/\/api.w.org\/{rel}","templated":true}]}}