{"id":21605,"date":"2021-11-11T10:50:58","date_gmt":"2021-11-11T13:50:58","guid":{"rendered":"https:\/\/www.filmelier.com\/br\/noticias\/?p=21605"},"modified":"2021-11-11T10:50:58","modified_gmt":"2021-11-11T13:50:58","slug":"channing-tatum-e-tom-hardy-filme","status":"publish","type":"post","link":"https:\/\/news.filmelier.com\/br\/channing-tatum-e-tom-hardy-filme\/","title":{"rendered":"Channing Tatum e Tom Hardy v\u00e3o estrelar filme sobre a retirada dos EUA do Afeganist\u00e3o"},"content":{"rendered":"\n<p>Channing Tatum (&#8216;<a href=\"https:\/\/www.filmelier.com\/br\/film\/14803\/querido-john\">Querido John<\/a>&#8216;) e Tom Hardy (<a href=\"https:\/\/www.filmelier.com\/br\/film\/4360\/venom\" target=\"_blank\" rel=\"noreferrer noopener\">&#8216;Venom&#8217;<\/a>) v\u00e3o estrelar um filme sobre a retirada das tropas dos Estados Unidos do Afeganist\u00e3o. Ainda sem t\u00edtulo definido, o roteiro foi escrito por George Nolfi (<a href=\"https:\/\/www.filmelier.com\/br\/film\/8902\/o-banqueiro\" target=\"_blank\" rel=\"noreferrer noopener\">&#8216;O Banqueiro&#8217;<\/a>) e os direitos de distribui\u00e7\u00e3o foram adquiridos pela Universal Pictures.<\/p>\n\n\n\n<ul class=\"wp-block-list\"><li><strong>Leia tamb\u00e9m: <a href=\"https:\/\/www.filmelier.com\/br\/noticias\/adrenalina-freezone-streaming-gratis\" target=\"_blank\" rel=\"noreferrer noopener\">Adrenalina Freezone: streaming gr\u00e1tis com filmes de a\u00e7\u00e3o, terror e suspense chega em novembro<\/a><\/strong><\/li><\/ul>\n\n\n\n<p>De acordo com o <a href=\"https:\/\/deadline.com\/2021\/11\/channing-tatum-tom-hardy-afghanistan-evacuation-universal-movie-george-nolfi-script-1234870585\/?fbclid=IwAR18G0t64heHFn5LkKXnnlQ-bENRkXA6eKdLFPZuQoTs5TBEH6lGNZMyH4k\" target=\"_blank\" rel=\"noreferrer noopener\">Deadline<\/a>, a hist\u00f3ria de <a href=\"https:\/\/www.filmelier.com\/br\/director\/george-nolfi\" target=\"_blank\" rel=\"noreferrer noopener\">Nolfi<\/a> vai se basear em fatos, seguindo tr\u00eas ex-soldados das for\u00e7as especiais que acabam voltando para a batalha ao lado de colegas afeg\u00e3os para resgatar aliados. O argumento envolve a tomada do poder do Taleban no Afeganist\u00e3o, em agosto deste ano.<\/p>\n\n\n\n<figure class=\"wp-block-image size-full\"><img decoding=\"async\" src=\"https:\/\/www.filmelier.com\/br\/noticias\/wp-content\/uploads\/2021\/11\/George-Nolfi-O-Banqueiro.jpg\" alt=\" George Nolfi no set de filmagens de 'O Banqueiro' (Cr\u00e9dito: Divulga\u00e7\u00e3o\/Apple) \" class=\"wp-image-21614\"\/><figcaption> <em>George Nolfi no set de filmagens de &#8216;O Banqueiro&#8217; (Cr\u00e9dito: Divulga\u00e7\u00e3o\/Apple)<\/em> <\/figcaption><\/figure>\n\n\n\n\n\n<p>Al\u00e9m de Nolfi, Jules Daly (&#8216;<a href=\"https:\/\/www.filmelier.com\/br\/film\/15437\/a-guerra-do-amanha\">A Guerra do Amanh\u00e3<\/a>&#8216;) e Reid Carolin (&#8216;Magic Mike&#8217;) j\u00e1 foram confirmados no elenco. <\/p>\n\n\n\n<p>O filme ainda n\u00e3o tem previs\u00e3o de estreia.<\/p>\n\n\n\n<p class=\"has-text-align-center\"><strong>Siga o Filmelier no&nbsp;<a rel=\"noreferrer noopener\" href=\"https:\/\/www.facebook.com\/filmelierbr\" target=\"_blank\">Facebook<\/a>,&nbsp;<a rel=\"noreferrer noopener\" href=\"https:\/\/www.twitter.com\/filmelierbr\" target=\"_blank\">Twitter<\/a>,&nbsp;<a rel=\"noreferrer noopener\" href=\"https:\/\/www.instagram.com\/filmelierbr\" target=\"_blank\">Instagram<\/a>&nbsp;e&nbsp;<a rel=\"noreferrer noopener\" href=\"https:\/\/www.tiktok.com\/@filmelierbr\" target=\"_blank\">TikTok<\/a>.<\/strong><\/p>\n","protected":false},"excerpt":{"rendered":"<p>O roteiro, ainda sem nome, foi adquirido pela Universal Pictures<\/p>\n","protected":false},"author":14,"featured_media":21606,"comment_status":"closed","ping_status":"open","sticky":false,"template":"","format":"standard","meta":{"_acf_changed":false,"footnotes":""},"categories":[3482],"tags":[3905,6253,4522,6110],"class_list":["post-21605","post","type-post","status-publish","format-standard","has-post-thumbnail","hentry","category-filmes-br","tag-acao-br","tag-channing-tatum","tag-guerra-br","tag-tom-hardy"],"acf":{"subtitulo":"","id_ator":""},"yoast_head":"<!-- This site is optimized with the Yoast SEO plugin v26.1.1 - https:\/\/yoast.com\/wordpress\/plugins\/seo\/ -->\n<title>Channing Tatum e Tom Hardy v\u00e3o estrelar filme sobre a retirada dos EUA do Afeganist\u00e3o - News Filmelier<\/title>\n<meta name=\"robots\" content=\"index, follow, max-snippet:-1, max-image-preview:large, max-video-preview:-1\" \/>\n<link rel=\"canonical\" href=\"https:\/\/news.filmelier.com\/br\/channing-tatum-e-tom-hardy-filme\/\" \/>\n<meta property=\"og:locale\" content=\"pt_BR\" \/>\n<meta property=\"og:type\" content=\"article\" \/>\n<meta property=\"og:title\" content=\"Channing Tatum e Tom Hardy v\u00e3o estrelar filme sobre a retirada dos EUA do Afeganist\u00e3o - News Filmelier\" \/>\n<meta property=\"og:description\" content=\"O roteiro, ainda sem nome, foi adquirido pela Universal Pictures\" \/>\n<meta property=\"og:url\" content=\"https:\/\/news.filmelier.com\/br\/channing-tatum-e-tom-hardy-filme\/\" \/>\n<meta property=\"og:site_name\" content=\"News Filmelier\" \/>\n<meta property=\"article:published_time\" content=\"2021-11-11T13:50:58+00:00\" \/>\n<meta name=\"author\" content=\"Reda\u00e7\u00e3o Filmelier\" \/>\n<meta name=\"twitter:card\" content=\"summary_large_image\" \/>\n<meta name=\"twitter:label1\" content=\"Escrito por\" \/>\n\t<meta name=\"twitter:data1\" content=\"Reda\u00e7\u00e3o Filmelier\" \/>\n\t<meta name=\"twitter:label2\" content=\"Est. tempo de leitura\" \/>\n\t<meta name=\"twitter:data2\" content=\"1 minuto\" \/>\n<script type=\"application\/ld+json\" class=\"yoast-schema-graph\">{\"@context\":\"https:\/\/schema.org\",\"@graph\":[{\"@type\":\"Article\",\"@id\":\"https:\/\/news.filmelier.com\/br\/channing-tatum-e-tom-hardy-filme\/#article\",\"isPartOf\":{\"@id\":\"https:\/\/news.filmelier.com\/br\/channing-tatum-e-tom-hardy-filme\/\"},\"author\":{\"name\":\"Reda\u00e7\u00e3o Filmelier\",\"@id\":\"https:\/\/homolog.news.filmelier.com\/br\/#\/schema\/person\/a6491aa555ce96d9d1cc15f1742dbd7b\"},\"headline\":\"Channing Tatum e Tom Hardy v\u00e3o estrelar filme sobre a retirada dos EUA do Afeganist\u00e3o\",\"datePublished\":\"2021-11-11T13:50:58+00:00\",\"mainEntityOfPage\":{\"@id\":\"https:\/\/news.filmelier.com\/br\/channing-tatum-e-tom-hardy-filme\/\"},\"wordCount\":197,\"publisher\":{\"@id\":\"https:\/\/homolog.news.filmelier.com\/br\/#organization\"},\"image\":{\"@id\":\"https:\/\/news.filmelier.com\/br\/channing-tatum-e-tom-hardy-filme\/#primaryimage\"},\"thumbnailUrl\":\"\",\"keywords\":[\"A\u00e7\u00e3o\",\"Channing Tatum\",\"Guerra\",\"Tom Hardy\"],\"articleSection\":[\"Filmes\"],\"inLanguage\":\"pt-BR\"},{\"@type\":\"WebPage\",\"@id\":\"https:\/\/news.filmelier.com\/br\/channing-tatum-e-tom-hardy-filme\/\",\"url\":\"https:\/\/news.filmelier.com\/br\/channing-tatum-e-tom-hardy-filme\/\",\"name\":\"Channing Tatum e Tom Hardy v\u00e3o estrelar filme sobre a retirada dos EUA do Afeganist\u00e3o - News Filmelier\",\"isPartOf\":{\"@id\":\"https:\/\/homolog.news.filmelier.com\/br\/#website\"},\"primaryImageOfPage\":{\"@id\":\"https:\/\/news.filmelier.com\/br\/channing-tatum-e-tom-hardy-filme\/#primaryimage\"},\"image\":{\"@id\":\"https:\/\/news.filmelier.com\/br\/channing-tatum-e-tom-hardy-filme\/#primaryimage\"},\"thumbnailUrl\":\"\",\"datePublished\":\"2021-11-11T13:50:58+00:00\",\"breadcrumb\":{\"@id\":\"https:\/\/news.filmelier.com\/br\/channing-tatum-e-tom-hardy-filme\/#breadcrumb\"},\"inLanguage\":\"pt-BR\",\"potentialAction\":[{\"@type\":\"ReadAction\",\"target\":[\"https:\/\/news.filmelier.com\/br\/channing-tatum-e-tom-hardy-filme\/\"]}]},{\"@type\":\"ImageObject\",\"inLanguage\":\"pt-BR\",\"@id\":\"https:\/\/news.filmelier.com\/br\/channing-tatum-e-tom-hardy-filme\/#primaryimage\",\"url\":\"\",\"contentUrl\":\"\"},{\"@type\":\"BreadcrumbList\",\"@id\":\"https:\/\/news.filmelier.com\/br\/channing-tatum-e-tom-hardy-filme\/#breadcrumb\",\"itemListElement\":[{\"@type\":\"ListItem\",\"position\":1,\"name\":\"In\u00edcio\",\"item\":\"https:\/\/homolog.news.filmelier.com\/br\/\"},{\"@type\":\"ListItem\",\"position\":2,\"name\":\"Channing Tatum e Tom Hardy v\u00e3o estrelar filme sobre a retirada dos EUA do Afeganist\u00e3o\"}]},{\"@type\":\"WebSite\",\"@id\":\"https:\/\/homolog.news.filmelier.com\/br\/#website\",\"url\":\"https:\/\/homolog.news.filmelier.com\/br\/\",\"name\":\"Homolog Filmelier News Rankrup\",\"description\":\"\",\"publisher\":{\"@id\":\"https:\/\/homolog.news.filmelier.com\/br\/#organization\"},\"potentialAction\":[{\"@type\":\"SearchAction\",\"target\":{\"@type\":\"EntryPoint\",\"urlTemplate\":\"https:\/\/homolog.news.filmelier.com\/br\/?s={search_term_string}\"},\"query-input\":{\"@type\":\"PropertyValueSpecification\",\"valueRequired\":true,\"valueName\":\"search_term_string\"}}],\"inLanguage\":\"pt-BR\"},{\"@type\":\"Organization\",\"@id\":\"https:\/\/homolog.news.filmelier.com\/br\/#organization\",\"name\":\"Homolog Filmelier News Rankrup\",\"url\":\"https:\/\/homolog.news.filmelier.com\/br\/\",\"logo\":{\"@type\":\"ImageObject\",\"inLanguage\":\"pt-BR\",\"@id\":\"https:\/\/homolog.news.filmelier.com\/br\/#\/schema\/logo\/image\/\",\"url\":\"https:\/\/news.filmelier.com\/wp-content\/uploads\/2024\/11\/Logo-News.png\",\"contentUrl\":\"https:\/\/news.filmelier.com\/wp-content\/uploads\/2024\/11\/Logo-News.png\",\"width\":460,\"height\":108,\"caption\":\"Homolog Filmelier News Rankrup\"},\"image\":{\"@id\":\"https:\/\/homolog.news.filmelier.com\/br\/#\/schema\/logo\/image\/\"}},{\"@type\":\"Person\",\"@id\":\"https:\/\/homolog.news.filmelier.com\/br\/#\/schema\/person\/a6491aa555ce96d9d1cc15f1742dbd7b\",\"name\":\"Reda\u00e7\u00e3o Filmelier\",\"image\":{\"@type\":\"ImageObject\",\"inLanguage\":\"pt-BR\",\"@id\":\"https:\/\/homolog.news.filmelier.com\/br\/#\/schema\/person\/image\/\",\"url\":\"https:\/\/secure.gravatar.com\/avatar\/8bf80419447553f32d821a953683c4666faca8d781f143825a02644ae3f7e2d0?s=96&d=mm&r=g\",\"contentUrl\":\"https:\/\/secure.gravatar.com\/avatar\/8bf80419447553f32d821a953683c4666faca8d781f143825a02644ae3f7e2d0?s=96&d=mm&r=g\",\"caption\":\"Reda\u00e7\u00e3o Filmelier\"},\"description\":\"Somos um time de jornalistas e cr\u00edticos que respira cinema a 24 quadros por segundo. Das estreias do circuito aos cl\u00e1ssicos restaurados, da curadoria em streamings \u00e0s entrevistas nos bastidores, nossa reda\u00e7\u00e3o transforma filmes em conte\u00fado inteligente \u2014 com an\u00e1lises afiadas, guias pr\u00e1ticos e hist\u00f3rias que fazem voc\u00ea ver a s\u00e9tima arte com outros olhos. Aqui no Filmelier, cinema n\u00e3o \u00e9 s\u00f3 lazer: \u00e9 of\u00edcio, \u00e9 expertise, \u00e9 paix\u00e3o em forma de texto.\",\"url\":\"https:\/\/news.filmelier.com\/br\/author\/contato-filmelier\/\"}]}<\/script>\n<!-- \/ Yoast SEO plugin. -->","yoast_head_json":{"title":"Channing Tatum e Tom Hardy v\u00e3o estrelar filme sobre a retirada dos EUA do Afeganist\u00e3o - News Filmelier","robots":{"index":"index","follow":"follow","max-snippet":"max-snippet:-1","max-image-preview":"max-image-preview:large","max-video-preview":"max-video-preview:-1"},"canonical":"https:\/\/news.filmelier.com\/br\/channing-tatum-e-tom-hardy-filme\/","og_locale":"pt_BR","og_type":"article","og_title":"Channing Tatum e Tom Hardy v\u00e3o estrelar filme sobre a retirada dos EUA do Afeganist\u00e3o - News Filmelier","og_description":"O roteiro, ainda sem nome, foi adquirido pela Universal Pictures","og_url":"https:\/\/news.filmelier.com\/br\/channing-tatum-e-tom-hardy-filme\/","og_site_name":"News Filmelier","article_published_time":"2021-11-11T13:50:58+00:00","author":"Reda\u00e7\u00e3o Filmelier","twitter_card":"summary_large_image","twitter_misc":{"Escrito por":"Reda\u00e7\u00e3o Filmelier","Est. tempo de leitura":"1 minuto"},"schema":{"@context":"https:\/\/schema.org","@graph":[{"@type":"Article","@id":"https:\/\/news.filmelier.com\/br\/channing-tatum-e-tom-hardy-filme\/#article","isPartOf":{"@id":"https:\/\/news.filmelier.com\/br\/channing-tatum-e-tom-hardy-filme\/"},"author":{"name":"Reda\u00e7\u00e3o Filmelier","@id":"https:\/\/homolog.news.filmelier.com\/br\/#\/schema\/person\/a6491aa555ce96d9d1cc15f1742dbd7b"},"headline":"Channing Tatum e Tom Hardy v\u00e3o estrelar filme sobre a retirada dos EUA do Afeganist\u00e3o","datePublished":"2021-11-11T13:50:58+00:00","mainEntityOfPage":{"@id":"https:\/\/news.filmelier.com\/br\/channing-tatum-e-tom-hardy-filme\/"},"wordCount":197,"publisher":{"@id":"https:\/\/homolog.news.filmelier.com\/br\/#organization"},"image":{"@id":"https:\/\/news.filmelier.com\/br\/channing-tatum-e-tom-hardy-filme\/#primaryimage"},"thumbnailUrl":"","keywords":["A\u00e7\u00e3o","Channing Tatum","Guerra","Tom Hardy"],"articleSection":["Filmes"],"inLanguage":"pt-BR"},{"@type":"WebPage","@id":"https:\/\/news.filmelier.com\/br\/channing-tatum-e-tom-hardy-filme\/","url":"https:\/\/news.filmelier.com\/br\/channing-tatum-e-tom-hardy-filme\/","name":"Channing Tatum e Tom Hardy v\u00e3o estrelar filme sobre a retirada dos EUA do Afeganist\u00e3o - News Filmelier","isPartOf":{"@id":"https:\/\/homolog.news.filmelier.com\/br\/#website"},"primaryImageOfPage":{"@id":"https:\/\/news.filmelier.com\/br\/channing-tatum-e-tom-hardy-filme\/#primaryimage"},"image":{"@id":"https:\/\/news.filmelier.com\/br\/channing-tatum-e-tom-hardy-filme\/#primaryimage"},"thumbnailUrl":"","datePublished":"2021-11-11T13:50:58+00:00","breadcrumb":{"@id":"https:\/\/news.filmelier.com\/br\/channing-tatum-e-tom-hardy-filme\/#breadcrumb"},"inLanguage":"pt-BR","potentialAction":[{"@type":"ReadAction","target":["https:\/\/news.filmelier.com\/br\/channing-tatum-e-tom-hardy-filme\/"]}]},{"@type":"ImageObject","inLanguage":"pt-BR","@id":"https:\/\/news.filmelier.com\/br\/channing-tatum-e-tom-hardy-filme\/#primaryimage","url":"","contentUrl":""},{"@type":"BreadcrumbList","@id":"https:\/\/news.filmelier.com\/br\/channing-tatum-e-tom-hardy-filme\/#breadcrumb","itemListElement":[{"@type":"ListItem","position":1,"name":"In\u00edcio","item":"https:\/\/homolog.news.filmelier.com\/br\/"},{"@type":"ListItem","position":2,"name":"Channing Tatum e Tom Hardy v\u00e3o estrelar filme sobre a retirada dos EUA do Afeganist\u00e3o"}]},{"@type":"WebSite","@id":"https:\/\/homolog.news.filmelier.com\/br\/#website","url":"https:\/\/homolog.news.filmelier.com\/br\/","name":"Homolog Filmelier News Rankrup","description":"","publisher":{"@id":"https:\/\/homolog.news.filmelier.com\/br\/#organization"},"potentialAction":[{"@type":"SearchAction","target":{"@type":"EntryPoint","urlTemplate":"https:\/\/homolog.news.filmelier.com\/br\/?s={search_term_string}"},"query-input":{"@type":"PropertyValueSpecification","valueRequired":true,"valueName":"search_term_string"}}],"inLanguage":"pt-BR"},{"@type":"Organization","@id":"https:\/\/homolog.news.filmelier.com\/br\/#organization","name":"Homolog Filmelier News Rankrup","url":"https:\/\/homolog.news.filmelier.com\/br\/","logo":{"@type":"ImageObject","inLanguage":"pt-BR","@id":"https:\/\/homolog.news.filmelier.com\/br\/#\/schema\/logo\/image\/","url":"https:\/\/news.filmelier.com\/wp-content\/uploads\/2024\/11\/Logo-News.png","contentUrl":"https:\/\/news.filmelier.com\/wp-content\/uploads\/2024\/11\/Logo-News.png","width":460,"height":108,"caption":"Homolog Filmelier News Rankrup"},"image":{"@id":"https:\/\/homolog.news.filmelier.com\/br\/#\/schema\/logo\/image\/"}},{"@type":"Person","@id":"https:\/\/homolog.news.filmelier.com\/br\/#\/schema\/person\/a6491aa555ce96d9d1cc15f1742dbd7b","name":"Reda\u00e7\u00e3o Filmelier","image":{"@type":"ImageObject","inLanguage":"pt-BR","@id":"https:\/\/homolog.news.filmelier.com\/br\/#\/schema\/person\/image\/","url":"https:\/\/secure.gravatar.com\/avatar\/8bf80419447553f32d821a953683c4666faca8d781f143825a02644ae3f7e2d0?s=96&d=mm&r=g","contentUrl":"https:\/\/secure.gravatar.com\/avatar\/8bf80419447553f32d821a953683c4666faca8d781f143825a02644ae3f7e2d0?s=96&d=mm&r=g","caption":"Reda\u00e7\u00e3o Filmelier"},"description":"Somos um time de jornalistas e cr\u00edticos que respira cinema a 24 quadros por segundo. Das estreias do circuito aos cl\u00e1ssicos restaurados, da curadoria em streamings \u00e0s entrevistas nos bastidores, nossa reda\u00e7\u00e3o transforma filmes em conte\u00fado inteligente \u2014 com an\u00e1lises afiadas, guias pr\u00e1ticos e hist\u00f3rias que fazem voc\u00ea ver a s\u00e9tima arte com outros olhos. Aqui no Filmelier, cinema n\u00e3o \u00e9 s\u00f3 lazer: \u00e9 of\u00edcio, \u00e9 expertise, \u00e9 paix\u00e3o em forma de texto.","url":"https:\/\/news.filmelier.com\/br\/author\/contato-filmelier\/"}]}},"_links":{"self":[{"href":"https:\/\/news.filmelier.com\/br\/wp-json\/wp\/v2\/posts\/21605","targetHints":{"allow":["GET"]}}],"collection":[{"href":"https:\/\/news.filmelier.com\/br\/wp-json\/wp\/v2\/posts"}],"about":[{"href":"https:\/\/news.filmelier.com\/br\/wp-json\/wp\/v2\/types\/post"}],"author":[{"embeddable":true,"href":"https:\/\/news.filmelier.com\/br\/wp-json\/wp\/v2\/users\/14"}],"replies":[{"embeddable":true,"href":"https:\/\/news.filmelier.com\/br\/wp-json\/wp\/v2\/comments?post=21605"}],"version-history":[{"count":0,"href":"https:\/\/news.filmelier.com\/br\/wp-json\/wp\/v2\/posts\/21605\/revisions"}],"wp:featuredmedia":[{"embeddable":true,"href":"https:\/\/news.filmelier.com\/br\/wp-json\/"}],"wp:attachment":[{"href":"https:\/\/news.filmelier.com\/br\/wp-json\/wp\/v2\/media?parent=21605"}],"wp:term":[{"taxonomy":"category","embeddable":true,"href":"https:\/\/news.filmelier.com\/br\/wp-json\/wp\/v2\/categories?post=21605"},{"taxonomy":"post_tag","embeddable":true,"href":"https:\/\/news.filmelier.com\/br\/wp-json\/wp\/v2\/tags?post=21605"}],"curies":[{"name":"wp","href":"https:\/\/api.w.org\/{rel}","templated":true}]}}