{"id":21505,"date":"2021-11-09T18:58:42","date_gmt":"2021-11-09T21:58:42","guid":{"rendered":"https:\/\/www.filmelier.com\/br\/noticias\/?p=21505"},"modified":"2021-11-09T18:58:42","modified_gmt":"2021-11-09T21:58:42","slug":"barraco-de-familia-video-bastidores","status":"publish","type":"post","link":"https:\/\/news.filmelier.com\/br\/barraco-de-familia-video-bastidores\/","title":{"rendered":"&#8216;Barraco de Fam\u00edlia&#8217;: veja o v\u00eddeo de bastidores do filme com Cacau Prot\u00e1sio, P\u00e9ricles e Sandra de S\u00e1"},"content":{"rendered":"\n<p>Conflitos e afetos que fazem parte da rotina de todos \u00e9 o tema central da nova com\u00e9dia nacional, &#8216;Barraco de Fam\u00edlia&#8217;, produzido pela Santa Rita Filmes. No elenco do longa est\u00e3o nomes como Cacau Prot\u00e1sio (\u2018Vai Que Cola\u2019), Lell\u00ea (\u2018Totalmente Demais\u2019), Sandra de S\u00e1 (que dispensa apresenta\u00e7\u00f5es), Jennifer Nascimento (\u2018Pega Pega\u2019) e Robson Nunes (\u2018<a href=\"https:\/\/www.filmelier.com\/br\/film\/1090\/tim-maia\" target=\"_blank\" rel=\"noreferrer noopener\">Tim Maia<\/a>\u2018). O cantor P\u00e9ricles, Hugo Gloss e Nany People tamb\u00e9m fazem participa\u00e7\u00f5es na produ\u00e7\u00e3o. A dire\u00e7\u00e3o \u00e9 de Maur\u00edcio E\u00e7a, de \u2018<a href=\"https:\/\/www.filmelier.com\/br\/film\/16537\/a-menina-que-matou-os-pais\" target=\"_blank\" rel=\"noreferrer noopener\">A Menina Que Matou os Pais<\/a>\u2018.<\/p>\n\n\n\n<ul class=\"wp-block-list\"><li> <strong>Leia tamb\u00e9m: <a href=\"https:\/\/www.filmelier.com\/br\/noticias\/sofa-digital-anuncia-sofa-capital\" target=\"_blank\" rel=\"noreferrer noopener\">Sofa Digital anuncia gestora de fundos para ampliar filmes no cinemas e no streaming da Am\u00e9rica Latina<\/a><\/strong> <\/li><\/ul>\n\n\n\n<p>Prot\u00e1sio participou ao vivo do Sof\u00e1 Day \u2013  evento com imprensa e convidados para divulgar pr\u00f3xima leva de filmes do grupo Sofa Digital, que lan\u00e7ar\u00e1 o longa &#8211; e deu mais detalhes do clima da hist\u00f3ria. \u201cNossa fam\u00edlia \u00e9 maravilhosa, nossa fam\u00edlia \u00e9 linda, amorosa. A nossa fam\u00edlia \u00e9 um barraco. Na nossa fam\u00edlia ningu\u00e9m solta a m\u00e3o de ningu\u00e9m e eu acho que o nosso filme vai fazer muito sucesso porque ali tem identifica\u00e7\u00e3o. Eu amei muito estar ali naquele n\u00facleo\u201d. <\/p>\n\n\n\n<p>No evento, foi divulgado um v\u00eddeo exclusivo dos bastidores da produ\u00e7\u00e3o. <\/p>\n\n\n\n<figure class=\"wp-block-embed is-type-video is-provider-youtube wp-block-embed-youtube wp-embed-aspect-16-9 wp-has-aspect-ratio\"><div class=\"wp-block-embed__wrapper\">\n<iframe title=\"Barraco de Fam\u00edlia - Clipe Sofa Day [HD] - 2023 - Com\u00e9dia | Filmelier\" width=\"800\" height=\"450\" src=\"https:\/\/www.youtube.com\/embed\/Uy72vUJMiPE?feature=oembed\" frameborder=\"0\" allow=\"accelerometer; autoplay; clipboard-write; encrypted-media; gyroscope; picture-in-picture; web-share\" referrerpolicy=\"strict-origin-when-cross-origin\" allowfullscreen><\/iframe>\n<\/div><\/figure>\n\n\n\n\n\n<p>A produ\u00e7\u00e3o chega nas plataformas de streaming e tamb\u00e9m aos cinemas do Brasil em 2022.<\/p>\n\n\n\n<p>A Sofa Digital realizou nesta ter\u00e7a-feira, 9, um evento com imprensa e convidados \u2013 o chamado Sofa Day \u2013 para divulgar pr\u00f3xima leva de filmes do grupo, incluindo nomes conhecidos do p\u00fablico e da internet como Luccas Neto, Cacau Prot\u00e1sio, Sophia Valverde, Lorena Queiroz e Ronaldo Azevedo \u2013 o Gato Gal\u00e1ctico do YouTube. Juntos, s\u00e3o nomes com milh\u00f5es de inscritos e bilh\u00f5es de views no YouTube, e outros milh\u00f5es de seguidores nas redes sociais.<\/p>\n\n\n\n<p><strong><a href=\"https:\/\/www.filmelier.com\/br\/noticias\/sofa-digital-luccas-neto-gato-galactico\" target=\"_blank\" rel=\"noreferrer noopener\">Confira tudo o que rolou no Sofa Day.<\/a><\/strong> <\/p>\n\n\n\n<p class=\"has-text-align-center\"><strong>Siga o Filmelier no&nbsp;<a rel=\"noreferrer noopener\" href=\"https:\/\/www.facebook.com\/filmelierbr\" target=\"_blank\">Facebook<\/a>,&nbsp;<a rel=\"noreferrer noopener\" href=\"https:\/\/www.twitter.com\/filmelierbr\" target=\"_blank\">Twitter<\/a>&nbsp;e&nbsp;<a rel=\"noreferrer noopener\" href=\"https:\/\/www.instagram.com\/filmelierbr\" target=\"_blank\">Instagram<\/a>.<\/strong><\/p>\n","protected":false},"excerpt":{"rendered":"<p>A com\u00e9dia nacional chegar\u00e1 no streaming e no cinema em 2022<\/p>\n","protected":false},"author":14,"featured_media":21246,"comment_status":"closed","ping_status":"open","sticky":false,"template":"","format":"standard","meta":{"_acf_changed":false,"footnotes":""},"categories":[3482],"tags":[9977,5853,9978,9974,6222],"class_list":["post-21505","post","type-post","status-publish","format-standard","has-post-thumbnail","hentry","category-filmes-br","tag-barraco-de-familia","tag-bastidores-br","tag-cacau-protasio","tag-sofa-day","tag-sofa-digital"],"acf":{"subtitulo":"","id_ator":""},"yoast_head":"<!-- This site is optimized with the Yoast SEO plugin v26.1.1 - https:\/\/yoast.com\/wordpress\/plugins\/seo\/ -->\n<title>&#039;Barraco de Fam\u00edlia&#039;: veja o v\u00eddeo de bastidores do filme com Cacau Prot\u00e1sio, P\u00e9ricles e Sandra de S\u00e1 - News Filmelier<\/title>\n<meta name=\"robots\" content=\"index, follow, max-snippet:-1, max-image-preview:large, max-video-preview:-1\" \/>\n<link rel=\"canonical\" href=\"https:\/\/news.filmelier.com\/br\/barraco-de-familia-video-bastidores\/\" \/>\n<meta property=\"og:locale\" content=\"pt_BR\" \/>\n<meta property=\"og:type\" content=\"article\" \/>\n<meta property=\"og:title\" content=\"&#039;Barraco de Fam\u00edlia&#039;: veja o v\u00eddeo de bastidores do filme com Cacau Prot\u00e1sio, P\u00e9ricles e Sandra de S\u00e1 - News Filmelier\" \/>\n<meta property=\"og:description\" content=\"A com\u00e9dia nacional chegar\u00e1 no streaming e no cinema em 2022\" \/>\n<meta property=\"og:url\" content=\"https:\/\/news.filmelier.com\/br\/barraco-de-familia-video-bastidores\/\" \/>\n<meta property=\"og:site_name\" content=\"News Filmelier\" \/>\n<meta property=\"article:published_time\" content=\"2021-11-09T21:58:42+00:00\" \/>\n<meta property=\"og:image\" content=\"https:\/\/homolog.news.filmelier.com\/wp-content\/uploads\/2021\/11\/Barraco-de-Familila.jpg\" \/>\n\t<meta property=\"og:image:width\" content=\"1280\" \/>\n\t<meta property=\"og:image:height\" content=\"854\" \/>\n\t<meta property=\"og:image:type\" content=\"image\/jpeg\" \/>\n<meta name=\"author\" content=\"Reda\u00e7\u00e3o Filmelier\" \/>\n<meta name=\"twitter:card\" content=\"summary_large_image\" \/>\n<meta name=\"twitter:label1\" content=\"Escrito por\" \/>\n\t<meta name=\"twitter:data1\" content=\"Reda\u00e7\u00e3o Filmelier\" \/>\n\t<meta name=\"twitter:label2\" content=\"Est. tempo de leitura\" \/>\n\t<meta name=\"twitter:data2\" content=\"2 minutos\" \/>\n<script type=\"application\/ld+json\" class=\"yoast-schema-graph\">{\"@context\":\"https:\/\/schema.org\",\"@graph\":[{\"@type\":\"Article\",\"@id\":\"https:\/\/news.filmelier.com\/br\/barraco-de-familia-video-bastidores\/#article\",\"isPartOf\":{\"@id\":\"https:\/\/news.filmelier.com\/br\/barraco-de-familia-video-bastidores\/\"},\"author\":{\"name\":\"Reda\u00e7\u00e3o Filmelier\",\"@id\":\"https:\/\/homolog.news.filmelier.com\/br\/#\/schema\/person\/a6491aa555ce96d9d1cc15f1742dbd7b\"},\"headline\":\"&#8216;Barraco de Fam\u00edlia&#8217;: veja o v\u00eddeo de bastidores do filme com Cacau Prot\u00e1sio, P\u00e9ricles e Sandra de S\u00e1\",\"datePublished\":\"2021-11-09T21:58:42+00:00\",\"mainEntityOfPage\":{\"@id\":\"https:\/\/news.filmelier.com\/br\/barraco-de-familia-video-bastidores\/\"},\"wordCount\":362,\"publisher\":{\"@id\":\"https:\/\/homolog.news.filmelier.com\/br\/#organization\"},\"image\":{\"@id\":\"https:\/\/news.filmelier.com\/br\/barraco-de-familia-video-bastidores\/#primaryimage\"},\"thumbnailUrl\":\"https:\/\/news.filmelier.com\/wp-content\/uploads\/2021\/11\/Barraco-de-Familila.jpg\",\"keywords\":[\"Barraco de Fam\u00edlia\",\"bastidores\",\"Cacau Prot\u00e1sio\",\"Sofa Day\",\"Sofa Digital\"],\"articleSection\":[\"Filmes\"],\"inLanguage\":\"pt-BR\"},{\"@type\":\"WebPage\",\"@id\":\"https:\/\/news.filmelier.com\/br\/barraco-de-familia-video-bastidores\/\",\"url\":\"https:\/\/news.filmelier.com\/br\/barraco-de-familia-video-bastidores\/\",\"name\":\"'Barraco de Fam\u00edlia': veja o v\u00eddeo de bastidores do filme com Cacau Prot\u00e1sio, P\u00e9ricles e Sandra de S\u00e1 - News Filmelier\",\"isPartOf\":{\"@id\":\"https:\/\/homolog.news.filmelier.com\/br\/#website\"},\"primaryImageOfPage\":{\"@id\":\"https:\/\/news.filmelier.com\/br\/barraco-de-familia-video-bastidores\/#primaryimage\"},\"image\":{\"@id\":\"https:\/\/news.filmelier.com\/br\/barraco-de-familia-video-bastidores\/#primaryimage\"},\"thumbnailUrl\":\"https:\/\/news.filmelier.com\/wp-content\/uploads\/2021\/11\/Barraco-de-Familila.jpg\",\"datePublished\":\"2021-11-09T21:58:42+00:00\",\"breadcrumb\":{\"@id\":\"https:\/\/news.filmelier.com\/br\/barraco-de-familia-video-bastidores\/#breadcrumb\"},\"inLanguage\":\"pt-BR\",\"potentialAction\":[{\"@type\":\"ReadAction\",\"target\":[\"https:\/\/news.filmelier.com\/br\/barraco-de-familia-video-bastidores\/\"]}]},{\"@type\":\"ImageObject\",\"inLanguage\":\"pt-BR\",\"@id\":\"https:\/\/news.filmelier.com\/br\/barraco-de-familia-video-bastidores\/#primaryimage\",\"url\":\"https:\/\/news.filmelier.com\/wp-content\/uploads\/2021\/11\/Barraco-de-Familila.jpg\",\"contentUrl\":\"https:\/\/news.filmelier.com\/wp-content\/uploads\/2021\/11\/Barraco-de-Familila.jpg\",\"width\":1280,\"height\":854,\"caption\":\"Cena do filme Barraco de Fam\u00edlia\"},{\"@type\":\"BreadcrumbList\",\"@id\":\"https:\/\/news.filmelier.com\/br\/barraco-de-familia-video-bastidores\/#breadcrumb\",\"itemListElement\":[{\"@type\":\"ListItem\",\"position\":1,\"name\":\"In\u00edcio\",\"item\":\"https:\/\/homolog.news.filmelier.com\/br\/\"},{\"@type\":\"ListItem\",\"position\":2,\"name\":\"&#8216;Barraco de Fam\u00edlia&#8217;: veja o v\u00eddeo de bastidores do filme com Cacau Prot\u00e1sio, P\u00e9ricles e Sandra de S\u00e1\"}]},{\"@type\":\"WebSite\",\"@id\":\"https:\/\/homolog.news.filmelier.com\/br\/#website\",\"url\":\"https:\/\/homolog.news.filmelier.com\/br\/\",\"name\":\"Homolog Filmelier News Rankrup\",\"description\":\"\",\"publisher\":{\"@id\":\"https:\/\/homolog.news.filmelier.com\/br\/#organization\"},\"potentialAction\":[{\"@type\":\"SearchAction\",\"target\":{\"@type\":\"EntryPoint\",\"urlTemplate\":\"https:\/\/homolog.news.filmelier.com\/br\/?s={search_term_string}\"},\"query-input\":{\"@type\":\"PropertyValueSpecification\",\"valueRequired\":true,\"valueName\":\"search_term_string\"}}],\"inLanguage\":\"pt-BR\"},{\"@type\":\"Organization\",\"@id\":\"https:\/\/homolog.news.filmelier.com\/br\/#organization\",\"name\":\"Homolog Filmelier News Rankrup\",\"url\":\"https:\/\/homolog.news.filmelier.com\/br\/\",\"logo\":{\"@type\":\"ImageObject\",\"inLanguage\":\"pt-BR\",\"@id\":\"https:\/\/homolog.news.filmelier.com\/br\/#\/schema\/logo\/image\/\",\"url\":\"https:\/\/news.filmelier.com\/wp-content\/uploads\/2024\/11\/Logo-News.png\",\"contentUrl\":\"https:\/\/news.filmelier.com\/wp-content\/uploads\/2024\/11\/Logo-News.png\",\"width\":460,\"height\":108,\"caption\":\"Homolog Filmelier News Rankrup\"},\"image\":{\"@id\":\"https:\/\/homolog.news.filmelier.com\/br\/#\/schema\/logo\/image\/\"}},{\"@type\":\"Person\",\"@id\":\"https:\/\/homolog.news.filmelier.com\/br\/#\/schema\/person\/a6491aa555ce96d9d1cc15f1742dbd7b\",\"name\":\"Reda\u00e7\u00e3o Filmelier\",\"image\":{\"@type\":\"ImageObject\",\"inLanguage\":\"pt-BR\",\"@id\":\"https:\/\/homolog.news.filmelier.com\/br\/#\/schema\/person\/image\/\",\"url\":\"https:\/\/secure.gravatar.com\/avatar\/8bf80419447553f32d821a953683c4666faca8d781f143825a02644ae3f7e2d0?s=96&d=mm&r=g\",\"contentUrl\":\"https:\/\/secure.gravatar.com\/avatar\/8bf80419447553f32d821a953683c4666faca8d781f143825a02644ae3f7e2d0?s=96&d=mm&r=g\",\"caption\":\"Reda\u00e7\u00e3o Filmelier\"},\"description\":\"Somos um time de jornalistas e cr\u00edticos que respira cinema a 24 quadros por segundo. Das estreias do circuito aos cl\u00e1ssicos restaurados, da curadoria em streamings \u00e0s entrevistas nos bastidores, nossa reda\u00e7\u00e3o transforma filmes em conte\u00fado inteligente \u2014 com an\u00e1lises afiadas, guias pr\u00e1ticos e hist\u00f3rias que fazem voc\u00ea ver a s\u00e9tima arte com outros olhos. Aqui no Filmelier, cinema n\u00e3o \u00e9 s\u00f3 lazer: \u00e9 of\u00edcio, \u00e9 expertise, \u00e9 paix\u00e3o em forma de texto.\",\"url\":\"https:\/\/news.filmelier.com\/br\/author\/contato-filmelier\/\"}]}<\/script>\n<!-- \/ Yoast SEO plugin. -->","yoast_head_json":{"title":"'Barraco de Fam\u00edlia': veja o v\u00eddeo de bastidores do filme com Cacau Prot\u00e1sio, P\u00e9ricles e Sandra de S\u00e1 - News Filmelier","robots":{"index":"index","follow":"follow","max-snippet":"max-snippet:-1","max-image-preview":"max-image-preview:large","max-video-preview":"max-video-preview:-1"},"canonical":"https:\/\/news.filmelier.com\/br\/barraco-de-familia-video-bastidores\/","og_locale":"pt_BR","og_type":"article","og_title":"'Barraco de Fam\u00edlia': veja o v\u00eddeo de bastidores do filme com Cacau Prot\u00e1sio, P\u00e9ricles e Sandra de S\u00e1 - News Filmelier","og_description":"A com\u00e9dia nacional chegar\u00e1 no streaming e no cinema em 2022","og_url":"https:\/\/news.filmelier.com\/br\/barraco-de-familia-video-bastidores\/","og_site_name":"News Filmelier","article_published_time":"2021-11-09T21:58:42+00:00","og_image":[{"width":1280,"height":854,"url":"https:\/\/homolog.news.filmelier.com\/wp-content\/uploads\/2021\/11\/Barraco-de-Familila.jpg","type":"image\/jpeg"}],"author":"Reda\u00e7\u00e3o Filmelier","twitter_card":"summary_large_image","twitter_misc":{"Escrito por":"Reda\u00e7\u00e3o Filmelier","Est. tempo de leitura":"2 minutos"},"schema":{"@context":"https:\/\/schema.org","@graph":[{"@type":"Article","@id":"https:\/\/news.filmelier.com\/br\/barraco-de-familia-video-bastidores\/#article","isPartOf":{"@id":"https:\/\/news.filmelier.com\/br\/barraco-de-familia-video-bastidores\/"},"author":{"name":"Reda\u00e7\u00e3o Filmelier","@id":"https:\/\/homolog.news.filmelier.com\/br\/#\/schema\/person\/a6491aa555ce96d9d1cc15f1742dbd7b"},"headline":"&#8216;Barraco de Fam\u00edlia&#8217;: veja o v\u00eddeo de bastidores do filme com Cacau Prot\u00e1sio, P\u00e9ricles e Sandra de S\u00e1","datePublished":"2021-11-09T21:58:42+00:00","mainEntityOfPage":{"@id":"https:\/\/news.filmelier.com\/br\/barraco-de-familia-video-bastidores\/"},"wordCount":362,"publisher":{"@id":"https:\/\/homolog.news.filmelier.com\/br\/#organization"},"image":{"@id":"https:\/\/news.filmelier.com\/br\/barraco-de-familia-video-bastidores\/#primaryimage"},"thumbnailUrl":"https:\/\/news.filmelier.com\/wp-content\/uploads\/2021\/11\/Barraco-de-Familila.jpg","keywords":["Barraco de Fam\u00edlia","bastidores","Cacau Prot\u00e1sio","Sofa Day","Sofa Digital"],"articleSection":["Filmes"],"inLanguage":"pt-BR"},{"@type":"WebPage","@id":"https:\/\/news.filmelier.com\/br\/barraco-de-familia-video-bastidores\/","url":"https:\/\/news.filmelier.com\/br\/barraco-de-familia-video-bastidores\/","name":"'Barraco de Fam\u00edlia': veja o v\u00eddeo de bastidores do filme com Cacau Prot\u00e1sio, P\u00e9ricles e Sandra de S\u00e1 - News Filmelier","isPartOf":{"@id":"https:\/\/homolog.news.filmelier.com\/br\/#website"},"primaryImageOfPage":{"@id":"https:\/\/news.filmelier.com\/br\/barraco-de-familia-video-bastidores\/#primaryimage"},"image":{"@id":"https:\/\/news.filmelier.com\/br\/barraco-de-familia-video-bastidores\/#primaryimage"},"thumbnailUrl":"https:\/\/news.filmelier.com\/wp-content\/uploads\/2021\/11\/Barraco-de-Familila.jpg","datePublished":"2021-11-09T21:58:42+00:00","breadcrumb":{"@id":"https:\/\/news.filmelier.com\/br\/barraco-de-familia-video-bastidores\/#breadcrumb"},"inLanguage":"pt-BR","potentialAction":[{"@type":"ReadAction","target":["https:\/\/news.filmelier.com\/br\/barraco-de-familia-video-bastidores\/"]}]},{"@type":"ImageObject","inLanguage":"pt-BR","@id":"https:\/\/news.filmelier.com\/br\/barraco-de-familia-video-bastidores\/#primaryimage","url":"https:\/\/news.filmelier.com\/wp-content\/uploads\/2021\/11\/Barraco-de-Familila.jpg","contentUrl":"https:\/\/news.filmelier.com\/wp-content\/uploads\/2021\/11\/Barraco-de-Familila.jpg","width":1280,"height":854,"caption":"Cena do filme Barraco de Fam\u00edlia"},{"@type":"BreadcrumbList","@id":"https:\/\/news.filmelier.com\/br\/barraco-de-familia-video-bastidores\/#breadcrumb","itemListElement":[{"@type":"ListItem","position":1,"name":"In\u00edcio","item":"https:\/\/homolog.news.filmelier.com\/br\/"},{"@type":"ListItem","position":2,"name":"&#8216;Barraco de Fam\u00edlia&#8217;: veja o v\u00eddeo de bastidores do filme com Cacau Prot\u00e1sio, P\u00e9ricles e Sandra de S\u00e1"}]},{"@type":"WebSite","@id":"https:\/\/homolog.news.filmelier.com\/br\/#website","url":"https:\/\/homolog.news.filmelier.com\/br\/","name":"Homolog Filmelier News Rankrup","description":"","publisher":{"@id":"https:\/\/homolog.news.filmelier.com\/br\/#organization"},"potentialAction":[{"@type":"SearchAction","target":{"@type":"EntryPoint","urlTemplate":"https:\/\/homolog.news.filmelier.com\/br\/?s={search_term_string}"},"query-input":{"@type":"PropertyValueSpecification","valueRequired":true,"valueName":"search_term_string"}}],"inLanguage":"pt-BR"},{"@type":"Organization","@id":"https:\/\/homolog.news.filmelier.com\/br\/#organization","name":"Homolog Filmelier News Rankrup","url":"https:\/\/homolog.news.filmelier.com\/br\/","logo":{"@type":"ImageObject","inLanguage":"pt-BR","@id":"https:\/\/homolog.news.filmelier.com\/br\/#\/schema\/logo\/image\/","url":"https:\/\/news.filmelier.com\/wp-content\/uploads\/2024\/11\/Logo-News.png","contentUrl":"https:\/\/news.filmelier.com\/wp-content\/uploads\/2024\/11\/Logo-News.png","width":460,"height":108,"caption":"Homolog Filmelier News Rankrup"},"image":{"@id":"https:\/\/homolog.news.filmelier.com\/br\/#\/schema\/logo\/image\/"}},{"@type":"Person","@id":"https:\/\/homolog.news.filmelier.com\/br\/#\/schema\/person\/a6491aa555ce96d9d1cc15f1742dbd7b","name":"Reda\u00e7\u00e3o Filmelier","image":{"@type":"ImageObject","inLanguage":"pt-BR","@id":"https:\/\/homolog.news.filmelier.com\/br\/#\/schema\/person\/image\/","url":"https:\/\/secure.gravatar.com\/avatar\/8bf80419447553f32d821a953683c4666faca8d781f143825a02644ae3f7e2d0?s=96&d=mm&r=g","contentUrl":"https:\/\/secure.gravatar.com\/avatar\/8bf80419447553f32d821a953683c4666faca8d781f143825a02644ae3f7e2d0?s=96&d=mm&r=g","caption":"Reda\u00e7\u00e3o Filmelier"},"description":"Somos um time de jornalistas e cr\u00edticos que respira cinema a 24 quadros por segundo. Das estreias do circuito aos cl\u00e1ssicos restaurados, da curadoria em streamings \u00e0s entrevistas nos bastidores, nossa reda\u00e7\u00e3o transforma filmes em conte\u00fado inteligente \u2014 com an\u00e1lises afiadas, guias pr\u00e1ticos e hist\u00f3rias que fazem voc\u00ea ver a s\u00e9tima arte com outros olhos. Aqui no Filmelier, cinema n\u00e3o \u00e9 s\u00f3 lazer: \u00e9 of\u00edcio, \u00e9 expertise, \u00e9 paix\u00e3o em forma de texto.","url":"https:\/\/news.filmelier.com\/br\/author\/contato-filmelier\/"}]}},"_links":{"self":[{"href":"https:\/\/news.filmelier.com\/br\/wp-json\/wp\/v2\/posts\/21505","targetHints":{"allow":["GET"]}}],"collection":[{"href":"https:\/\/news.filmelier.com\/br\/wp-json\/wp\/v2\/posts"}],"about":[{"href":"https:\/\/news.filmelier.com\/br\/wp-json\/wp\/v2\/types\/post"}],"author":[{"embeddable":true,"href":"https:\/\/news.filmelier.com\/br\/wp-json\/wp\/v2\/users\/14"}],"replies":[{"embeddable":true,"href":"https:\/\/news.filmelier.com\/br\/wp-json\/wp\/v2\/comments?post=21505"}],"version-history":[{"count":0,"href":"https:\/\/news.filmelier.com\/br\/wp-json\/wp\/v2\/posts\/21505\/revisions"}],"wp:featuredmedia":[{"embeddable":true,"href":"https:\/\/news.filmelier.com\/br\/wp-json\/wp\/v2\/media\/21246"}],"wp:attachment":[{"href":"https:\/\/news.filmelier.com\/br\/wp-json\/wp\/v2\/media?parent=21505"}],"wp:term":[{"taxonomy":"category","embeddable":true,"href":"https:\/\/news.filmelier.com\/br\/wp-json\/wp\/v2\/categories?post=21505"},{"taxonomy":"post_tag","embeddable":true,"href":"https:\/\/news.filmelier.com\/br\/wp-json\/wp\/v2\/tags?post=21505"}],"curies":[{"name":"wp","href":"https:\/\/api.w.org\/{rel}","templated":true}]}}