{"id":21488,"date":"2021-11-09T20:21:14","date_gmt":"2021-11-09T23:21:14","guid":{"rendered":"https:\/\/www.filmelier.com\/br\/noticias\/?p=21488"},"modified":"2021-11-09T20:21:14","modified_gmt":"2021-11-09T23:21:14","slug":"gato-galactico-filme-trailer","status":"publish","type":"post","link":"https:\/\/news.filmelier.com\/br\/gato-galactico-filme-trailer\/","title":{"rendered":"Gato Gal\u00e1ctico vai virar filme: assista ao teaser de &#8216;Acampamento Intergal\u00e1ctico&#8217;"},"content":{"rendered":"\n<p>Ronaldo Azevedo, creator popularmente conhecido como Gato Gal\u00e1ctico, se prepara para lan\u00e7ar o seu primeiro filme: &#8216;Acampamento Intergal\u00e1ctico\u2019. O influenciador, que acumula mais de 14 milh\u00f5es de inscritos em seu canal no YouTube &#8211; protagonizar\u00e1 o longa-metragem, que ser\u00e1 uma narrativa de fic\u00e7\u00e3o cient\u00edfica, aventura e fam\u00edlia.<\/p>\n\n\n\n<ul class=\"wp-block-list\"><li> <strong>Leia tamb\u00e9m: <a href=\"https:\/\/www.filmelier.com\/br\/noticias\/sofa-digital-anuncia-sofa-capital\" target=\"_blank\" rel=\"noreferrer noopener\">Sofa Digital anuncia gestora de fundos para ampliar filmes no cinemas e no streaming da Am\u00e9rica Latina<\/a><\/strong> <\/li><\/ul>\n\n\n\n<p>\u201cO \u2018Acampamento Intergal\u00e1ctico\u2019 \u00e9 um filme feito com muito carinho e eu estou muito feliz que eu fechei essa parceria\u201d, contou o criador de conte\u00fado em depoimento no evento Sofa Day &#8211;  evento com imprensa e convidados para divulgar pr\u00f3xima leva de filmes do grupo Sofa Digital. <\/p>\n\n\n\n<p> Abaixo, confira o primeiro teaser de \u2018Acampamento Intergal\u00e1ctico\u2019, que chega ao streaming em 2022:  <\/p>\n\n\n\n<figure class=\"wp-block-embed is-type-video is-provider-youtube wp-block-embed-youtube wp-embed-aspect-16-9 wp-has-aspect-ratio\"><div class=\"wp-block-embed__wrapper\">\n<iframe title=\"Acampamento Intergal\u00e1ctico - Com: Gato Gal\u00e1ctico - Clipe Sofa Day [HD] - 2022 - com\u00e9dia sci-fi\" width=\"800\" height=\"450\" src=\"https:\/\/www.youtube.com\/embed\/fjiW1pgcec8?feature=oembed\" frameborder=\"0\" allow=\"accelerometer; autoplay; clipboard-write; encrypted-media; gyroscope; picture-in-picture; web-share\" referrerpolicy=\"strict-origin-when-cross-origin\" allowfullscreen><\/iframe>\n<\/div><\/figure>\n\n\n\n\n\n<p>A Sofa Digital realizou nesta ter\u00e7a-feira, 9, um evento com imprensa e convidados \u2013 o chamado Sofa Day \u2013 para divulgar pr\u00f3xima leva de filmes do grupo, incluindo nomes conhecidos do p\u00fablico e da internet como Luccas Neto, Cacau Prot\u00e1sio, Sophia Valverde, Lorena Queiroz e Ronaldo Azevedo \u2013 o Gato Gal\u00e1ctico do YouTube. Juntos, s\u00e3o nomes com milh\u00f5es de inscritos e bilh\u00f5es de views no YouTube, e outros milh\u00f5es de seguidores nas redes sociais.<\/p>\n\n\n\n<p><strong><a href=\"https:\/\/www.filmelier.com\/br\/noticias\/sofa-digital-luccas-neto-gato-galactico\" target=\"_blank\" rel=\"noreferrer noopener\">Confira tudo o que rolou no Sofa Day.<\/a><\/strong> <\/p>\n\n\n\n<p>At\u00e9 o momento, a data de lan\u00e7amento de &#8216;Acampamento Intergal\u00e1ctico&#8217; ainda ser\u00e1 anunciada.<\/p>\n\n\n\n<p class=\"has-text-align-center\"><strong>Siga o Filmelier no&nbsp;<a rel=\"noreferrer noopener\" href=\"https:\/\/www.facebook.com\/filmelierbr\" target=\"_blank\">Facebook<\/a>,&nbsp;<a rel=\"noreferrer noopener\" href=\"https:\/\/www.twitter.com\/filmelierbr\" target=\"_blank\">Twitter<\/a>&nbsp;e&nbsp;<a rel=\"noreferrer noopener\" href=\"https:\/\/www.instagram.com\/filmelierbr\" target=\"_blank\">Instagram<\/a>.<\/strong><\/p>\n","protected":false},"excerpt":{"rendered":"<p>Ronaldo Souza, famoso no YouTybe como o Gato Gal\u00e1ctico, se prepara para lan\u00e7ar o seu primeiro longa-metragem no streaming<\/p>\n","protected":false},"author":14,"featured_media":21431,"comment_status":"closed","ping_status":"open","sticky":false,"template":"","format":"standard","meta":{"_acf_changed":false,"footnotes":""},"categories":[3482],"tags":[9720,9721,4080],"class_list":["post-21488","post","type-post","status-publish","format-standard","has-post-thumbnail","hentry","category-filmes-br","tag-acampamento-intergalactico","tag-gato-galactico","tag-trailer-br"],"acf":{"subtitulo":"","id_ator":""},"yoast_head":"<!-- This site is optimized with the Yoast SEO plugin v26.1.1 - https:\/\/yoast.com\/wordpress\/plugins\/seo\/ -->\n<title>Gato Gal\u00e1ctico vai virar filme: assista ao teaser de &#039;Acampamento Intergal\u00e1ctico&#039; - News Filmelier<\/title>\n<meta name=\"robots\" content=\"index, follow, max-snippet:-1, max-image-preview:large, max-video-preview:-1\" \/>\n<link rel=\"canonical\" href=\"https:\/\/news.filmelier.com\/br\/gato-galactico-filme-trailer\/\" \/>\n<meta property=\"og:locale\" content=\"pt_BR\" \/>\n<meta property=\"og:type\" content=\"article\" \/>\n<meta property=\"og:title\" content=\"Gato Gal\u00e1ctico vai virar filme: assista ao teaser de &#039;Acampamento Intergal\u00e1ctico&#039; - News Filmelier\" \/>\n<meta property=\"og:description\" content=\"Ronaldo Souza, famoso no YouTybe como o Gato Gal\u00e1ctico, se prepara para lan\u00e7ar o seu primeiro longa-metragem no streaming\" \/>\n<meta property=\"og:url\" content=\"https:\/\/news.filmelier.com\/br\/gato-galactico-filme-trailer\/\" \/>\n<meta property=\"og:site_name\" content=\"News Filmelier\" \/>\n<meta property=\"article:published_time\" content=\"2021-11-09T23:21:14+00:00\" \/>\n<meta name=\"author\" content=\"Reda\u00e7\u00e3o Filmelier\" \/>\n<meta name=\"twitter:card\" content=\"summary_large_image\" \/>\n<meta name=\"twitter:label1\" content=\"Escrito por\" \/>\n\t<meta name=\"twitter:data1\" content=\"Reda\u00e7\u00e3o Filmelier\" \/>\n\t<meta name=\"twitter:label2\" content=\"Est. tempo de leitura\" \/>\n\t<meta name=\"twitter:data2\" content=\"1 minuto\" \/>\n<script type=\"application\/ld+json\" class=\"yoast-schema-graph\">{\"@context\":\"https:\/\/schema.org\",\"@graph\":[{\"@type\":\"Article\",\"@id\":\"https:\/\/news.filmelier.com\/br\/gato-galactico-filme-trailer\/#article\",\"isPartOf\":{\"@id\":\"https:\/\/news.filmelier.com\/br\/gato-galactico-filme-trailer\/\"},\"author\":{\"name\":\"Reda\u00e7\u00e3o Filmelier\",\"@id\":\"https:\/\/homolog.news.filmelier.com\/br\/#\/schema\/person\/a6491aa555ce96d9d1cc15f1742dbd7b\"},\"headline\":\"Gato Gal\u00e1ctico vai virar filme: assista ao teaser de &#8216;Acampamento Intergal\u00e1ctico&#8217;\",\"datePublished\":\"2021-11-09T23:21:14+00:00\",\"mainEntityOfPage\":{\"@id\":\"https:\/\/news.filmelier.com\/br\/gato-galactico-filme-trailer\/\"},\"wordCount\":272,\"publisher\":{\"@id\":\"https:\/\/homolog.news.filmelier.com\/br\/#organization\"},\"image\":{\"@id\":\"https:\/\/news.filmelier.com\/br\/gato-galactico-filme-trailer\/#primaryimage\"},\"thumbnailUrl\":\"\",\"keywords\":[\"Acampamento Intergal\u00e1ctico\",\"Gato Gal\u00e1ctico\",\"trailer\"],\"articleSection\":[\"Filmes\"],\"inLanguage\":\"pt-BR\"},{\"@type\":\"WebPage\",\"@id\":\"https:\/\/news.filmelier.com\/br\/gato-galactico-filme-trailer\/\",\"url\":\"https:\/\/news.filmelier.com\/br\/gato-galactico-filme-trailer\/\",\"name\":\"Gato Gal\u00e1ctico vai virar filme: assista ao teaser de 'Acampamento Intergal\u00e1ctico' - News Filmelier\",\"isPartOf\":{\"@id\":\"https:\/\/homolog.news.filmelier.com\/br\/#website\"},\"primaryImageOfPage\":{\"@id\":\"https:\/\/news.filmelier.com\/br\/gato-galactico-filme-trailer\/#primaryimage\"},\"image\":{\"@id\":\"https:\/\/news.filmelier.com\/br\/gato-galactico-filme-trailer\/#primaryimage\"},\"thumbnailUrl\":\"\",\"datePublished\":\"2021-11-09T23:21:14+00:00\",\"breadcrumb\":{\"@id\":\"https:\/\/news.filmelier.com\/br\/gato-galactico-filme-trailer\/#breadcrumb\"},\"inLanguage\":\"pt-BR\",\"potentialAction\":[{\"@type\":\"ReadAction\",\"target\":[\"https:\/\/news.filmelier.com\/br\/gato-galactico-filme-trailer\/\"]}]},{\"@type\":\"ImageObject\",\"inLanguage\":\"pt-BR\",\"@id\":\"https:\/\/news.filmelier.com\/br\/gato-galactico-filme-trailer\/#primaryimage\",\"url\":\"\",\"contentUrl\":\"\"},{\"@type\":\"BreadcrumbList\",\"@id\":\"https:\/\/news.filmelier.com\/br\/gato-galactico-filme-trailer\/#breadcrumb\",\"itemListElement\":[{\"@type\":\"ListItem\",\"position\":1,\"name\":\"In\u00edcio\",\"item\":\"https:\/\/homolog.news.filmelier.com\/br\/\"},{\"@type\":\"ListItem\",\"position\":2,\"name\":\"Gato Gal\u00e1ctico vai virar filme: assista ao teaser de &#8216;Acampamento Intergal\u00e1ctico&#8217;\"}]},{\"@type\":\"WebSite\",\"@id\":\"https:\/\/homolog.news.filmelier.com\/br\/#website\",\"url\":\"https:\/\/homolog.news.filmelier.com\/br\/\",\"name\":\"Homolog Filmelier News Rankrup\",\"description\":\"\",\"publisher\":{\"@id\":\"https:\/\/homolog.news.filmelier.com\/br\/#organization\"},\"potentialAction\":[{\"@type\":\"SearchAction\",\"target\":{\"@type\":\"EntryPoint\",\"urlTemplate\":\"https:\/\/homolog.news.filmelier.com\/br\/?s={search_term_string}\"},\"query-input\":{\"@type\":\"PropertyValueSpecification\",\"valueRequired\":true,\"valueName\":\"search_term_string\"}}],\"inLanguage\":\"pt-BR\"},{\"@type\":\"Organization\",\"@id\":\"https:\/\/homolog.news.filmelier.com\/br\/#organization\",\"name\":\"Homolog Filmelier News Rankrup\",\"url\":\"https:\/\/homolog.news.filmelier.com\/br\/\",\"logo\":{\"@type\":\"ImageObject\",\"inLanguage\":\"pt-BR\",\"@id\":\"https:\/\/homolog.news.filmelier.com\/br\/#\/schema\/logo\/image\/\",\"url\":\"https:\/\/news.filmelier.com\/wp-content\/uploads\/2024\/11\/Logo-News.png\",\"contentUrl\":\"https:\/\/news.filmelier.com\/wp-content\/uploads\/2024\/11\/Logo-News.png\",\"width\":460,\"height\":108,\"caption\":\"Homolog Filmelier News Rankrup\"},\"image\":{\"@id\":\"https:\/\/homolog.news.filmelier.com\/br\/#\/schema\/logo\/image\/\"}},{\"@type\":\"Person\",\"@id\":\"https:\/\/homolog.news.filmelier.com\/br\/#\/schema\/person\/a6491aa555ce96d9d1cc15f1742dbd7b\",\"name\":\"Reda\u00e7\u00e3o Filmelier\",\"image\":{\"@type\":\"ImageObject\",\"inLanguage\":\"pt-BR\",\"@id\":\"https:\/\/homolog.news.filmelier.com\/br\/#\/schema\/person\/image\/\",\"url\":\"https:\/\/secure.gravatar.com\/avatar\/8bf80419447553f32d821a953683c4666faca8d781f143825a02644ae3f7e2d0?s=96&d=mm&r=g\",\"contentUrl\":\"https:\/\/secure.gravatar.com\/avatar\/8bf80419447553f32d821a953683c4666faca8d781f143825a02644ae3f7e2d0?s=96&d=mm&r=g\",\"caption\":\"Reda\u00e7\u00e3o Filmelier\"},\"description\":\"Somos um time de jornalistas e cr\u00edticos que respira cinema a 24 quadros por segundo. Das estreias do circuito aos cl\u00e1ssicos restaurados, da curadoria em streamings \u00e0s entrevistas nos bastidores, nossa reda\u00e7\u00e3o transforma filmes em conte\u00fado inteligente \u2014 com an\u00e1lises afiadas, guias pr\u00e1ticos e hist\u00f3rias que fazem voc\u00ea ver a s\u00e9tima arte com outros olhos. Aqui no Filmelier, cinema n\u00e3o \u00e9 s\u00f3 lazer: \u00e9 of\u00edcio, \u00e9 expertise, \u00e9 paix\u00e3o em forma de texto.\",\"url\":\"https:\/\/news.filmelier.com\/br\/author\/contato-filmelier\/\"}]}<\/script>\n<!-- \/ Yoast SEO plugin. -->","yoast_head_json":{"title":"Gato Gal\u00e1ctico vai virar filme: assista ao teaser de 'Acampamento Intergal\u00e1ctico' - News Filmelier","robots":{"index":"index","follow":"follow","max-snippet":"max-snippet:-1","max-image-preview":"max-image-preview:large","max-video-preview":"max-video-preview:-1"},"canonical":"https:\/\/news.filmelier.com\/br\/gato-galactico-filme-trailer\/","og_locale":"pt_BR","og_type":"article","og_title":"Gato Gal\u00e1ctico vai virar filme: assista ao teaser de 'Acampamento Intergal\u00e1ctico' - News Filmelier","og_description":"Ronaldo Souza, famoso no YouTybe como o Gato Gal\u00e1ctico, se prepara para lan\u00e7ar o seu primeiro longa-metragem no streaming","og_url":"https:\/\/news.filmelier.com\/br\/gato-galactico-filme-trailer\/","og_site_name":"News Filmelier","article_published_time":"2021-11-09T23:21:14+00:00","author":"Reda\u00e7\u00e3o Filmelier","twitter_card":"summary_large_image","twitter_misc":{"Escrito por":"Reda\u00e7\u00e3o Filmelier","Est. tempo de leitura":"1 minuto"},"schema":{"@context":"https:\/\/schema.org","@graph":[{"@type":"Article","@id":"https:\/\/news.filmelier.com\/br\/gato-galactico-filme-trailer\/#article","isPartOf":{"@id":"https:\/\/news.filmelier.com\/br\/gato-galactico-filme-trailer\/"},"author":{"name":"Reda\u00e7\u00e3o Filmelier","@id":"https:\/\/homolog.news.filmelier.com\/br\/#\/schema\/person\/a6491aa555ce96d9d1cc15f1742dbd7b"},"headline":"Gato Gal\u00e1ctico vai virar filme: assista ao teaser de &#8216;Acampamento Intergal\u00e1ctico&#8217;","datePublished":"2021-11-09T23:21:14+00:00","mainEntityOfPage":{"@id":"https:\/\/news.filmelier.com\/br\/gato-galactico-filme-trailer\/"},"wordCount":272,"publisher":{"@id":"https:\/\/homolog.news.filmelier.com\/br\/#organization"},"image":{"@id":"https:\/\/news.filmelier.com\/br\/gato-galactico-filme-trailer\/#primaryimage"},"thumbnailUrl":"","keywords":["Acampamento Intergal\u00e1ctico","Gato Gal\u00e1ctico","trailer"],"articleSection":["Filmes"],"inLanguage":"pt-BR"},{"@type":"WebPage","@id":"https:\/\/news.filmelier.com\/br\/gato-galactico-filme-trailer\/","url":"https:\/\/news.filmelier.com\/br\/gato-galactico-filme-trailer\/","name":"Gato Gal\u00e1ctico vai virar filme: assista ao teaser de 'Acampamento Intergal\u00e1ctico' - News Filmelier","isPartOf":{"@id":"https:\/\/homolog.news.filmelier.com\/br\/#website"},"primaryImageOfPage":{"@id":"https:\/\/news.filmelier.com\/br\/gato-galactico-filme-trailer\/#primaryimage"},"image":{"@id":"https:\/\/news.filmelier.com\/br\/gato-galactico-filme-trailer\/#primaryimage"},"thumbnailUrl":"","datePublished":"2021-11-09T23:21:14+00:00","breadcrumb":{"@id":"https:\/\/news.filmelier.com\/br\/gato-galactico-filme-trailer\/#breadcrumb"},"inLanguage":"pt-BR","potentialAction":[{"@type":"ReadAction","target":["https:\/\/news.filmelier.com\/br\/gato-galactico-filme-trailer\/"]}]},{"@type":"ImageObject","inLanguage":"pt-BR","@id":"https:\/\/news.filmelier.com\/br\/gato-galactico-filme-trailer\/#primaryimage","url":"","contentUrl":""},{"@type":"BreadcrumbList","@id":"https:\/\/news.filmelier.com\/br\/gato-galactico-filme-trailer\/#breadcrumb","itemListElement":[{"@type":"ListItem","position":1,"name":"In\u00edcio","item":"https:\/\/homolog.news.filmelier.com\/br\/"},{"@type":"ListItem","position":2,"name":"Gato Gal\u00e1ctico vai virar filme: assista ao teaser de &#8216;Acampamento Intergal\u00e1ctico&#8217;"}]},{"@type":"WebSite","@id":"https:\/\/homolog.news.filmelier.com\/br\/#website","url":"https:\/\/homolog.news.filmelier.com\/br\/","name":"Homolog Filmelier News Rankrup","description":"","publisher":{"@id":"https:\/\/homolog.news.filmelier.com\/br\/#organization"},"potentialAction":[{"@type":"SearchAction","target":{"@type":"EntryPoint","urlTemplate":"https:\/\/homolog.news.filmelier.com\/br\/?s={search_term_string}"},"query-input":{"@type":"PropertyValueSpecification","valueRequired":true,"valueName":"search_term_string"}}],"inLanguage":"pt-BR"},{"@type":"Organization","@id":"https:\/\/homolog.news.filmelier.com\/br\/#organization","name":"Homolog Filmelier News Rankrup","url":"https:\/\/homolog.news.filmelier.com\/br\/","logo":{"@type":"ImageObject","inLanguage":"pt-BR","@id":"https:\/\/homolog.news.filmelier.com\/br\/#\/schema\/logo\/image\/","url":"https:\/\/news.filmelier.com\/wp-content\/uploads\/2024\/11\/Logo-News.png","contentUrl":"https:\/\/news.filmelier.com\/wp-content\/uploads\/2024\/11\/Logo-News.png","width":460,"height":108,"caption":"Homolog Filmelier News Rankrup"},"image":{"@id":"https:\/\/homolog.news.filmelier.com\/br\/#\/schema\/logo\/image\/"}},{"@type":"Person","@id":"https:\/\/homolog.news.filmelier.com\/br\/#\/schema\/person\/a6491aa555ce96d9d1cc15f1742dbd7b","name":"Reda\u00e7\u00e3o Filmelier","image":{"@type":"ImageObject","inLanguage":"pt-BR","@id":"https:\/\/homolog.news.filmelier.com\/br\/#\/schema\/person\/image\/","url":"https:\/\/secure.gravatar.com\/avatar\/8bf80419447553f32d821a953683c4666faca8d781f143825a02644ae3f7e2d0?s=96&d=mm&r=g","contentUrl":"https:\/\/secure.gravatar.com\/avatar\/8bf80419447553f32d821a953683c4666faca8d781f143825a02644ae3f7e2d0?s=96&d=mm&r=g","caption":"Reda\u00e7\u00e3o Filmelier"},"description":"Somos um time de jornalistas e cr\u00edticos que respira cinema a 24 quadros por segundo. Das estreias do circuito aos cl\u00e1ssicos restaurados, da curadoria em streamings \u00e0s entrevistas nos bastidores, nossa reda\u00e7\u00e3o transforma filmes em conte\u00fado inteligente \u2014 com an\u00e1lises afiadas, guias pr\u00e1ticos e hist\u00f3rias que fazem voc\u00ea ver a s\u00e9tima arte com outros olhos. Aqui no Filmelier, cinema n\u00e3o \u00e9 s\u00f3 lazer: \u00e9 of\u00edcio, \u00e9 expertise, \u00e9 paix\u00e3o em forma de texto.","url":"https:\/\/news.filmelier.com\/br\/author\/contato-filmelier\/"}]}},"_links":{"self":[{"href":"https:\/\/news.filmelier.com\/br\/wp-json\/wp\/v2\/posts\/21488","targetHints":{"allow":["GET"]}}],"collection":[{"href":"https:\/\/news.filmelier.com\/br\/wp-json\/wp\/v2\/posts"}],"about":[{"href":"https:\/\/news.filmelier.com\/br\/wp-json\/wp\/v2\/types\/post"}],"author":[{"embeddable":true,"href":"https:\/\/news.filmelier.com\/br\/wp-json\/wp\/v2\/users\/14"}],"replies":[{"embeddable":true,"href":"https:\/\/news.filmelier.com\/br\/wp-json\/wp\/v2\/comments?post=21488"}],"version-history":[{"count":0,"href":"https:\/\/news.filmelier.com\/br\/wp-json\/wp\/v2\/posts\/21488\/revisions"}],"wp:featuredmedia":[{"embeddable":true,"href":"https:\/\/news.filmelier.com\/br\/wp-json\/"}],"wp:attachment":[{"href":"https:\/\/news.filmelier.com\/br\/wp-json\/wp\/v2\/media?parent=21488"}],"wp:term":[{"taxonomy":"category","embeddable":true,"href":"https:\/\/news.filmelier.com\/br\/wp-json\/wp\/v2\/categories?post=21488"},{"taxonomy":"post_tag","embeddable":true,"href":"https:\/\/news.filmelier.com\/br\/wp-json\/wp\/v2\/tags?post=21488"}],"curies":[{"name":"wp","href":"https:\/\/api.w.org\/{rel}","templated":true}]}}