{"id":21472,"date":"2021-11-09T18:41:15","date_gmt":"2021-11-09T21:41:15","guid":{"rendered":"https:\/\/www.filmelier.com\/br\/noticias\/?p=21472"},"modified":"2021-11-09T18:41:15","modified_gmt":"2021-11-09T21:41:15","slug":"hora-de-brilhar-trailer","status":"publish","type":"post","link":"https:\/\/news.filmelier.com\/br\/hora-de-brilhar-trailer\/","title":{"rendered":"Novo filme de Sophia Valverde, &#8216;Hora de Brilhar&#8217;, ganha o 1\u00ba trailer"},"content":{"rendered":"\n<p>Depois de todo o sucesso com a com\u00e9dia rom\u00e2ntica &#8216;<a href=\"https:\/\/www.filmelier.com\/br\/film\/11032\/a-garota-invisivel\" target=\"_blank\" data-type=\"URL\" data-id=\"https:\/\/www.filmelier.com\/br\/film\/11032\/a-garota-invisivel\" rel=\"noreferrer noopener\">A Garota Invis\u00edvel<\/a>&#8216;, Sophia Valverde \u2013 da nova vers\u00e3o de \u2018Chiquititas\u2019 e de \u2018As Aventuras de Poliana\u2019, ambas exibidas pelo SBT \u2013 estrelar\u00e1 mais um filme: o longa-metragem \u2018Hora de Brilhar\u2019, que chega ao streaming em 2022. <\/p>\n\n\n\n<ul class=\"wp-block-list\"><li><strong><strong>Leia tamb\u00e9m:&nbsp;<a href=\"https:\/\/www.filmelier.com\/br\/noticias\/sofa-digital-luccas-neto-gato-galactico\" target=\"_blank\" rel=\"noreferrer noopener\">Luccas Neto, Gato Gal\u00e1ctico, Cacau Prot\u00e1sio e muito mais: Sofa Digital anuncia 5 novos filmes<\/a><\/strong><\/strong><\/li><\/ul>\n\n\n\n<p>\u201cEu fiquei super feliz quando o [produtor] Marcelo Braga me prop\u00f4s o filme \u2018Hora de Brilhar&#8217;\u201d, revelou a protagonista em depoimento gravado no Sofa Day &#8211;  evento com imprensa e convidados para divulgar pr\u00f3xima leva de filmes do grupo, que ir\u00e1 lan\u00e7ar o longa-metragem. \u201cA experi\u00eancia de filme da \u2018Garota Invis\u00edvel\u2019 foi incr\u00edvel. Agora a gente pode ampliar essa experi\u00eancia, incr\u00edvel.\u201d, disse ela. <\/p>\n\n\n\n<p>Abaixo, assista ao primeiro trailer de \u2018Hora de Brilhar\u2019, que ainda n\u00e3o tem data exata de lan\u00e7amento: <\/p>\n\n\n\n<figure class=\"wp-block-embed is-type-video is-provider-youtube wp-block-embed-youtube wp-embed-aspect-16-9 wp-has-aspect-ratio\"><div class=\"wp-block-embed__wrapper\">\n<iframe title=\"Hora de Brilhar - Clipe Sofa Day [HD] - 2022 - com Sophia Valverde | Filmelier\" width=\"800\" height=\"450\" src=\"https:\/\/www.youtube.com\/embed\/9g542O7YSNE?feature=oembed\" frameborder=\"0\" allow=\"accelerometer; autoplay; clipboard-write; encrypted-media; gyroscope; picture-in-picture; web-share\" referrerpolicy=\"strict-origin-when-cross-origin\" allowfullscreen><\/iframe>\n<\/div><\/figure>\n\n\n\n\n\n<p>A Sofa Digital realizou nesta ter\u00e7a-feira, 9, um evento com imprensa e convidados \u2013 o chamado Sofa Day \u2013 para divulgar pr\u00f3xima leva de filmes do grupo, incluindo nomes conhecidos do p\u00fablico e da internet como Luccas Neto, Cacau Prot\u00e1sio, Sophia Valverde, Lorena Queiroz e Ronaldo Azevedo \u2013 o Gato Gal\u00e1ctico do YouTube. Juntos, s\u00e3o nomes com milh\u00f5es de inscritos e bilh\u00f5es de views no YouTube, e outros milh\u00f5es de seguidores nas redes sociais.<\/p>\n\n\n\n<p><strong><a href=\"https:\/\/www.filmelier.com\/br\/noticias\/sofa-digital-luccas-neto-gato-galactico\" target=\"_blank\" rel=\"noreferrer noopener\">Confira tudo o que rolou no Sofa Day.<\/a><\/strong> <\/p>\n\n\n\n<p class=\"has-text-align-center\"><strong>Siga o Filmelier no&nbsp;<a rel=\"noreferrer noopener\" href=\"https:\/\/www.facebook.com\/filmelierbr\" target=\"_blank\">Facebook<\/a>,&nbsp;<a rel=\"noreferrer noopener\" href=\"https:\/\/www.twitter.com\/filmelierbr\" target=\"_blank\">Twitter<\/a>&nbsp;e&nbsp;<a rel=\"noreferrer noopener\" href=\"https:\/\/www.instagram.com\/filmelierbr\" target=\"_blank\">Instagram<\/a>.<\/strong><\/p>\n","protected":false},"excerpt":{"rendered":"<p>O longa-metragem chega nas plataformas de streaming em 2022<\/p>\n","protected":false},"author":14,"featured_media":21513,"comment_status":"closed","ping_status":"open","sticky":false,"template":"","format":"standard","meta":{"_acf_changed":false,"footnotes":""},"categories":[3482],"tags":[9973,9974,6222,9975,4080],"class_list":["post-21472","post","type-post","status-publish","format-standard","has-post-thumbnail","hentry","category-filmes-br","tag-hora-de-brilhar","tag-sofa-day","tag-sofa-digital","tag-sophia-valverde","tag-trailer-br"],"acf":{"subtitulo":"","id_ator":""},"yoast_head":"<!-- This site is optimized with the Yoast SEO plugin v26.1.1 - https:\/\/yoast.com\/wordpress\/plugins\/seo\/ -->\n<title>Novo filme de Sophia Valverde, &#039;Hora de Brilhar&#039;, ganha o 1\u00ba trailer - News Filmelier<\/title>\n<meta name=\"robots\" content=\"index, follow, max-snippet:-1, max-image-preview:large, max-video-preview:-1\" \/>\n<link rel=\"canonical\" href=\"https:\/\/news.filmelier.com\/br\/hora-de-brilhar-trailer\/\" \/>\n<meta property=\"og:locale\" content=\"pt_BR\" \/>\n<meta property=\"og:type\" content=\"article\" \/>\n<meta property=\"og:title\" content=\"Novo filme de Sophia Valverde, &#039;Hora de Brilhar&#039;, ganha o 1\u00ba trailer - News Filmelier\" \/>\n<meta property=\"og:description\" content=\"O longa-metragem chega nas plataformas de streaming em 2022\" \/>\n<meta property=\"og:url\" content=\"https:\/\/news.filmelier.com\/br\/hora-de-brilhar-trailer\/\" \/>\n<meta property=\"og:site_name\" content=\"News Filmelier\" \/>\n<meta property=\"article:published_time\" content=\"2021-11-09T21:41:15+00:00\" \/>\n<meta name=\"author\" content=\"Reda\u00e7\u00e3o Filmelier\" \/>\n<meta name=\"twitter:card\" content=\"summary_large_image\" \/>\n<meta name=\"twitter:label1\" content=\"Escrito por\" \/>\n\t<meta name=\"twitter:data1\" content=\"Reda\u00e7\u00e3o Filmelier\" \/>\n\t<meta name=\"twitter:label2\" content=\"Est. tempo de leitura\" \/>\n\t<meta name=\"twitter:data2\" content=\"1 minuto\" \/>\n<script type=\"application\/ld+json\" class=\"yoast-schema-graph\">{\"@context\":\"https:\/\/schema.org\",\"@graph\":[{\"@type\":\"Article\",\"@id\":\"https:\/\/news.filmelier.com\/br\/hora-de-brilhar-trailer\/#article\",\"isPartOf\":{\"@id\":\"https:\/\/news.filmelier.com\/br\/hora-de-brilhar-trailer\/\"},\"author\":{\"name\":\"Reda\u00e7\u00e3o Filmelier\",\"@id\":\"https:\/\/homolog.news.filmelier.com\/br\/#\/schema\/person\/a6491aa555ce96d9d1cc15f1742dbd7b\"},\"headline\":\"Novo filme de Sophia Valverde, &#8216;Hora de Brilhar&#8217;, ganha o 1\u00ba trailer\",\"datePublished\":\"2021-11-09T21:41:15+00:00\",\"mainEntityOfPage\":{\"@id\":\"https:\/\/news.filmelier.com\/br\/hora-de-brilhar-trailer\/\"},\"wordCount\":276,\"publisher\":{\"@id\":\"https:\/\/homolog.news.filmelier.com\/br\/#organization\"},\"image\":{\"@id\":\"https:\/\/news.filmelier.com\/br\/hora-de-brilhar-trailer\/#primaryimage\"},\"thumbnailUrl\":\"\",\"keywords\":[\"Hora de Brilhar\",\"Sofa Day\",\"Sofa Digital\",\"Sophia Valverde\",\"trailer\"],\"articleSection\":[\"Filmes\"],\"inLanguage\":\"pt-BR\"},{\"@type\":\"WebPage\",\"@id\":\"https:\/\/news.filmelier.com\/br\/hora-de-brilhar-trailer\/\",\"url\":\"https:\/\/news.filmelier.com\/br\/hora-de-brilhar-trailer\/\",\"name\":\"Novo filme de Sophia Valverde, 'Hora de Brilhar', ganha o 1\u00ba trailer - News Filmelier\",\"isPartOf\":{\"@id\":\"https:\/\/homolog.news.filmelier.com\/br\/#website\"},\"primaryImageOfPage\":{\"@id\":\"https:\/\/news.filmelier.com\/br\/hora-de-brilhar-trailer\/#primaryimage\"},\"image\":{\"@id\":\"https:\/\/news.filmelier.com\/br\/hora-de-brilhar-trailer\/#primaryimage\"},\"thumbnailUrl\":\"\",\"datePublished\":\"2021-11-09T21:41:15+00:00\",\"breadcrumb\":{\"@id\":\"https:\/\/news.filmelier.com\/br\/hora-de-brilhar-trailer\/#breadcrumb\"},\"inLanguage\":\"pt-BR\",\"potentialAction\":[{\"@type\":\"ReadAction\",\"target\":[\"https:\/\/news.filmelier.com\/br\/hora-de-brilhar-trailer\/\"]}]},{\"@type\":\"ImageObject\",\"inLanguage\":\"pt-BR\",\"@id\":\"https:\/\/news.filmelier.com\/br\/hora-de-brilhar-trailer\/#primaryimage\",\"url\":\"\",\"contentUrl\":\"\"},{\"@type\":\"BreadcrumbList\",\"@id\":\"https:\/\/news.filmelier.com\/br\/hora-de-brilhar-trailer\/#breadcrumb\",\"itemListElement\":[{\"@type\":\"ListItem\",\"position\":1,\"name\":\"In\u00edcio\",\"item\":\"https:\/\/homolog.news.filmelier.com\/br\/\"},{\"@type\":\"ListItem\",\"position\":2,\"name\":\"Novo filme de Sophia Valverde, &#8216;Hora de Brilhar&#8217;, ganha o 1\u00ba trailer\"}]},{\"@type\":\"WebSite\",\"@id\":\"https:\/\/homolog.news.filmelier.com\/br\/#website\",\"url\":\"https:\/\/homolog.news.filmelier.com\/br\/\",\"name\":\"Homolog Filmelier News Rankrup\",\"description\":\"\",\"publisher\":{\"@id\":\"https:\/\/homolog.news.filmelier.com\/br\/#organization\"},\"potentialAction\":[{\"@type\":\"SearchAction\",\"target\":{\"@type\":\"EntryPoint\",\"urlTemplate\":\"https:\/\/homolog.news.filmelier.com\/br\/?s={search_term_string}\"},\"query-input\":{\"@type\":\"PropertyValueSpecification\",\"valueRequired\":true,\"valueName\":\"search_term_string\"}}],\"inLanguage\":\"pt-BR\"},{\"@type\":\"Organization\",\"@id\":\"https:\/\/homolog.news.filmelier.com\/br\/#organization\",\"name\":\"Homolog Filmelier News Rankrup\",\"url\":\"https:\/\/homolog.news.filmelier.com\/br\/\",\"logo\":{\"@type\":\"ImageObject\",\"inLanguage\":\"pt-BR\",\"@id\":\"https:\/\/homolog.news.filmelier.com\/br\/#\/schema\/logo\/image\/\",\"url\":\"https:\/\/news.filmelier.com\/wp-content\/uploads\/2024\/11\/Logo-News.png\",\"contentUrl\":\"https:\/\/news.filmelier.com\/wp-content\/uploads\/2024\/11\/Logo-News.png\",\"width\":460,\"height\":108,\"caption\":\"Homolog Filmelier News Rankrup\"},\"image\":{\"@id\":\"https:\/\/homolog.news.filmelier.com\/br\/#\/schema\/logo\/image\/\"}},{\"@type\":\"Person\",\"@id\":\"https:\/\/homolog.news.filmelier.com\/br\/#\/schema\/person\/a6491aa555ce96d9d1cc15f1742dbd7b\",\"name\":\"Reda\u00e7\u00e3o Filmelier\",\"image\":{\"@type\":\"ImageObject\",\"inLanguage\":\"pt-BR\",\"@id\":\"https:\/\/homolog.news.filmelier.com\/br\/#\/schema\/person\/image\/\",\"url\":\"https:\/\/secure.gravatar.com\/avatar\/8bf80419447553f32d821a953683c4666faca8d781f143825a02644ae3f7e2d0?s=96&d=mm&r=g\",\"contentUrl\":\"https:\/\/secure.gravatar.com\/avatar\/8bf80419447553f32d821a953683c4666faca8d781f143825a02644ae3f7e2d0?s=96&d=mm&r=g\",\"caption\":\"Reda\u00e7\u00e3o Filmelier\"},\"description\":\"Somos um time de jornalistas e cr\u00edticos que respira cinema a 24 quadros por segundo. Das estreias do circuito aos cl\u00e1ssicos restaurados, da curadoria em streamings \u00e0s entrevistas nos bastidores, nossa reda\u00e7\u00e3o transforma filmes em conte\u00fado inteligente \u2014 com an\u00e1lises afiadas, guias pr\u00e1ticos e hist\u00f3rias que fazem voc\u00ea ver a s\u00e9tima arte com outros olhos. Aqui no Filmelier, cinema n\u00e3o \u00e9 s\u00f3 lazer: \u00e9 of\u00edcio, \u00e9 expertise, \u00e9 paix\u00e3o em forma de texto.\",\"url\":\"https:\/\/news.filmelier.com\/br\/author\/contato-filmelier\/\"}]}<\/script>\n<!-- \/ Yoast SEO plugin. -->","yoast_head_json":{"title":"Novo filme de Sophia Valverde, 'Hora de Brilhar', ganha o 1\u00ba trailer - News Filmelier","robots":{"index":"index","follow":"follow","max-snippet":"max-snippet:-1","max-image-preview":"max-image-preview:large","max-video-preview":"max-video-preview:-1"},"canonical":"https:\/\/news.filmelier.com\/br\/hora-de-brilhar-trailer\/","og_locale":"pt_BR","og_type":"article","og_title":"Novo filme de Sophia Valverde, 'Hora de Brilhar', ganha o 1\u00ba trailer - News Filmelier","og_description":"O longa-metragem chega nas plataformas de streaming em 2022","og_url":"https:\/\/news.filmelier.com\/br\/hora-de-brilhar-trailer\/","og_site_name":"News Filmelier","article_published_time":"2021-11-09T21:41:15+00:00","author":"Reda\u00e7\u00e3o Filmelier","twitter_card":"summary_large_image","twitter_misc":{"Escrito por":"Reda\u00e7\u00e3o Filmelier","Est. tempo de leitura":"1 minuto"},"schema":{"@context":"https:\/\/schema.org","@graph":[{"@type":"Article","@id":"https:\/\/news.filmelier.com\/br\/hora-de-brilhar-trailer\/#article","isPartOf":{"@id":"https:\/\/news.filmelier.com\/br\/hora-de-brilhar-trailer\/"},"author":{"name":"Reda\u00e7\u00e3o Filmelier","@id":"https:\/\/homolog.news.filmelier.com\/br\/#\/schema\/person\/a6491aa555ce96d9d1cc15f1742dbd7b"},"headline":"Novo filme de Sophia Valverde, &#8216;Hora de Brilhar&#8217;, ganha o 1\u00ba trailer","datePublished":"2021-11-09T21:41:15+00:00","mainEntityOfPage":{"@id":"https:\/\/news.filmelier.com\/br\/hora-de-brilhar-trailer\/"},"wordCount":276,"publisher":{"@id":"https:\/\/homolog.news.filmelier.com\/br\/#organization"},"image":{"@id":"https:\/\/news.filmelier.com\/br\/hora-de-brilhar-trailer\/#primaryimage"},"thumbnailUrl":"","keywords":["Hora de Brilhar","Sofa Day","Sofa Digital","Sophia Valverde","trailer"],"articleSection":["Filmes"],"inLanguage":"pt-BR"},{"@type":"WebPage","@id":"https:\/\/news.filmelier.com\/br\/hora-de-brilhar-trailer\/","url":"https:\/\/news.filmelier.com\/br\/hora-de-brilhar-trailer\/","name":"Novo filme de Sophia Valverde, 'Hora de Brilhar', ganha o 1\u00ba trailer - News Filmelier","isPartOf":{"@id":"https:\/\/homolog.news.filmelier.com\/br\/#website"},"primaryImageOfPage":{"@id":"https:\/\/news.filmelier.com\/br\/hora-de-brilhar-trailer\/#primaryimage"},"image":{"@id":"https:\/\/news.filmelier.com\/br\/hora-de-brilhar-trailer\/#primaryimage"},"thumbnailUrl":"","datePublished":"2021-11-09T21:41:15+00:00","breadcrumb":{"@id":"https:\/\/news.filmelier.com\/br\/hora-de-brilhar-trailer\/#breadcrumb"},"inLanguage":"pt-BR","potentialAction":[{"@type":"ReadAction","target":["https:\/\/news.filmelier.com\/br\/hora-de-brilhar-trailer\/"]}]},{"@type":"ImageObject","inLanguage":"pt-BR","@id":"https:\/\/news.filmelier.com\/br\/hora-de-brilhar-trailer\/#primaryimage","url":"","contentUrl":""},{"@type":"BreadcrumbList","@id":"https:\/\/news.filmelier.com\/br\/hora-de-brilhar-trailer\/#breadcrumb","itemListElement":[{"@type":"ListItem","position":1,"name":"In\u00edcio","item":"https:\/\/homolog.news.filmelier.com\/br\/"},{"@type":"ListItem","position":2,"name":"Novo filme de Sophia Valverde, &#8216;Hora de Brilhar&#8217;, ganha o 1\u00ba trailer"}]},{"@type":"WebSite","@id":"https:\/\/homolog.news.filmelier.com\/br\/#website","url":"https:\/\/homolog.news.filmelier.com\/br\/","name":"Homolog Filmelier News Rankrup","description":"","publisher":{"@id":"https:\/\/homolog.news.filmelier.com\/br\/#organization"},"potentialAction":[{"@type":"SearchAction","target":{"@type":"EntryPoint","urlTemplate":"https:\/\/homolog.news.filmelier.com\/br\/?s={search_term_string}"},"query-input":{"@type":"PropertyValueSpecification","valueRequired":true,"valueName":"search_term_string"}}],"inLanguage":"pt-BR"},{"@type":"Organization","@id":"https:\/\/homolog.news.filmelier.com\/br\/#organization","name":"Homolog Filmelier News Rankrup","url":"https:\/\/homolog.news.filmelier.com\/br\/","logo":{"@type":"ImageObject","inLanguage":"pt-BR","@id":"https:\/\/homolog.news.filmelier.com\/br\/#\/schema\/logo\/image\/","url":"https:\/\/news.filmelier.com\/wp-content\/uploads\/2024\/11\/Logo-News.png","contentUrl":"https:\/\/news.filmelier.com\/wp-content\/uploads\/2024\/11\/Logo-News.png","width":460,"height":108,"caption":"Homolog Filmelier News Rankrup"},"image":{"@id":"https:\/\/homolog.news.filmelier.com\/br\/#\/schema\/logo\/image\/"}},{"@type":"Person","@id":"https:\/\/homolog.news.filmelier.com\/br\/#\/schema\/person\/a6491aa555ce96d9d1cc15f1742dbd7b","name":"Reda\u00e7\u00e3o Filmelier","image":{"@type":"ImageObject","inLanguage":"pt-BR","@id":"https:\/\/homolog.news.filmelier.com\/br\/#\/schema\/person\/image\/","url":"https:\/\/secure.gravatar.com\/avatar\/8bf80419447553f32d821a953683c4666faca8d781f143825a02644ae3f7e2d0?s=96&d=mm&r=g","contentUrl":"https:\/\/secure.gravatar.com\/avatar\/8bf80419447553f32d821a953683c4666faca8d781f143825a02644ae3f7e2d0?s=96&d=mm&r=g","caption":"Reda\u00e7\u00e3o Filmelier"},"description":"Somos um time de jornalistas e cr\u00edticos que respira cinema a 24 quadros por segundo. Das estreias do circuito aos cl\u00e1ssicos restaurados, da curadoria em streamings \u00e0s entrevistas nos bastidores, nossa reda\u00e7\u00e3o transforma filmes em conte\u00fado inteligente \u2014 com an\u00e1lises afiadas, guias pr\u00e1ticos e hist\u00f3rias que fazem voc\u00ea ver a s\u00e9tima arte com outros olhos. Aqui no Filmelier, cinema n\u00e3o \u00e9 s\u00f3 lazer: \u00e9 of\u00edcio, \u00e9 expertise, \u00e9 paix\u00e3o em forma de texto.","url":"https:\/\/news.filmelier.com\/br\/author\/contato-filmelier\/"}]}},"_links":{"self":[{"href":"https:\/\/news.filmelier.com\/br\/wp-json\/wp\/v2\/posts\/21472","targetHints":{"allow":["GET"]}}],"collection":[{"href":"https:\/\/news.filmelier.com\/br\/wp-json\/wp\/v2\/posts"}],"about":[{"href":"https:\/\/news.filmelier.com\/br\/wp-json\/wp\/v2\/types\/post"}],"author":[{"embeddable":true,"href":"https:\/\/news.filmelier.com\/br\/wp-json\/wp\/v2\/users\/14"}],"replies":[{"embeddable":true,"href":"https:\/\/news.filmelier.com\/br\/wp-json\/wp\/v2\/comments?post=21472"}],"version-history":[{"count":0,"href":"https:\/\/news.filmelier.com\/br\/wp-json\/wp\/v2\/posts\/21472\/revisions"}],"wp:featuredmedia":[{"embeddable":true,"href":"https:\/\/news.filmelier.com\/br\/wp-json\/"}],"wp:attachment":[{"href":"https:\/\/news.filmelier.com\/br\/wp-json\/wp\/v2\/media?parent=21472"}],"wp:term":[{"taxonomy":"category","embeddable":true,"href":"https:\/\/news.filmelier.com\/br\/wp-json\/wp\/v2\/categories?post=21472"},{"taxonomy":"post_tag","embeddable":true,"href":"https:\/\/news.filmelier.com\/br\/wp-json\/wp\/v2\/tags?post=21472"}],"curies":[{"name":"wp","href":"https:\/\/api.w.org\/{rel}","templated":true}]}}