{"id":21317,"date":"2021-11-08T10:31:42","date_gmt":"2021-11-08T13:31:42","guid":{"rendered":"https:\/\/www.filmelier.com\/br\/noticias\/?p=21317"},"modified":"2021-11-08T10:31:42","modified_gmt":"2021-11-08T13:31:42","slug":"velozes-e-furiosos-vin-diesel-the-rock","status":"publish","type":"post","link":"https:\/\/news.filmelier.com\/br\/velozes-e-furiosos-vin-diesel-the-rock\/","title":{"rendered":"&#8216;Velozes &#038; Furiosos&#8217;: Vin Diesel pede para The Rock voltar para franquia"},"content":{"rendered":"\n<p>Por meio das redes sociais, Vin Diesel (&#8216;Triplo X&#8217;) deixou a sutileza de lado e fez um apelo p\u00fablico pedindo pelo retorno de Dwayne &#8220;The Rock&#8221; Johnson (&#8216;<a href=\"https:\/\/www.filmelier.com\/br\/film\/13279\/jumanji-bem-vindo-a-selva\" target=\"_blank\" rel=\"noreferrer noopener\">Jumanji: Bem-Vingo \u00e0 Selva<\/a>&#8216;) para o fim da franquia &#8216;<a href=\"https:\/\/www.filmelier.com\/br\/list\/onde-assistir-aos-filmes-de-velozes-e-furiosos\" target=\"_blank\" data-type=\"URL\" data-id=\"https:\/\/www.filmelier.com\/br\/list\/onde-assistir-aos-filmes-de-velozes-e-furiosos\" rel=\"noreferrer noopener\">Velozes &amp; Furiosos<\/a>&#8216;. No \u00faltimo domingo, 7, Diesel compartilhou uma foto com The Rock em seu Instagram. <\/p>\n\n\n\n<p>&#8220;Meu irm\u00e3ozinho Dwayne\u2026 O momento chegou. O mundo aguarda o fim de Velozes 10. Como voc\u00ea sabe, minhas crian\u00e7as se referem a voc\u00ea como Tio Dwayne na minha casa. N\u00e3o h\u00e1 um feriado que eu n\u00e3o te mande mensagens\u2026 Mas a hora chegou. Legado aguarda.&#8221;, escreveu ele na legenda. <\/p>\n\n\n\n<ul class=\"wp-block-list\"><li><strong>Leia tamb\u00e9m: <strong><a href=\"https:\/\/www.filmelier.com\/br\/list\/onde-assistir-aos-filmes-de-velozes-e-furiosos\" target=\"_blank\" data-type=\"URL\" data-id=\"https:\/\/www.filmelier.com\/br\/list\/onde-assistir-aos-filmes-de-velozes-e-furiosos\" rel=\"noreferrer noopener\">Onde assistir aos filmes de &#8216;Velozes &amp; Furiosos&#8217;<\/a><\/strong><\/strong><\/li><\/ul>\n\n\n\n<p>&#8220;Eu te disse anos atr\u00e1s que eu ia cumprir minha promessa para Pablo. Eu jurei que me esfor\u00e7aria e manifestaria o melhor Velozes no final que \u00e9 o 10! Eu digo isso com amor\u2026 Mas voc\u00ea precisa comparecer, n\u00e3o deixe a franquia, voc\u00ea tem um papel importante. Hobbs n\u00e3o poderia ser interpretado por outro. Eu espero que voc\u00ea fa\u00e7a o que \u00e9 preciso e realize seu destino&#8221;, finalizou o int\u00e9rprete de Dom Toretto. <\/p>\n\n\n\n<p>Confira a postagem: <\/p>\n\n\n\n<center>\n\n\n\n<blockquote class=\"instagram-media\" data-instgrm-captioned data-instgrm-permalink=\"https:\/\/www.instagram.com\/p\/CV_M4NEhnvE\/?utm_source=ig_embed&amp;utm_campaign=loading\" data-instgrm-version=\"14\" style=\" background:#FFF; border:0; border-radius:3px; box-shadow:0 0 1px 0 rgba(0,0,0,0.5),0 1px 10px 0 rgba(0,0,0,0.15); margin: 1px; max-width:540px; min-width:326px; padding:0; width:99.375%; width:-webkit-calc(100% - 2px); width:calc(100% - 2px);\"><div style=\"padding:16px;\"> <a href=\"https:\/\/www.instagram.com\/p\/CV_M4NEhnvE\/?utm_source=ig_embed&amp;utm_campaign=loading\" style=\" background:#FFFFFF; line-height:0; padding:0 0; text-align:center; text-decoration:none; width:100%;\" target=\"_blank\" rel=\"noopener\"> <div style=\" display: flex; flex-direction: row; align-items: center;\"> <div style=\"background-color: #F4F4F4; border-radius: 50%; flex-grow: 0; height: 40px; margin-right: 14px; width: 40px;\"><\/div> <div style=\"display: flex; flex-direction: column; flex-grow: 1; justify-content: center;\"> <div style=\" background-color: #F4F4F4; border-radius: 4px; flex-grow: 0; height: 14px; margin-bottom: 6px; width: 100px;\"><\/div> <div style=\" background-color: #F4F4F4; border-radius: 4px; flex-grow: 0; height: 14px; width: 60px;\"><\/div><\/div><\/div><div style=\"padding: 19% 0;\"><\/div> <div style=\"display:block; height:50px; margin:0 auto 12px; width:50px;\"><svg width=\"50px\" height=\"50px\" viewBox=\"0 0 60 60\" version=\"1.1\" xmlns=\"https:\/\/www.w3.org\/2000\/svg\" xmlns:xlink=\"https:\/\/www.w3.org\/1999\/xlink\"><g stroke=\"none\" stroke-width=\"1\" fill=\"none\" fill-rule=\"evenodd\"><g transform=\"translate(-511.000000, -20.000000)\" fill=\"#000000\"><g><path d=\"M556.869,30.41 C554.814,30.41 553.148,32.076 553.148,34.131 C553.148,36.186 554.814,37.852 556.869,37.852 C558.924,37.852 560.59,36.186 560.59,34.131 C560.59,32.076 558.924,30.41 556.869,30.41 M541,60.657 C535.114,60.657 530.342,55.887 530.342,50 C530.342,44.114 535.114,39.342 541,39.342 C546.887,39.342 551.658,44.114 551.658,50 C551.658,55.887 546.887,60.657 541,60.657 M541,33.886 C532.1,33.886 524.886,41.1 524.886,50 C524.886,58.899 532.1,66.113 541,66.113 C549.9,66.113 557.115,58.899 557.115,50 C557.115,41.1 549.9,33.886 541,33.886 M565.378,62.101 C565.244,65.022 564.756,66.606 564.346,67.663 C563.803,69.06 563.154,70.057 562.106,71.106 C561.058,72.155 560.06,72.803 558.662,73.347 C557.607,73.757 556.021,74.244 553.102,74.378 C549.944,74.521 548.997,74.552 541,74.552 C533.003,74.552 532.056,74.521 528.898,74.378 C525.979,74.244 524.393,73.757 523.338,73.347 C521.94,72.803 520.942,72.155 519.894,71.106 C518.846,70.057 518.197,69.06 517.654,67.663 C517.244,66.606 516.755,65.022 516.623,62.101 C516.479,58.943 516.448,57.996 516.448,50 C516.448,42.003 516.479,41.056 516.623,37.899 C516.755,34.978 517.244,33.391 517.654,32.338 C518.197,30.938 518.846,29.942 519.894,28.894 C520.942,27.846 521.94,27.196 523.338,26.654 C524.393,26.244 525.979,25.756 528.898,25.623 C532.057,25.479 533.004,25.448 541,25.448 C548.997,25.448 549.943,25.479 553.102,25.623 C556.021,25.756 557.607,26.244 558.662,26.654 C560.06,27.196 561.058,27.846 562.106,28.894 C563.154,29.942 563.803,30.938 564.346,32.338 C564.756,33.391 565.244,34.978 565.378,37.899 C565.522,41.056 565.552,42.003 565.552,50 C565.552,57.996 565.522,58.943 565.378,62.101 M570.82,37.631 C570.674,34.438 570.167,32.258 569.425,30.349 C568.659,28.377 567.633,26.702 565.965,25.035 C564.297,23.368 562.623,22.342 560.652,21.575 C558.743,20.834 556.562,20.326 553.369,20.18 C550.169,20.033 549.148,20 541,20 C532.853,20 531.831,20.033 528.631,20.18 C525.438,20.326 523.257,20.834 521.349,21.575 C519.376,22.342 517.703,23.368 516.035,25.035 C514.368,26.702 513.342,28.377 512.574,30.349 C511.834,32.258 511.326,34.438 511.181,37.631 C511.035,40.831 511,41.851 511,50 C511,58.147 511.035,59.17 511.181,62.369 C511.326,65.562 511.834,67.743 512.574,69.651 C513.342,71.625 514.368,73.296 516.035,74.965 C517.703,76.634 519.376,77.658 521.349,78.425 C523.257,79.167 525.438,79.673 528.631,79.82 C531.831,79.965 532.853,80.001 541,80.001 C549.148,80.001 550.169,79.965 553.369,79.82 C556.562,79.673 558.743,79.167 560.652,78.425 C562.623,77.658 564.297,76.634 565.965,74.965 C567.633,73.296 568.659,71.625 569.425,69.651 C570.167,67.743 570.674,65.562 570.82,62.369 C570.966,59.17 571,58.147 571,50 C571,41.851 570.966,40.831 570.82,37.631\"><\/path><\/g><\/g><\/g><\/svg><\/div><div style=\"padding-top: 8px;\"> <div style=\" color:#3897f0; font-family:Arial,sans-serif; font-size:14px; font-style:normal; font-weight:550; line-height:18px;\">Ver essa foto no Instagram<\/div><\/div><div style=\"padding: 12.5% 0;\"><\/div> <div style=\"display: flex; flex-direction: row; margin-bottom: 14px; align-items: center;\"><div> <div style=\"background-color: #F4F4F4; border-radius: 50%; height: 12.5px; width: 12.5px; transform: translateX(0px) translateY(7px);\"><\/div> <div style=\"background-color: #F4F4F4; height: 12.5px; transform: rotate(-45deg) translateX(3px) translateY(1px); width: 12.5px; flex-grow: 0; margin-right: 14px; margin-left: 2px;\"><\/div> <div style=\"background-color: #F4F4F4; border-radius: 50%; height: 12.5px; width: 12.5px; transform: translateX(9px) translateY(-18px);\"><\/div><\/div><div style=\"margin-left: 8px;\"> <div style=\" background-color: #F4F4F4; border-radius: 50%; flex-grow: 0; height: 20px; width: 20px;\"><\/div> <div style=\" width: 0; height: 0; border-top: 2px solid transparent; border-left: 6px solid #f4f4f4; border-bottom: 2px solid transparent; transform: translateX(16px) translateY(-4px) rotate(30deg)\"><\/div><\/div><div style=\"margin-left: auto;\"> <div style=\" width: 0px; border-top: 8px solid #F4F4F4; border-right: 8px solid transparent; transform: translateY(16px);\"><\/div> <div style=\" background-color: #F4F4F4; flex-grow: 0; height: 12px; width: 16px; transform: translateY(-4px);\"><\/div> <div style=\" width: 0; height: 0; border-top: 8px solid #F4F4F4; border-left: 8px solid transparent; transform: translateY(-4px) translateX(8px);\"><\/div><\/div><\/div> <div style=\"display: flex; flex-direction: column; flex-grow: 1; justify-content: center; margin-bottom: 24px;\"> <div style=\" background-color: #F4F4F4; border-radius: 4px; flex-grow: 0; height: 14px; margin-bottom: 6px; width: 224px;\"><\/div> <div style=\" background-color: #F4F4F4; border-radius: 4px; flex-grow: 0; height: 14px; width: 144px;\"><\/div><\/div><\/a><p style=\" color:#c9c8cd; font-family:Arial,sans-serif; font-size:14px; line-height:17px; margin-bottom:0; margin-top:8px; overflow:hidden; padding:8px 0 7px; text-align:center; text-overflow:ellipsis; white-space:nowrap;\"><a href=\"https:\/\/www.instagram.com\/p\/CV_M4NEhnvE\/?utm_source=ig_embed&amp;utm_campaign=loading\" style=\" color:#c9c8cd; font-family:Arial,sans-serif; font-size:14px; font-style:normal; font-weight:normal; line-height:17px; text-decoration:none;\" target=\"_blank\" rel=\"noopener\">Uma publica\u00e7\u00e3o compartilhada por Vin Diesel (@vindiesel)<\/a><\/p><\/div><\/blockquote> <script async src=\"\/\/www.instagram.com\/embed.js\"><\/script>\n\n\n\n<\/center>\n\n\n\n\n\n<p>The Rock participou de quatro filmes da franquia &#8216;Velozes &amp; Furiosos&#8217; &#8211; entre o 5\u00ba e o 8\u00ba &#8211; al\u00e9m do derivado &#8216;<a href=\"https:\/\/www.filmelier.com\/br\/film\/7697\/velozes-furiosos-hobbs-shaw\" target=\"_blank\" data-type=\"URL\" data-id=\"https:\/\/www.filmelier.com\/br\/film\/7697\/velozes-furiosos-hobbs-shaw\" rel=\"noreferrer noopener\">Hobbs &amp; Shaw<\/a>&#8216;. No entanto, vale ressaltar que sua sa\u00edda brusca da franquia foi por conta de conflitos com Diesel durante as grava\u00e7\u00f5es.<\/p>\n\n\n\n<p>O pr\u00f3ximo longa da Universal Pictures ser\u00e1 o d\u00e9cimo da saga. &#8216;Velozes &amp; Furiosos&#8217; contar\u00e1 com o retorno de <a href=\"https:\/\/www.filmelier.com\/br\/director\/justin-lin\">Justin Lin<\/a>  na dire\u00e7\u00e3o e, provavelmente, de grande parte do elenco principal. Al\u00e9m disso, Cardi B, que fez uma ponta em &#8216;Velozes e Furiosos 9&#8217;, tamb\u00e9m deve voltar.<\/p>\n\n\n\n<p>&#8216;Velozes &amp; Furiosos 10&#8217; entrar\u00e1 em cartaz nos cinemas norte-americanos em 7 de abril de 2023. <\/p>\n\n\n\n<p class=\"has-text-align-center\"><strong>Siga o Filmelier no&nbsp;<a rel=\"noreferrer noopener\" href=\"https:\/\/www.facebook.com\/filmelierbr\" target=\"_blank\">Facebook<\/a>,&nbsp;<a rel=\"noreferrer noopener\" href=\"https:\/\/www.twitter.com\/filmelierbr\" target=\"_blank\">Twitter<\/a>,&nbsp;<a rel=\"noreferrer noopener\" href=\"https:\/\/www.instagram.com\/filmelierbr\" target=\"_blank\">Instagram<\/a>&nbsp;e&nbsp;<a rel=\"noreferrer noopener\" href=\"https:\/\/www.tiktok.com\/@filmelierbr\" target=\"_blank\">TikTok<\/a>.<\/strong><\/p>\n","protected":false},"excerpt":{"rendered":"<p>Com Justin Lin na dire\u00e7\u00e3o, o pr\u00f3ximo filme de &#8216;Velozes &#038; Furiosos&#8217; ser\u00e1 o d\u00e9cimo da saga<\/p>\n","protected":false},"author":14,"featured_media":21329,"comment_status":"closed","ping_status":"open","sticky":false,"template":"","format":"standard","meta":{"_acf_changed":false,"footnotes":""},"categories":[3482],"tags":[3905,5978,9972,9874,9875,9765,5977],"class_list":["post-21317","post","type-post","status-publish","format-standard","has-post-thumbnail","hentry","category-filmes-br","tag-acao-br","tag-dwayne-johnson","tag-the-rock","tag-velozes-furiosos-9","tag-velozes-e-furiosos","tag-velozes-e-furiosos-10","tag-vin-diesel"],"acf":{"subtitulo":"","id_ator":""},"yoast_head":"<!-- This site is optimized with the Yoast SEO plugin v26.1.1 - https:\/\/yoast.com\/wordpress\/plugins\/seo\/ -->\n<title>&#039;Velozes &amp; Furiosos&#039;: Vin Diesel pede para The Rock voltar para franquia - News Filmelier<\/title>\n<meta name=\"robots\" content=\"index, follow, max-snippet:-1, max-image-preview:large, max-video-preview:-1\" \/>\n<link rel=\"canonical\" href=\"https:\/\/news.filmelier.com\/br\/velozes-e-furiosos-vin-diesel-the-rock\/\" \/>\n<meta property=\"og:locale\" content=\"pt_BR\" \/>\n<meta property=\"og:type\" content=\"article\" \/>\n<meta property=\"og:title\" content=\"&#039;Velozes &amp; Furiosos&#039;: Vin Diesel pede para The Rock voltar para franquia - News Filmelier\" \/>\n<meta property=\"og:description\" content=\"Com Justin Lin na dire\u00e7\u00e3o, o pr\u00f3ximo filme de &#039;Velozes &amp; Furiosos&#039; ser\u00e1 o d\u00e9cimo da saga\" \/>\n<meta property=\"og:url\" content=\"https:\/\/news.filmelier.com\/br\/velozes-e-furiosos-vin-diesel-the-rock\/\" \/>\n<meta property=\"og:site_name\" content=\"News Filmelier\" \/>\n<meta property=\"article:published_time\" content=\"2021-11-08T13:31:42+00:00\" \/>\n<meta property=\"og:image\" content=\"https:\/\/homolog.news.filmelier.com\/wp-content\/uploads\/2021\/11\/vin_diesel_the_rock-e1636377829755.png\" \/>\n\t<meta property=\"og:image:width\" content=\"1200\" \/>\n\t<meta property=\"og:image:height\" content=\"525\" \/>\n\t<meta property=\"og:image:type\" content=\"image\/png\" \/>\n<meta name=\"author\" content=\"Reda\u00e7\u00e3o Filmelier\" \/>\n<meta name=\"twitter:card\" content=\"summary_large_image\" \/>\n<meta name=\"twitter:label1\" content=\"Escrito por\" \/>\n\t<meta name=\"twitter:data1\" content=\"Reda\u00e7\u00e3o Filmelier\" \/>\n\t<meta name=\"twitter:label2\" content=\"Est. tempo de leitura\" \/>\n\t<meta name=\"twitter:data2\" content=\"2 minutos\" \/>\n<script type=\"application\/ld+json\" class=\"yoast-schema-graph\">{\"@context\":\"https:\/\/schema.org\",\"@graph\":[{\"@type\":\"Article\",\"@id\":\"https:\/\/news.filmelier.com\/br\/velozes-e-furiosos-vin-diesel-the-rock\/#article\",\"isPartOf\":{\"@id\":\"https:\/\/news.filmelier.com\/br\/velozes-e-furiosos-vin-diesel-the-rock\/\"},\"author\":{\"name\":\"Reda\u00e7\u00e3o Filmelier\",\"@id\":\"https:\/\/homolog.news.filmelier.com\/br\/#\/schema\/person\/a6491aa555ce96d9d1cc15f1742dbd7b\"},\"headline\":\"&#8216;Velozes &#038; Furiosos&#8217;: Vin Diesel pede para The Rock voltar para franquia\",\"datePublished\":\"2021-11-08T13:31:42+00:00\",\"mainEntityOfPage\":{\"@id\":\"https:\/\/news.filmelier.com\/br\/velozes-e-furiosos-vin-diesel-the-rock\/\"},\"wordCount\":342,\"publisher\":{\"@id\":\"https:\/\/homolog.news.filmelier.com\/br\/#organization\"},\"image\":{\"@id\":\"https:\/\/news.filmelier.com\/br\/velozes-e-furiosos-vin-diesel-the-rock\/#primaryimage\"},\"thumbnailUrl\":\"https:\/\/news.filmelier.com\/wp-content\/uploads\/2021\/11\/vin_diesel_the_rock-e1636377829755.png\",\"keywords\":[\"A\u00e7\u00e3o\",\"Dwayne Johnson\",\"The Rock\",\"Velozes &amp; Furiosos 9\",\"Velozes e Furiosos\",\"Velozes e Furiosos 10\",\"Vin Diesel\"],\"articleSection\":[\"Filmes\"],\"inLanguage\":\"pt-BR\"},{\"@type\":\"WebPage\",\"@id\":\"https:\/\/news.filmelier.com\/br\/velozes-e-furiosos-vin-diesel-the-rock\/\",\"url\":\"https:\/\/news.filmelier.com\/br\/velozes-e-furiosos-vin-diesel-the-rock\/\",\"name\":\"'Velozes & Furiosos': Vin Diesel pede para The Rock voltar para franquia - News Filmelier\",\"isPartOf\":{\"@id\":\"https:\/\/homolog.news.filmelier.com\/br\/#website\"},\"primaryImageOfPage\":{\"@id\":\"https:\/\/news.filmelier.com\/br\/velozes-e-furiosos-vin-diesel-the-rock\/#primaryimage\"},\"image\":{\"@id\":\"https:\/\/news.filmelier.com\/br\/velozes-e-furiosos-vin-diesel-the-rock\/#primaryimage\"},\"thumbnailUrl\":\"https:\/\/news.filmelier.com\/wp-content\/uploads\/2021\/11\/vin_diesel_the_rock-e1636377829755.png\",\"datePublished\":\"2021-11-08T13:31:42+00:00\",\"breadcrumb\":{\"@id\":\"https:\/\/news.filmelier.com\/br\/velozes-e-furiosos-vin-diesel-the-rock\/#breadcrumb\"},\"inLanguage\":\"pt-BR\",\"potentialAction\":[{\"@type\":\"ReadAction\",\"target\":[\"https:\/\/news.filmelier.com\/br\/velozes-e-furiosos-vin-diesel-the-rock\/\"]}]},{\"@type\":\"ImageObject\",\"inLanguage\":\"pt-BR\",\"@id\":\"https:\/\/news.filmelier.com\/br\/velozes-e-furiosos-vin-diesel-the-rock\/#primaryimage\",\"url\":\"https:\/\/news.filmelier.com\/wp-content\/uploads\/2021\/11\/vin_diesel_the_rock-e1636377829755.png\",\"contentUrl\":\"https:\/\/news.filmelier.com\/wp-content\/uploads\/2021\/11\/vin_diesel_the_rock-e1636377829755.png\",\"width\":1200,\"height\":525,\"caption\":\"Houve tens\u00f5es entre Vin Diesel e Dwayne Johnson durante as filmagens de \u2018Velozes e Furiosos 8\u2019 (Cr\u00e9dito: Universal Pictures)\"},{\"@type\":\"BreadcrumbList\",\"@id\":\"https:\/\/news.filmelier.com\/br\/velozes-e-furiosos-vin-diesel-the-rock\/#breadcrumb\",\"itemListElement\":[{\"@type\":\"ListItem\",\"position\":1,\"name\":\"In\u00edcio\",\"item\":\"https:\/\/homolog.news.filmelier.com\/br\/\"},{\"@type\":\"ListItem\",\"position\":2,\"name\":\"&#8216;Velozes &#038; Furiosos&#8217;: Vin Diesel pede para The Rock voltar para franquia\"}]},{\"@type\":\"WebSite\",\"@id\":\"https:\/\/homolog.news.filmelier.com\/br\/#website\",\"url\":\"https:\/\/homolog.news.filmelier.com\/br\/\",\"name\":\"Homolog Filmelier News Rankrup\",\"description\":\"\",\"publisher\":{\"@id\":\"https:\/\/homolog.news.filmelier.com\/br\/#organization\"},\"potentialAction\":[{\"@type\":\"SearchAction\",\"target\":{\"@type\":\"EntryPoint\",\"urlTemplate\":\"https:\/\/homolog.news.filmelier.com\/br\/?s={search_term_string}\"},\"query-input\":{\"@type\":\"PropertyValueSpecification\",\"valueRequired\":true,\"valueName\":\"search_term_string\"}}],\"inLanguage\":\"pt-BR\"},{\"@type\":\"Organization\",\"@id\":\"https:\/\/homolog.news.filmelier.com\/br\/#organization\",\"name\":\"Homolog Filmelier News Rankrup\",\"url\":\"https:\/\/homolog.news.filmelier.com\/br\/\",\"logo\":{\"@type\":\"ImageObject\",\"inLanguage\":\"pt-BR\",\"@id\":\"https:\/\/homolog.news.filmelier.com\/br\/#\/schema\/logo\/image\/\",\"url\":\"https:\/\/news.filmelier.com\/wp-content\/uploads\/2024\/11\/Logo-News.png\",\"contentUrl\":\"https:\/\/news.filmelier.com\/wp-content\/uploads\/2024\/11\/Logo-News.png\",\"width\":460,\"height\":108,\"caption\":\"Homolog Filmelier News Rankrup\"},\"image\":{\"@id\":\"https:\/\/homolog.news.filmelier.com\/br\/#\/schema\/logo\/image\/\"}},{\"@type\":\"Person\",\"@id\":\"https:\/\/homolog.news.filmelier.com\/br\/#\/schema\/person\/a6491aa555ce96d9d1cc15f1742dbd7b\",\"name\":\"Reda\u00e7\u00e3o Filmelier\",\"image\":{\"@type\":\"ImageObject\",\"inLanguage\":\"pt-BR\",\"@id\":\"https:\/\/homolog.news.filmelier.com\/br\/#\/schema\/person\/image\/\",\"url\":\"https:\/\/secure.gravatar.com\/avatar\/8bf80419447553f32d821a953683c4666faca8d781f143825a02644ae3f7e2d0?s=96&d=mm&r=g\",\"contentUrl\":\"https:\/\/secure.gravatar.com\/avatar\/8bf80419447553f32d821a953683c4666faca8d781f143825a02644ae3f7e2d0?s=96&d=mm&r=g\",\"caption\":\"Reda\u00e7\u00e3o Filmelier\"},\"description\":\"Somos um time de jornalistas e cr\u00edticos que respira cinema a 24 quadros por segundo. Das estreias do circuito aos cl\u00e1ssicos restaurados, da curadoria em streamings \u00e0s entrevistas nos bastidores, nossa reda\u00e7\u00e3o transforma filmes em conte\u00fado inteligente \u2014 com an\u00e1lises afiadas, guias pr\u00e1ticos e hist\u00f3rias que fazem voc\u00ea ver a s\u00e9tima arte com outros olhos. Aqui no Filmelier, cinema n\u00e3o \u00e9 s\u00f3 lazer: \u00e9 of\u00edcio, \u00e9 expertise, \u00e9 paix\u00e3o em forma de texto.\",\"url\":\"https:\/\/news.filmelier.com\/br\/author\/contato-filmelier\/\"}]}<\/script>\n<!-- \/ Yoast SEO plugin. -->","yoast_head_json":{"title":"'Velozes & Furiosos': Vin Diesel pede para The Rock voltar para franquia - News Filmelier","robots":{"index":"index","follow":"follow","max-snippet":"max-snippet:-1","max-image-preview":"max-image-preview:large","max-video-preview":"max-video-preview:-1"},"canonical":"https:\/\/news.filmelier.com\/br\/velozes-e-furiosos-vin-diesel-the-rock\/","og_locale":"pt_BR","og_type":"article","og_title":"'Velozes & Furiosos': Vin Diesel pede para The Rock voltar para franquia - News Filmelier","og_description":"Com Justin Lin na dire\u00e7\u00e3o, o pr\u00f3ximo filme de 'Velozes & Furiosos' ser\u00e1 o d\u00e9cimo da saga","og_url":"https:\/\/news.filmelier.com\/br\/velozes-e-furiosos-vin-diesel-the-rock\/","og_site_name":"News Filmelier","article_published_time":"2021-11-08T13:31:42+00:00","og_image":[{"width":1200,"height":525,"url":"https:\/\/homolog.news.filmelier.com\/wp-content\/uploads\/2021\/11\/vin_diesel_the_rock-e1636377829755.png","type":"image\/png"}],"author":"Reda\u00e7\u00e3o Filmelier","twitter_card":"summary_large_image","twitter_misc":{"Escrito por":"Reda\u00e7\u00e3o Filmelier","Est. tempo de leitura":"2 minutos"},"schema":{"@context":"https:\/\/schema.org","@graph":[{"@type":"Article","@id":"https:\/\/news.filmelier.com\/br\/velozes-e-furiosos-vin-diesel-the-rock\/#article","isPartOf":{"@id":"https:\/\/news.filmelier.com\/br\/velozes-e-furiosos-vin-diesel-the-rock\/"},"author":{"name":"Reda\u00e7\u00e3o Filmelier","@id":"https:\/\/homolog.news.filmelier.com\/br\/#\/schema\/person\/a6491aa555ce96d9d1cc15f1742dbd7b"},"headline":"&#8216;Velozes &#038; Furiosos&#8217;: Vin Diesel pede para The Rock voltar para franquia","datePublished":"2021-11-08T13:31:42+00:00","mainEntityOfPage":{"@id":"https:\/\/news.filmelier.com\/br\/velozes-e-furiosos-vin-diesel-the-rock\/"},"wordCount":342,"publisher":{"@id":"https:\/\/homolog.news.filmelier.com\/br\/#organization"},"image":{"@id":"https:\/\/news.filmelier.com\/br\/velozes-e-furiosos-vin-diesel-the-rock\/#primaryimage"},"thumbnailUrl":"https:\/\/news.filmelier.com\/wp-content\/uploads\/2021\/11\/vin_diesel_the_rock-e1636377829755.png","keywords":["A\u00e7\u00e3o","Dwayne Johnson","The Rock","Velozes &amp; Furiosos 9","Velozes e Furiosos","Velozes e Furiosos 10","Vin Diesel"],"articleSection":["Filmes"],"inLanguage":"pt-BR"},{"@type":"WebPage","@id":"https:\/\/news.filmelier.com\/br\/velozes-e-furiosos-vin-diesel-the-rock\/","url":"https:\/\/news.filmelier.com\/br\/velozes-e-furiosos-vin-diesel-the-rock\/","name":"'Velozes & Furiosos': Vin Diesel pede para The Rock voltar para franquia - News Filmelier","isPartOf":{"@id":"https:\/\/homolog.news.filmelier.com\/br\/#website"},"primaryImageOfPage":{"@id":"https:\/\/news.filmelier.com\/br\/velozes-e-furiosos-vin-diesel-the-rock\/#primaryimage"},"image":{"@id":"https:\/\/news.filmelier.com\/br\/velozes-e-furiosos-vin-diesel-the-rock\/#primaryimage"},"thumbnailUrl":"https:\/\/news.filmelier.com\/wp-content\/uploads\/2021\/11\/vin_diesel_the_rock-e1636377829755.png","datePublished":"2021-11-08T13:31:42+00:00","breadcrumb":{"@id":"https:\/\/news.filmelier.com\/br\/velozes-e-furiosos-vin-diesel-the-rock\/#breadcrumb"},"inLanguage":"pt-BR","potentialAction":[{"@type":"ReadAction","target":["https:\/\/news.filmelier.com\/br\/velozes-e-furiosos-vin-diesel-the-rock\/"]}]},{"@type":"ImageObject","inLanguage":"pt-BR","@id":"https:\/\/news.filmelier.com\/br\/velozes-e-furiosos-vin-diesel-the-rock\/#primaryimage","url":"https:\/\/news.filmelier.com\/wp-content\/uploads\/2021\/11\/vin_diesel_the_rock-e1636377829755.png","contentUrl":"https:\/\/news.filmelier.com\/wp-content\/uploads\/2021\/11\/vin_diesel_the_rock-e1636377829755.png","width":1200,"height":525,"caption":"Houve tens\u00f5es entre Vin Diesel e Dwayne Johnson durante as filmagens de \u2018Velozes e Furiosos 8\u2019 (Cr\u00e9dito: Universal Pictures)"},{"@type":"BreadcrumbList","@id":"https:\/\/news.filmelier.com\/br\/velozes-e-furiosos-vin-diesel-the-rock\/#breadcrumb","itemListElement":[{"@type":"ListItem","position":1,"name":"In\u00edcio","item":"https:\/\/homolog.news.filmelier.com\/br\/"},{"@type":"ListItem","position":2,"name":"&#8216;Velozes &#038; Furiosos&#8217;: Vin Diesel pede para The Rock voltar para franquia"}]},{"@type":"WebSite","@id":"https:\/\/homolog.news.filmelier.com\/br\/#website","url":"https:\/\/homolog.news.filmelier.com\/br\/","name":"Homolog Filmelier News Rankrup","description":"","publisher":{"@id":"https:\/\/homolog.news.filmelier.com\/br\/#organization"},"potentialAction":[{"@type":"SearchAction","target":{"@type":"EntryPoint","urlTemplate":"https:\/\/homolog.news.filmelier.com\/br\/?s={search_term_string}"},"query-input":{"@type":"PropertyValueSpecification","valueRequired":true,"valueName":"search_term_string"}}],"inLanguage":"pt-BR"},{"@type":"Organization","@id":"https:\/\/homolog.news.filmelier.com\/br\/#organization","name":"Homolog Filmelier News Rankrup","url":"https:\/\/homolog.news.filmelier.com\/br\/","logo":{"@type":"ImageObject","inLanguage":"pt-BR","@id":"https:\/\/homolog.news.filmelier.com\/br\/#\/schema\/logo\/image\/","url":"https:\/\/news.filmelier.com\/wp-content\/uploads\/2024\/11\/Logo-News.png","contentUrl":"https:\/\/news.filmelier.com\/wp-content\/uploads\/2024\/11\/Logo-News.png","width":460,"height":108,"caption":"Homolog Filmelier News Rankrup"},"image":{"@id":"https:\/\/homolog.news.filmelier.com\/br\/#\/schema\/logo\/image\/"}},{"@type":"Person","@id":"https:\/\/homolog.news.filmelier.com\/br\/#\/schema\/person\/a6491aa555ce96d9d1cc15f1742dbd7b","name":"Reda\u00e7\u00e3o Filmelier","image":{"@type":"ImageObject","inLanguage":"pt-BR","@id":"https:\/\/homolog.news.filmelier.com\/br\/#\/schema\/person\/image\/","url":"https:\/\/secure.gravatar.com\/avatar\/8bf80419447553f32d821a953683c4666faca8d781f143825a02644ae3f7e2d0?s=96&d=mm&r=g","contentUrl":"https:\/\/secure.gravatar.com\/avatar\/8bf80419447553f32d821a953683c4666faca8d781f143825a02644ae3f7e2d0?s=96&d=mm&r=g","caption":"Reda\u00e7\u00e3o Filmelier"},"description":"Somos um time de jornalistas e cr\u00edticos que respira cinema a 24 quadros por segundo. Das estreias do circuito aos cl\u00e1ssicos restaurados, da curadoria em streamings \u00e0s entrevistas nos bastidores, nossa reda\u00e7\u00e3o transforma filmes em conte\u00fado inteligente \u2014 com an\u00e1lises afiadas, guias pr\u00e1ticos e hist\u00f3rias que fazem voc\u00ea ver a s\u00e9tima arte com outros olhos. Aqui no Filmelier, cinema n\u00e3o \u00e9 s\u00f3 lazer: \u00e9 of\u00edcio, \u00e9 expertise, \u00e9 paix\u00e3o em forma de texto.","url":"https:\/\/news.filmelier.com\/br\/author\/contato-filmelier\/"}]}},"_links":{"self":[{"href":"https:\/\/news.filmelier.com\/br\/wp-json\/wp\/v2\/posts\/21317","targetHints":{"allow":["GET"]}}],"collection":[{"href":"https:\/\/news.filmelier.com\/br\/wp-json\/wp\/v2\/posts"}],"about":[{"href":"https:\/\/news.filmelier.com\/br\/wp-json\/wp\/v2\/types\/post"}],"author":[{"embeddable":true,"href":"https:\/\/news.filmelier.com\/br\/wp-json\/wp\/v2\/users\/14"}],"replies":[{"embeddable":true,"href":"https:\/\/news.filmelier.com\/br\/wp-json\/wp\/v2\/comments?post=21317"}],"version-history":[{"count":0,"href":"https:\/\/news.filmelier.com\/br\/wp-json\/wp\/v2\/posts\/21317\/revisions"}],"wp:featuredmedia":[{"embeddable":true,"href":"https:\/\/news.filmelier.com\/br\/wp-json\/wp\/v2\/media\/21329"}],"wp:attachment":[{"href":"https:\/\/news.filmelier.com\/br\/wp-json\/wp\/v2\/media?parent=21317"}],"wp:term":[{"taxonomy":"category","embeddable":true,"href":"https:\/\/news.filmelier.com\/br\/wp-json\/wp\/v2\/categories?post=21317"},{"taxonomy":"post_tag","embeddable":true,"href":"https:\/\/news.filmelier.com\/br\/wp-json\/wp\/v2\/tags?post=21317"}],"curies":[{"name":"wp","href":"https:\/\/api.w.org\/{rel}","templated":true}]}}