{"id":21293,"date":"2021-11-05T17:21:06","date_gmt":"2021-11-05T20:21:06","guid":{"rendered":"https:\/\/www.filmelier.com\/br\/noticias\/?p=21293"},"modified":"2021-11-05T17:21:06","modified_gmt":"2021-11-05T20:21:06","slug":"taika-waititi-adaptacao-hq-incal","status":"publish","type":"post","link":"https:\/\/news.filmelier.com\/br\/taika-waititi-adaptacao-hq-incal\/","title":{"rendered":"&#8216;Incal&#8217;: Taika Waititi vai dirigir adapta\u00e7\u00e3o da cl\u00e1ssica graphic novel"},"content":{"rendered":"\n<p> O cineasta neozeland\u00eas <a href=\"https:\/\/www.filmelier.com\/br\/director\/taika-waititi\">Taika Waititi<\/a> (\u2018<a href=\"https:\/\/www.filmelier.com\/br\/film\/8233\/jojo-rabbit\" target=\"_blank\" data-type=\"URL\" data-id=\"https:\/\/www.filmelier.com\/br\/film\/8233\/jojo-rabbit\" rel=\"noreferrer noopener\">Jojo Rabbit<\/a>\u2019 e \u2018<a href=\"https:\/\/www.filmelier.com\/br\/film\/6054\/thor-ragnarok\" target=\"_blank\" data-type=\"URL\" data-id=\"https:\/\/www.filmelier.com\/br\/film\/6054\/thor-ragnarok\" rel=\"noreferrer noopener\">Thor: Ragnarok<\/a>&#8216;) ir\u00e1 dirigir a primeira adapta\u00e7\u00e3o da graphic novel \u2018Incal\u2019, HQ escrita por Alejandro Jodorowsky e desenhada por Jean Giraud &#8211; conhecido por &#8216;Moebius&#8217; &#8211; e considerada uma das maiores obras da fic\u00e7\u00e3o cient\u00edfica. <\/p>\n\n\n\n<ul class=\"wp-block-list\"><li><strong>Veja tamb\u00e9m: <a href=\"https:\/\/www.filmelier.com\/br\/noticias\/eternos-diversidade-marvel-studios\">\u2018Eternos\u2019 e a tardia inclus\u00e3o da Marvel Studios no mundo dos her\u00f3is<\/a><\/strong><\/li><\/ul>\n\n\n\n<p>O an\u00fancio foi feito atrav\u00e9s de um v\u00eddeo, assista: <\/p>\n\n\n\n<figure class=\"wp-block-embed is-type-video is-provider-youtube wp-block-embed-youtube wp-embed-aspect-16-9 wp-has-aspect-ratio\"><div class=\"wp-block-embed__wrapper\">\n<iframe title=\"The Incal - The Movie\" width=\"800\" height=\"450\" src=\"https:\/\/www.youtube.com\/embed\/1DkxB75CNvA?feature=oembed\" frameborder=\"0\" allow=\"accelerometer; autoplay; clipboard-write; encrypted-media; gyroscope; picture-in-picture; web-share\" referrerpolicy=\"strict-origin-when-cross-origin\" allowfullscreen><\/iframe>\n<\/div><\/figure>\n\n\n\n<p>De acordo com informa\u00e7\u00f5es divulgadas pela <a href=\"https:\/\/deadline.com\/2021\/11\/taika-waititi-to-adapt-alejandro-jodorowsky-graphic-novel-the-incal-as-film-1234867589\/\">Variety<\/a>, Waititi tamb\u00e9m vai co-escrever o roteiro ao lado de <a href=\"https:\/\/www.filmelier.com\/br\/director\/jemaine-clement\">Jemaine Clement<\/a>, com quem trabalhou no filme <a href=\"https:\/\/www.filmelier.com\/br\/film\/1002\/o-que-fazemos-nas-sombras\">&#8216;O Que Fazemos nas Sombras&#8217;<\/a>, e Peter Warren (&#8216;Ghost Team&#8217;). <\/p>\n\n\n\n<p>A &#8216;Incal&#8217;, lan\u00e7ada originalmente nos anos 1980, e recentemente republicada no Brasil pela Editora Pipoca &amp; Nanquim em tr\u00eas volumes, se passa em um mundo dist\u00f3pico. <\/p>\n\n\n\n<div class=\"wp-block-image\"><figure class=\"aligncenter size-full is-resized\"><img fetchpriority=\"high\" decoding=\"async\" src=\"https:\/\/www.filmelier.com\/br\/noticias\/wp-content\/uploads\/2021\/11\/Incal-T1_003-048-correc\u0327a\u0303o1_Pa\u0301gina_06-scaled-1-772x1024-1.jpg\" alt=\"Taika Waititi vai dirigir adapta\u00e7\u00e3o da graphic novel 'Incal'\" class=\"wp-image-21297\" width=\"633\" height=\"840\"\/><figcaption><em>\u2018Incal\u2019 \u00e9 uma HQ escrita por Alejandro Jodorowsky e desenhada por Jean Giraud (Cr\u00e9dito: Reprodu\u00e7\u00e3o \/ Pipoca &amp; Nanquim)<\/em><\/figcaption><\/figure><\/div>\n\n\n\n<p>A graphic novel acompanha John Difool, um detetive particular, que se torna o centro de uma trama gigantesca quando encontra um antigo artefato m\u00edstico chamado \u201cIncal\u201d. De um lado, o Metabar\u00e3o, o maior guerreiro da gal\u00e1xia, e do outro o Tecnopapa, est\u00e3o em busca do mesmo objeto, e Difool acaba tendo que lutar n\u00e3o s\u00f3 pela sua sobreviv\u00eancia, mas pela de todo o universo.<\/p>\n\n\n\n<p>At\u00e9 o momento o filme de &#8216;Incal&#8217; n\u00e3o tem data de estreia prevista. O dia &#8211; assim como o est\u00fadio que ir\u00e1 distribuir o longa &#8211; ser\u00e3o anunciados no futuro.<\/p>\n\n\n\n<p class=\"has-text-align-center\"><strong>Siga o Filmelier no&nbsp;<a rel=\"noreferrer noopener\" href=\"https:\/\/www.facebook.com\/filmelierbr\" target=\"_blank\">Facebook<\/a>,&nbsp;<a rel=\"noreferrer noopener\" href=\"https:\/\/www.twitter.com\/filmelierbr\" target=\"_blank\">Twitter<\/a>,&nbsp;<a rel=\"noreferrer noopener\" href=\"https:\/\/www.instagram.com\/filmelierbr\" target=\"_blank\">Instagram<\/a>&nbsp;e&nbsp;<a rel=\"noreferrer noopener\" href=\"https:\/\/www.tiktok.com\/@filmelierbr\" target=\"_blank\">TikTok<\/a>.<\/strong><\/p>\n","protected":false},"excerpt":{"rendered":"<p>\u2018Incal\u2019 \u00e9 uma HQ escrita por Alejandro Jodorowsky e desenhada por Jean Giraud<\/p>\n","protected":false},"author":14,"featured_media":21302,"comment_status":"closed","ping_status":"open","sticky":false,"template":"","format":"standard","meta":{"_acf_changed":false,"footnotes":""},"categories":[3482],"tags":[3905,9969,9970,9971,6458],"class_list":["post-21293","post","type-post","status-publish","format-standard","has-post-thumbnail","hentry","category-filmes-br","tag-acao-br","tag-graphic-novel","tag-hq","tag-incal","tag-taika-waititi"],"acf":{"subtitulo":"","id_ator":""},"yoast_head":"<!-- This site is optimized with the Yoast SEO plugin v26.1.1 - https:\/\/yoast.com\/wordpress\/plugins\/seo\/ -->\n<title>&#039;Incal&#039;: Taika Waititi vai dirigir adapta\u00e7\u00e3o da cl\u00e1ssica graphic novel - News Filmelier<\/title>\n<meta name=\"robots\" content=\"index, follow, max-snippet:-1, max-image-preview:large, max-video-preview:-1\" \/>\n<link rel=\"canonical\" href=\"https:\/\/news.filmelier.com\/br\/taika-waititi-adaptacao-hq-incal\/\" \/>\n<meta property=\"og:locale\" content=\"pt_BR\" \/>\n<meta property=\"og:type\" content=\"article\" \/>\n<meta property=\"og:title\" content=\"&#039;Incal&#039;: Taika Waititi vai dirigir adapta\u00e7\u00e3o da cl\u00e1ssica graphic novel - News Filmelier\" \/>\n<meta property=\"og:description\" content=\"\u2018Incal\u2019 \u00e9 uma HQ escrita por Alejandro Jodorowsky e desenhada por Jean Giraud\" \/>\n<meta property=\"og:url\" content=\"https:\/\/news.filmelier.com\/br\/taika-waititi-adaptacao-hq-incal\/\" \/>\n<meta property=\"og:site_name\" content=\"News Filmelier\" \/>\n<meta property=\"article:published_time\" content=\"2021-11-05T20:21:06+00:00\" \/>\n<meta name=\"author\" content=\"Reda\u00e7\u00e3o Filmelier\" \/>\n<meta name=\"twitter:card\" content=\"summary_large_image\" \/>\n<meta name=\"twitter:label1\" content=\"Escrito por\" \/>\n\t<meta name=\"twitter:data1\" content=\"Reda\u00e7\u00e3o Filmelier\" \/>\n\t<meta name=\"twitter:label2\" content=\"Est. tempo de leitura\" \/>\n\t<meta name=\"twitter:data2\" content=\"1 minuto\" \/>\n<script type=\"application\/ld+json\" class=\"yoast-schema-graph\">{\"@context\":\"https:\/\/schema.org\",\"@graph\":[{\"@type\":\"Article\",\"@id\":\"https:\/\/news.filmelier.com\/br\/taika-waititi-adaptacao-hq-incal\/#article\",\"isPartOf\":{\"@id\":\"https:\/\/news.filmelier.com\/br\/taika-waititi-adaptacao-hq-incal\/\"},\"author\":{\"name\":\"Reda\u00e7\u00e3o Filmelier\",\"@id\":\"https:\/\/homolog.news.filmelier.com\/br\/#\/schema\/person\/a6491aa555ce96d9d1cc15f1742dbd7b\"},\"headline\":\"&#8216;Incal&#8217;: Taika Waititi vai dirigir adapta\u00e7\u00e3o da cl\u00e1ssica graphic novel\",\"datePublished\":\"2021-11-05T20:21:06+00:00\",\"mainEntityOfPage\":{\"@id\":\"https:\/\/news.filmelier.com\/br\/taika-waititi-adaptacao-hq-incal\/\"},\"wordCount\":295,\"publisher\":{\"@id\":\"https:\/\/homolog.news.filmelier.com\/br\/#organization\"},\"image\":{\"@id\":\"https:\/\/news.filmelier.com\/br\/taika-waititi-adaptacao-hq-incal\/#primaryimage\"},\"thumbnailUrl\":\"\",\"keywords\":[\"A\u00e7\u00e3o\",\"graphic novel\",\"HQ\",\"Incal\",\"Taika Waititi\"],\"articleSection\":[\"Filmes\"],\"inLanguage\":\"pt-BR\"},{\"@type\":\"WebPage\",\"@id\":\"https:\/\/news.filmelier.com\/br\/taika-waititi-adaptacao-hq-incal\/\",\"url\":\"https:\/\/news.filmelier.com\/br\/taika-waititi-adaptacao-hq-incal\/\",\"name\":\"'Incal': Taika Waititi vai dirigir adapta\u00e7\u00e3o da cl\u00e1ssica graphic novel - News Filmelier\",\"isPartOf\":{\"@id\":\"https:\/\/homolog.news.filmelier.com\/br\/#website\"},\"primaryImageOfPage\":{\"@id\":\"https:\/\/news.filmelier.com\/br\/taika-waititi-adaptacao-hq-incal\/#primaryimage\"},\"image\":{\"@id\":\"https:\/\/news.filmelier.com\/br\/taika-waititi-adaptacao-hq-incal\/#primaryimage\"},\"thumbnailUrl\":\"\",\"datePublished\":\"2021-11-05T20:21:06+00:00\",\"breadcrumb\":{\"@id\":\"https:\/\/news.filmelier.com\/br\/taika-waititi-adaptacao-hq-incal\/#breadcrumb\"},\"inLanguage\":\"pt-BR\",\"potentialAction\":[{\"@type\":\"ReadAction\",\"target\":[\"https:\/\/news.filmelier.com\/br\/taika-waititi-adaptacao-hq-incal\/\"]}]},{\"@type\":\"ImageObject\",\"inLanguage\":\"pt-BR\",\"@id\":\"https:\/\/news.filmelier.com\/br\/taika-waititi-adaptacao-hq-incal\/#primaryimage\",\"url\":\"\",\"contentUrl\":\"\"},{\"@type\":\"BreadcrumbList\",\"@id\":\"https:\/\/news.filmelier.com\/br\/taika-waititi-adaptacao-hq-incal\/#breadcrumb\",\"itemListElement\":[{\"@type\":\"ListItem\",\"position\":1,\"name\":\"In\u00edcio\",\"item\":\"https:\/\/homolog.news.filmelier.com\/br\/\"},{\"@type\":\"ListItem\",\"position\":2,\"name\":\"&#8216;Incal&#8217;: Taika Waititi vai dirigir adapta\u00e7\u00e3o da cl\u00e1ssica graphic novel\"}]},{\"@type\":\"WebSite\",\"@id\":\"https:\/\/homolog.news.filmelier.com\/br\/#website\",\"url\":\"https:\/\/homolog.news.filmelier.com\/br\/\",\"name\":\"Homolog Filmelier News Rankrup\",\"description\":\"\",\"publisher\":{\"@id\":\"https:\/\/homolog.news.filmelier.com\/br\/#organization\"},\"potentialAction\":[{\"@type\":\"SearchAction\",\"target\":{\"@type\":\"EntryPoint\",\"urlTemplate\":\"https:\/\/homolog.news.filmelier.com\/br\/?s={search_term_string}\"},\"query-input\":{\"@type\":\"PropertyValueSpecification\",\"valueRequired\":true,\"valueName\":\"search_term_string\"}}],\"inLanguage\":\"pt-BR\"},{\"@type\":\"Organization\",\"@id\":\"https:\/\/homolog.news.filmelier.com\/br\/#organization\",\"name\":\"Homolog Filmelier News Rankrup\",\"url\":\"https:\/\/homolog.news.filmelier.com\/br\/\",\"logo\":{\"@type\":\"ImageObject\",\"inLanguage\":\"pt-BR\",\"@id\":\"https:\/\/homolog.news.filmelier.com\/br\/#\/schema\/logo\/image\/\",\"url\":\"https:\/\/news.filmelier.com\/wp-content\/uploads\/2024\/11\/Logo-News.png\",\"contentUrl\":\"https:\/\/news.filmelier.com\/wp-content\/uploads\/2024\/11\/Logo-News.png\",\"width\":460,\"height\":108,\"caption\":\"Homolog Filmelier News Rankrup\"},\"image\":{\"@id\":\"https:\/\/homolog.news.filmelier.com\/br\/#\/schema\/logo\/image\/\"}},{\"@type\":\"Person\",\"@id\":\"https:\/\/homolog.news.filmelier.com\/br\/#\/schema\/person\/a6491aa555ce96d9d1cc15f1742dbd7b\",\"name\":\"Reda\u00e7\u00e3o Filmelier\",\"image\":{\"@type\":\"ImageObject\",\"inLanguage\":\"pt-BR\",\"@id\":\"https:\/\/homolog.news.filmelier.com\/br\/#\/schema\/person\/image\/\",\"url\":\"https:\/\/secure.gravatar.com\/avatar\/8bf80419447553f32d821a953683c4666faca8d781f143825a02644ae3f7e2d0?s=96&d=mm&r=g\",\"contentUrl\":\"https:\/\/secure.gravatar.com\/avatar\/8bf80419447553f32d821a953683c4666faca8d781f143825a02644ae3f7e2d0?s=96&d=mm&r=g\",\"caption\":\"Reda\u00e7\u00e3o Filmelier\"},\"description\":\"Somos um time de jornalistas e cr\u00edticos que respira cinema a 24 quadros por segundo. Das estreias do circuito aos cl\u00e1ssicos restaurados, da curadoria em streamings \u00e0s entrevistas nos bastidores, nossa reda\u00e7\u00e3o transforma filmes em conte\u00fado inteligente \u2014 com an\u00e1lises afiadas, guias pr\u00e1ticos e hist\u00f3rias que fazem voc\u00ea ver a s\u00e9tima arte com outros olhos. Aqui no Filmelier, cinema n\u00e3o \u00e9 s\u00f3 lazer: \u00e9 of\u00edcio, \u00e9 expertise, \u00e9 paix\u00e3o em forma de texto.\",\"url\":\"https:\/\/news.filmelier.com\/br\/author\/contato-filmelier\/\"}]}<\/script>\n<!-- \/ Yoast SEO plugin. -->","yoast_head_json":{"title":"'Incal': Taika Waititi vai dirigir adapta\u00e7\u00e3o da cl\u00e1ssica graphic novel - News Filmelier","robots":{"index":"index","follow":"follow","max-snippet":"max-snippet:-1","max-image-preview":"max-image-preview:large","max-video-preview":"max-video-preview:-1"},"canonical":"https:\/\/news.filmelier.com\/br\/taika-waititi-adaptacao-hq-incal\/","og_locale":"pt_BR","og_type":"article","og_title":"'Incal': Taika Waititi vai dirigir adapta\u00e7\u00e3o da cl\u00e1ssica graphic novel - News Filmelier","og_description":"\u2018Incal\u2019 \u00e9 uma HQ escrita por Alejandro Jodorowsky e desenhada por Jean Giraud","og_url":"https:\/\/news.filmelier.com\/br\/taika-waititi-adaptacao-hq-incal\/","og_site_name":"News Filmelier","article_published_time":"2021-11-05T20:21:06+00:00","author":"Reda\u00e7\u00e3o Filmelier","twitter_card":"summary_large_image","twitter_misc":{"Escrito por":"Reda\u00e7\u00e3o Filmelier","Est. tempo de leitura":"1 minuto"},"schema":{"@context":"https:\/\/schema.org","@graph":[{"@type":"Article","@id":"https:\/\/news.filmelier.com\/br\/taika-waititi-adaptacao-hq-incal\/#article","isPartOf":{"@id":"https:\/\/news.filmelier.com\/br\/taika-waititi-adaptacao-hq-incal\/"},"author":{"name":"Reda\u00e7\u00e3o Filmelier","@id":"https:\/\/homolog.news.filmelier.com\/br\/#\/schema\/person\/a6491aa555ce96d9d1cc15f1742dbd7b"},"headline":"&#8216;Incal&#8217;: Taika Waititi vai dirigir adapta\u00e7\u00e3o da cl\u00e1ssica graphic novel","datePublished":"2021-11-05T20:21:06+00:00","mainEntityOfPage":{"@id":"https:\/\/news.filmelier.com\/br\/taika-waititi-adaptacao-hq-incal\/"},"wordCount":295,"publisher":{"@id":"https:\/\/homolog.news.filmelier.com\/br\/#organization"},"image":{"@id":"https:\/\/news.filmelier.com\/br\/taika-waititi-adaptacao-hq-incal\/#primaryimage"},"thumbnailUrl":"","keywords":["A\u00e7\u00e3o","graphic novel","HQ","Incal","Taika Waititi"],"articleSection":["Filmes"],"inLanguage":"pt-BR"},{"@type":"WebPage","@id":"https:\/\/news.filmelier.com\/br\/taika-waititi-adaptacao-hq-incal\/","url":"https:\/\/news.filmelier.com\/br\/taika-waititi-adaptacao-hq-incal\/","name":"'Incal': Taika Waititi vai dirigir adapta\u00e7\u00e3o da cl\u00e1ssica graphic novel - News Filmelier","isPartOf":{"@id":"https:\/\/homolog.news.filmelier.com\/br\/#website"},"primaryImageOfPage":{"@id":"https:\/\/news.filmelier.com\/br\/taika-waititi-adaptacao-hq-incal\/#primaryimage"},"image":{"@id":"https:\/\/news.filmelier.com\/br\/taika-waititi-adaptacao-hq-incal\/#primaryimage"},"thumbnailUrl":"","datePublished":"2021-11-05T20:21:06+00:00","breadcrumb":{"@id":"https:\/\/news.filmelier.com\/br\/taika-waititi-adaptacao-hq-incal\/#breadcrumb"},"inLanguage":"pt-BR","potentialAction":[{"@type":"ReadAction","target":["https:\/\/news.filmelier.com\/br\/taika-waititi-adaptacao-hq-incal\/"]}]},{"@type":"ImageObject","inLanguage":"pt-BR","@id":"https:\/\/news.filmelier.com\/br\/taika-waititi-adaptacao-hq-incal\/#primaryimage","url":"","contentUrl":""},{"@type":"BreadcrumbList","@id":"https:\/\/news.filmelier.com\/br\/taika-waititi-adaptacao-hq-incal\/#breadcrumb","itemListElement":[{"@type":"ListItem","position":1,"name":"In\u00edcio","item":"https:\/\/homolog.news.filmelier.com\/br\/"},{"@type":"ListItem","position":2,"name":"&#8216;Incal&#8217;: Taika Waititi vai dirigir adapta\u00e7\u00e3o da cl\u00e1ssica graphic novel"}]},{"@type":"WebSite","@id":"https:\/\/homolog.news.filmelier.com\/br\/#website","url":"https:\/\/homolog.news.filmelier.com\/br\/","name":"Homolog Filmelier News Rankrup","description":"","publisher":{"@id":"https:\/\/homolog.news.filmelier.com\/br\/#organization"},"potentialAction":[{"@type":"SearchAction","target":{"@type":"EntryPoint","urlTemplate":"https:\/\/homolog.news.filmelier.com\/br\/?s={search_term_string}"},"query-input":{"@type":"PropertyValueSpecification","valueRequired":true,"valueName":"search_term_string"}}],"inLanguage":"pt-BR"},{"@type":"Organization","@id":"https:\/\/homolog.news.filmelier.com\/br\/#organization","name":"Homolog Filmelier News Rankrup","url":"https:\/\/homolog.news.filmelier.com\/br\/","logo":{"@type":"ImageObject","inLanguage":"pt-BR","@id":"https:\/\/homolog.news.filmelier.com\/br\/#\/schema\/logo\/image\/","url":"https:\/\/news.filmelier.com\/wp-content\/uploads\/2024\/11\/Logo-News.png","contentUrl":"https:\/\/news.filmelier.com\/wp-content\/uploads\/2024\/11\/Logo-News.png","width":460,"height":108,"caption":"Homolog Filmelier News Rankrup"},"image":{"@id":"https:\/\/homolog.news.filmelier.com\/br\/#\/schema\/logo\/image\/"}},{"@type":"Person","@id":"https:\/\/homolog.news.filmelier.com\/br\/#\/schema\/person\/a6491aa555ce96d9d1cc15f1742dbd7b","name":"Reda\u00e7\u00e3o Filmelier","image":{"@type":"ImageObject","inLanguage":"pt-BR","@id":"https:\/\/homolog.news.filmelier.com\/br\/#\/schema\/person\/image\/","url":"https:\/\/secure.gravatar.com\/avatar\/8bf80419447553f32d821a953683c4666faca8d781f143825a02644ae3f7e2d0?s=96&d=mm&r=g","contentUrl":"https:\/\/secure.gravatar.com\/avatar\/8bf80419447553f32d821a953683c4666faca8d781f143825a02644ae3f7e2d0?s=96&d=mm&r=g","caption":"Reda\u00e7\u00e3o Filmelier"},"description":"Somos um time de jornalistas e cr\u00edticos que respira cinema a 24 quadros por segundo. Das estreias do circuito aos cl\u00e1ssicos restaurados, da curadoria em streamings \u00e0s entrevistas nos bastidores, nossa reda\u00e7\u00e3o transforma filmes em conte\u00fado inteligente \u2014 com an\u00e1lises afiadas, guias pr\u00e1ticos e hist\u00f3rias que fazem voc\u00ea ver a s\u00e9tima arte com outros olhos. Aqui no Filmelier, cinema n\u00e3o \u00e9 s\u00f3 lazer: \u00e9 of\u00edcio, \u00e9 expertise, \u00e9 paix\u00e3o em forma de texto.","url":"https:\/\/news.filmelier.com\/br\/author\/contato-filmelier\/"}]}},"_links":{"self":[{"href":"https:\/\/news.filmelier.com\/br\/wp-json\/wp\/v2\/posts\/21293","targetHints":{"allow":["GET"]}}],"collection":[{"href":"https:\/\/news.filmelier.com\/br\/wp-json\/wp\/v2\/posts"}],"about":[{"href":"https:\/\/news.filmelier.com\/br\/wp-json\/wp\/v2\/types\/post"}],"author":[{"embeddable":true,"href":"https:\/\/news.filmelier.com\/br\/wp-json\/wp\/v2\/users\/14"}],"replies":[{"embeddable":true,"href":"https:\/\/news.filmelier.com\/br\/wp-json\/wp\/v2\/comments?post=21293"}],"version-history":[{"count":0,"href":"https:\/\/news.filmelier.com\/br\/wp-json\/wp\/v2\/posts\/21293\/revisions"}],"wp:featuredmedia":[{"embeddable":true,"href":"https:\/\/news.filmelier.com\/br\/wp-json\/"}],"wp:attachment":[{"href":"https:\/\/news.filmelier.com\/br\/wp-json\/wp\/v2\/media?parent=21293"}],"wp:term":[{"taxonomy":"category","embeddable":true,"href":"https:\/\/news.filmelier.com\/br\/wp-json\/wp\/v2\/categories?post=21293"},{"taxonomy":"post_tag","embeddable":true,"href":"https:\/\/news.filmelier.com\/br\/wp-json\/wp\/v2\/tags?post=21293"}],"curies":[{"name":"wp","href":"https:\/\/api.w.org\/{rel}","templated":true}]}}