{"id":21160,"date":"2021-11-04T10:40:45","date_gmt":"2021-11-04T13:40:45","guid":{"rendered":"https:\/\/www.filmelier.com\/br\/noticias\/?p=21160"},"modified":"2021-11-04T10:40:45","modified_gmt":"2021-11-04T13:40:45","slug":"sing-2-novo-trailer","status":"publish","type":"post","link":"https:\/\/news.filmelier.com\/br\/sing-2-novo-trailer\/","title":{"rendered":"&#8216;Sing 2&#8217;: grandes sonhos e can\u00e7\u00e3o marcante s\u00e3o destaques em novo trailer"},"content":{"rendered":"\n<p>A Universal Pictures divulgou nesta quinta-feira, 4, mais um trailer do filme &#8216;Sing 2&#8217;, a sequ\u00eancia do sucesso &#8216;Sing: Quem Canta Seus Males Espanta&#8217;, de 2016. O v\u00eddeo \u00e9 emotivo e inspirador, acompanhando cada um dos personagens e, naturalmente, equipado com uma trilha sonora bem marcante. <\/p>\n\n\n\n<ul class=\"wp-block-list\"><li><strong>Leia tamb\u00e9m: <a href=\"https:\/\/www.filmelier.com\/br\/noticias\/china-vacina-mercado-de-cinema-2021\">Gra\u00e7as \u00e0 China e \u00e0 vacina, mercado de cinema deve faturar US$ 21,6 bi em 2021<\/a><\/strong><\/li><\/ul>\n\n\n\n<p>Assista ao trailer: <\/p>\n\n\n\n<figure class=\"wp-block-embed is-type-video is-provider-youtube wp-block-embed-youtube wp-embed-aspect-16-9 wp-has-aspect-ratio\"><div class=\"wp-block-embed__wrapper\">\n<iframe title=\"SING 2 \u2013 Trailer #2 Oficial (Universal Pictures) HD\" width=\"800\" height=\"450\" src=\"https:\/\/www.youtube.com\/embed\/fSJcCKo_DoA?feature=oembed\" frameborder=\"0\" allow=\"accelerometer; autoplay; clipboard-write; encrypted-media; gyroscope; picture-in-picture; web-share\" referrerpolicy=\"strict-origin-when-cross-origin\" allowfullscreen><\/iframe>\n<\/div><\/figure>\n\n\n\n\n\n<h2 class=\"wp-block-heading\">Os dubladores de &#8216;Sing 2&#8217;<\/h2>\n\n\n\n<p>A lista de dubladores oficial tamb\u00e9m j\u00e1 foi anunciada, entre os brasileiros escolhidos est\u00e3o: Sandy, Lexa, Wanessa Camargo, Paulo Ricardo, Any Gabrielly, e at\u00e9 a dupla de pai e filho Fiuk e F\u00e1bio Jr. <\/p>\n\n\n\n<p>Nos Estados Unidos, as vozes s\u00e3o de astros como Taron Egerton (<a href=\"https:\/\/www.filmelier.com\/br\/film\/7105\/rocketman\">&#8216;Rocketman&#8217;<\/a>), Reese Witherspoon (<a href=\"https:\/\/www.filmelier.com\/br\/film\/3666\/legalmente-loira\">&#8216;Legalmente Loira&#8217;<\/a>), Scarlett Johansson (<a href=\"https:\/\/www.filmelier.com\/br\/film\/15381\/viuva-negra\">&#8216;Vi\u00fava Negra&#8217;<\/a>) e os cantores Halsey e Pharrell Williams. <\/p>\n\n\n\n<p>Confira tamb\u00e9m o an\u00fancio oficial dos dubladores: <\/p>\n\n\n\n<figure class=\"wp-block-embed is-type-video is-provider-youtube wp-block-embed-youtube wp-embed-aspect-16-9 wp-has-aspect-ratio\"><div class=\"wp-block-embed__wrapper\">\n<iframe title=\"Sing 2 - An\u00fancio Oficial de Dubladores\" width=\"800\" height=\"450\" src=\"https:\/\/www.youtube.com\/embed\/0heiFTF64To?feature=oembed\" frameborder=\"0\" allow=\"accelerometer; autoplay; clipboard-write; encrypted-media; gyroscope; picture-in-picture; web-share\" referrerpolicy=\"strict-origin-when-cross-origin\" allowfullscreen><\/iframe>\n<\/div><\/figure>\n\n\n\n<p>O enredo da sequ\u00eancia acompanha o produtor Buster Moon (interpretado por Matthew McConaughey no original), que precisa convencer  o recluso rockstar Clay Calloway (Bono) a se juntar \u00e0 sua trupe para a abertura de um novo espet\u00e1culo. <\/p>\n\n\n\n<p>A dire\u00e7\u00e3o e roteiro \u00e9 de <a href=\"https:\/\/www.filmelier.com\/br\/director\/garth-jennings\">Garth Jennings<\/a> (&#8216;O Guia do Mochileiro das Gal\u00e1xias&#8217;) e, at\u00e9 o momento, a estreia nos cinemas brasileiros est\u00e1 marcada para o dia  6 de janeiro de 2022.<\/p>\n\n\n\n<p class=\"has-text-align-center\"><strong>Siga o Filmelier no\u00a0<a rel=\"noreferrer noopener\" href=\"https:\/\/www.facebook.com\/filmelierbr\" target=\"_blank\">Facebook<\/a>,\u00a0<a rel=\"noreferrer noopener\" href=\"https:\/\/www.twitter.com\/filmelierbr\" target=\"_blank\">Twitter<\/a>,\u00a0<a rel=\"noreferrer noopener\" href=\"https:\/\/www.instagram.com\/filmelierbr\" target=\"_blank\">Instagram<\/a>\u00a0e\u00a0<a rel=\"noreferrer noopener\" href=\"https:\/\/www.tiktok.com\/@filmelierbr\" target=\"_blank\">TikTok<\/a>.<\/strong><\/p>\n","protected":false},"excerpt":{"rendered":"<p>Universal Pictures tamb\u00e9m divulgou o elenco de dubladores brasileiros para o filme<\/p>\n","protected":false},"author":14,"featured_media":21173,"comment_status":"closed","ping_status":"open","sticky":false,"template":"","format":"standard","meta":{"_acf_changed":false,"footnotes":""},"categories":[3482],"tags":[3488,6086,9965,4080],"class_list":["post-21160","post","type-post","status-publish","format-standard","has-post-thumbnail","hentry","category-filmes-br","tag-animacao-br","tag-aventura","tag-sing-2","tag-trailer-br"],"acf":{"subtitulo":"","id_ator":""},"yoast_head":"<!-- This site is optimized with the Yoast SEO plugin v26.1.1 - https:\/\/yoast.com\/wordpress\/plugins\/seo\/ -->\n<title>&#039;Sing 2&#039;: grandes sonhos e can\u00e7\u00e3o marcante s\u00e3o destaques em novo trailer - News Filmelier<\/title>\n<meta name=\"robots\" content=\"index, follow, max-snippet:-1, max-image-preview:large, max-video-preview:-1\" \/>\n<link rel=\"canonical\" href=\"https:\/\/news.filmelier.com\/br\/sing-2-novo-trailer\/\" \/>\n<meta property=\"og:locale\" content=\"pt_BR\" \/>\n<meta property=\"og:type\" content=\"article\" \/>\n<meta property=\"og:title\" content=\"&#039;Sing 2&#039;: grandes sonhos e can\u00e7\u00e3o marcante s\u00e3o destaques em novo trailer - News Filmelier\" \/>\n<meta property=\"og:description\" content=\"Universal Pictures tamb\u00e9m divulgou o elenco de dubladores brasileiros para o filme\" \/>\n<meta property=\"og:url\" content=\"https:\/\/news.filmelier.com\/br\/sing-2-novo-trailer\/\" \/>\n<meta property=\"og:site_name\" content=\"News Filmelier\" \/>\n<meta property=\"article:published_time\" content=\"2021-11-04T13:40:45+00:00\" \/>\n<meta name=\"author\" content=\"Reda\u00e7\u00e3o Filmelier\" \/>\n<meta name=\"twitter:card\" content=\"summary_large_image\" \/>\n<meta name=\"twitter:label1\" content=\"Escrito por\" \/>\n\t<meta name=\"twitter:data1\" content=\"Reda\u00e7\u00e3o Filmelier\" \/>\n\t<meta name=\"twitter:label2\" content=\"Est. tempo de leitura\" \/>\n\t<meta name=\"twitter:data2\" content=\"1 minuto\" \/>\n<script type=\"application\/ld+json\" class=\"yoast-schema-graph\">{\"@context\":\"https:\/\/schema.org\",\"@graph\":[{\"@type\":\"Article\",\"@id\":\"https:\/\/news.filmelier.com\/br\/sing-2-novo-trailer\/#article\",\"isPartOf\":{\"@id\":\"https:\/\/news.filmelier.com\/br\/sing-2-novo-trailer\/\"},\"author\":{\"name\":\"Reda\u00e7\u00e3o Filmelier\",\"@id\":\"https:\/\/homolog.news.filmelier.com\/br\/#\/schema\/person\/a6491aa555ce96d9d1cc15f1742dbd7b\"},\"headline\":\"&#8216;Sing 2&#8217;: grandes sonhos e can\u00e7\u00e3o marcante s\u00e3o destaques em novo trailer\",\"datePublished\":\"2021-11-04T13:40:45+00:00\",\"mainEntityOfPage\":{\"@id\":\"https:\/\/news.filmelier.com\/br\/sing-2-novo-trailer\/\"},\"wordCount\":250,\"publisher\":{\"@id\":\"https:\/\/homolog.news.filmelier.com\/br\/#organization\"},\"image\":{\"@id\":\"https:\/\/news.filmelier.com\/br\/sing-2-novo-trailer\/#primaryimage\"},\"thumbnailUrl\":\"\",\"keywords\":[\"anima\u00e7\u00e3o\",\"aventura\",\"Sing 2\",\"trailer\"],\"articleSection\":[\"Filmes\"],\"inLanguage\":\"pt-BR\"},{\"@type\":\"WebPage\",\"@id\":\"https:\/\/news.filmelier.com\/br\/sing-2-novo-trailer\/\",\"url\":\"https:\/\/news.filmelier.com\/br\/sing-2-novo-trailer\/\",\"name\":\"'Sing 2': grandes sonhos e can\u00e7\u00e3o marcante s\u00e3o destaques em novo trailer - News Filmelier\",\"isPartOf\":{\"@id\":\"https:\/\/homolog.news.filmelier.com\/br\/#website\"},\"primaryImageOfPage\":{\"@id\":\"https:\/\/news.filmelier.com\/br\/sing-2-novo-trailer\/#primaryimage\"},\"image\":{\"@id\":\"https:\/\/news.filmelier.com\/br\/sing-2-novo-trailer\/#primaryimage\"},\"thumbnailUrl\":\"\",\"datePublished\":\"2021-11-04T13:40:45+00:00\",\"breadcrumb\":{\"@id\":\"https:\/\/news.filmelier.com\/br\/sing-2-novo-trailer\/#breadcrumb\"},\"inLanguage\":\"pt-BR\",\"potentialAction\":[{\"@type\":\"ReadAction\",\"target\":[\"https:\/\/news.filmelier.com\/br\/sing-2-novo-trailer\/\"]}]},{\"@type\":\"ImageObject\",\"inLanguage\":\"pt-BR\",\"@id\":\"https:\/\/news.filmelier.com\/br\/sing-2-novo-trailer\/#primaryimage\",\"url\":\"\",\"contentUrl\":\"\"},{\"@type\":\"BreadcrumbList\",\"@id\":\"https:\/\/news.filmelier.com\/br\/sing-2-novo-trailer\/#breadcrumb\",\"itemListElement\":[{\"@type\":\"ListItem\",\"position\":1,\"name\":\"In\u00edcio\",\"item\":\"https:\/\/homolog.news.filmelier.com\/br\/\"},{\"@type\":\"ListItem\",\"position\":2,\"name\":\"&#8216;Sing 2&#8217;: grandes sonhos e can\u00e7\u00e3o marcante s\u00e3o destaques em novo trailer\"}]},{\"@type\":\"WebSite\",\"@id\":\"https:\/\/homolog.news.filmelier.com\/br\/#website\",\"url\":\"https:\/\/homolog.news.filmelier.com\/br\/\",\"name\":\"Homolog Filmelier News Rankrup\",\"description\":\"\",\"publisher\":{\"@id\":\"https:\/\/homolog.news.filmelier.com\/br\/#organization\"},\"potentialAction\":[{\"@type\":\"SearchAction\",\"target\":{\"@type\":\"EntryPoint\",\"urlTemplate\":\"https:\/\/homolog.news.filmelier.com\/br\/?s={search_term_string}\"},\"query-input\":{\"@type\":\"PropertyValueSpecification\",\"valueRequired\":true,\"valueName\":\"search_term_string\"}}],\"inLanguage\":\"pt-BR\"},{\"@type\":\"Organization\",\"@id\":\"https:\/\/homolog.news.filmelier.com\/br\/#organization\",\"name\":\"Homolog Filmelier News Rankrup\",\"url\":\"https:\/\/homolog.news.filmelier.com\/br\/\",\"logo\":{\"@type\":\"ImageObject\",\"inLanguage\":\"pt-BR\",\"@id\":\"https:\/\/homolog.news.filmelier.com\/br\/#\/schema\/logo\/image\/\",\"url\":\"https:\/\/news.filmelier.com\/wp-content\/uploads\/2024\/11\/Logo-News.png\",\"contentUrl\":\"https:\/\/news.filmelier.com\/wp-content\/uploads\/2024\/11\/Logo-News.png\",\"width\":460,\"height\":108,\"caption\":\"Homolog Filmelier News Rankrup\"},\"image\":{\"@id\":\"https:\/\/homolog.news.filmelier.com\/br\/#\/schema\/logo\/image\/\"}},{\"@type\":\"Person\",\"@id\":\"https:\/\/homolog.news.filmelier.com\/br\/#\/schema\/person\/a6491aa555ce96d9d1cc15f1742dbd7b\",\"name\":\"Reda\u00e7\u00e3o Filmelier\",\"image\":{\"@type\":\"ImageObject\",\"inLanguage\":\"pt-BR\",\"@id\":\"https:\/\/homolog.news.filmelier.com\/br\/#\/schema\/person\/image\/\",\"url\":\"https:\/\/secure.gravatar.com\/avatar\/8bf80419447553f32d821a953683c4666faca8d781f143825a02644ae3f7e2d0?s=96&d=mm&r=g\",\"contentUrl\":\"https:\/\/secure.gravatar.com\/avatar\/8bf80419447553f32d821a953683c4666faca8d781f143825a02644ae3f7e2d0?s=96&d=mm&r=g\",\"caption\":\"Reda\u00e7\u00e3o Filmelier\"},\"description\":\"Somos um time de jornalistas e cr\u00edticos que respira cinema a 24 quadros por segundo. Das estreias do circuito aos cl\u00e1ssicos restaurados, da curadoria em streamings \u00e0s entrevistas nos bastidores, nossa reda\u00e7\u00e3o transforma filmes em conte\u00fado inteligente \u2014 com an\u00e1lises afiadas, guias pr\u00e1ticos e hist\u00f3rias que fazem voc\u00ea ver a s\u00e9tima arte com outros olhos. Aqui no Filmelier, cinema n\u00e3o \u00e9 s\u00f3 lazer: \u00e9 of\u00edcio, \u00e9 expertise, \u00e9 paix\u00e3o em forma de texto.\",\"url\":\"https:\/\/news.filmelier.com\/br\/author\/contato-filmelier\/\"}]}<\/script>\n<!-- \/ Yoast SEO plugin. -->","yoast_head_json":{"title":"'Sing 2': grandes sonhos e can\u00e7\u00e3o marcante s\u00e3o destaques em novo trailer - News Filmelier","robots":{"index":"index","follow":"follow","max-snippet":"max-snippet:-1","max-image-preview":"max-image-preview:large","max-video-preview":"max-video-preview:-1"},"canonical":"https:\/\/news.filmelier.com\/br\/sing-2-novo-trailer\/","og_locale":"pt_BR","og_type":"article","og_title":"'Sing 2': grandes sonhos e can\u00e7\u00e3o marcante s\u00e3o destaques em novo trailer - News Filmelier","og_description":"Universal Pictures tamb\u00e9m divulgou o elenco de dubladores brasileiros para o filme","og_url":"https:\/\/news.filmelier.com\/br\/sing-2-novo-trailer\/","og_site_name":"News Filmelier","article_published_time":"2021-11-04T13:40:45+00:00","author":"Reda\u00e7\u00e3o Filmelier","twitter_card":"summary_large_image","twitter_misc":{"Escrito por":"Reda\u00e7\u00e3o Filmelier","Est. tempo de leitura":"1 minuto"},"schema":{"@context":"https:\/\/schema.org","@graph":[{"@type":"Article","@id":"https:\/\/news.filmelier.com\/br\/sing-2-novo-trailer\/#article","isPartOf":{"@id":"https:\/\/news.filmelier.com\/br\/sing-2-novo-trailer\/"},"author":{"name":"Reda\u00e7\u00e3o Filmelier","@id":"https:\/\/homolog.news.filmelier.com\/br\/#\/schema\/person\/a6491aa555ce96d9d1cc15f1742dbd7b"},"headline":"&#8216;Sing 2&#8217;: grandes sonhos e can\u00e7\u00e3o marcante s\u00e3o destaques em novo trailer","datePublished":"2021-11-04T13:40:45+00:00","mainEntityOfPage":{"@id":"https:\/\/news.filmelier.com\/br\/sing-2-novo-trailer\/"},"wordCount":250,"publisher":{"@id":"https:\/\/homolog.news.filmelier.com\/br\/#organization"},"image":{"@id":"https:\/\/news.filmelier.com\/br\/sing-2-novo-trailer\/#primaryimage"},"thumbnailUrl":"","keywords":["anima\u00e7\u00e3o","aventura","Sing 2","trailer"],"articleSection":["Filmes"],"inLanguage":"pt-BR"},{"@type":"WebPage","@id":"https:\/\/news.filmelier.com\/br\/sing-2-novo-trailer\/","url":"https:\/\/news.filmelier.com\/br\/sing-2-novo-trailer\/","name":"'Sing 2': grandes sonhos e can\u00e7\u00e3o marcante s\u00e3o destaques em novo trailer - News Filmelier","isPartOf":{"@id":"https:\/\/homolog.news.filmelier.com\/br\/#website"},"primaryImageOfPage":{"@id":"https:\/\/news.filmelier.com\/br\/sing-2-novo-trailer\/#primaryimage"},"image":{"@id":"https:\/\/news.filmelier.com\/br\/sing-2-novo-trailer\/#primaryimage"},"thumbnailUrl":"","datePublished":"2021-11-04T13:40:45+00:00","breadcrumb":{"@id":"https:\/\/news.filmelier.com\/br\/sing-2-novo-trailer\/#breadcrumb"},"inLanguage":"pt-BR","potentialAction":[{"@type":"ReadAction","target":["https:\/\/news.filmelier.com\/br\/sing-2-novo-trailer\/"]}]},{"@type":"ImageObject","inLanguage":"pt-BR","@id":"https:\/\/news.filmelier.com\/br\/sing-2-novo-trailer\/#primaryimage","url":"","contentUrl":""},{"@type":"BreadcrumbList","@id":"https:\/\/news.filmelier.com\/br\/sing-2-novo-trailer\/#breadcrumb","itemListElement":[{"@type":"ListItem","position":1,"name":"In\u00edcio","item":"https:\/\/homolog.news.filmelier.com\/br\/"},{"@type":"ListItem","position":2,"name":"&#8216;Sing 2&#8217;: grandes sonhos e can\u00e7\u00e3o marcante s\u00e3o destaques em novo trailer"}]},{"@type":"WebSite","@id":"https:\/\/homolog.news.filmelier.com\/br\/#website","url":"https:\/\/homolog.news.filmelier.com\/br\/","name":"Homolog Filmelier News Rankrup","description":"","publisher":{"@id":"https:\/\/homolog.news.filmelier.com\/br\/#organization"},"potentialAction":[{"@type":"SearchAction","target":{"@type":"EntryPoint","urlTemplate":"https:\/\/homolog.news.filmelier.com\/br\/?s={search_term_string}"},"query-input":{"@type":"PropertyValueSpecification","valueRequired":true,"valueName":"search_term_string"}}],"inLanguage":"pt-BR"},{"@type":"Organization","@id":"https:\/\/homolog.news.filmelier.com\/br\/#organization","name":"Homolog Filmelier News Rankrup","url":"https:\/\/homolog.news.filmelier.com\/br\/","logo":{"@type":"ImageObject","inLanguage":"pt-BR","@id":"https:\/\/homolog.news.filmelier.com\/br\/#\/schema\/logo\/image\/","url":"https:\/\/news.filmelier.com\/wp-content\/uploads\/2024\/11\/Logo-News.png","contentUrl":"https:\/\/news.filmelier.com\/wp-content\/uploads\/2024\/11\/Logo-News.png","width":460,"height":108,"caption":"Homolog Filmelier News Rankrup"},"image":{"@id":"https:\/\/homolog.news.filmelier.com\/br\/#\/schema\/logo\/image\/"}},{"@type":"Person","@id":"https:\/\/homolog.news.filmelier.com\/br\/#\/schema\/person\/a6491aa555ce96d9d1cc15f1742dbd7b","name":"Reda\u00e7\u00e3o Filmelier","image":{"@type":"ImageObject","inLanguage":"pt-BR","@id":"https:\/\/homolog.news.filmelier.com\/br\/#\/schema\/person\/image\/","url":"https:\/\/secure.gravatar.com\/avatar\/8bf80419447553f32d821a953683c4666faca8d781f143825a02644ae3f7e2d0?s=96&d=mm&r=g","contentUrl":"https:\/\/secure.gravatar.com\/avatar\/8bf80419447553f32d821a953683c4666faca8d781f143825a02644ae3f7e2d0?s=96&d=mm&r=g","caption":"Reda\u00e7\u00e3o Filmelier"},"description":"Somos um time de jornalistas e cr\u00edticos que respira cinema a 24 quadros por segundo. Das estreias do circuito aos cl\u00e1ssicos restaurados, da curadoria em streamings \u00e0s entrevistas nos bastidores, nossa reda\u00e7\u00e3o transforma filmes em conte\u00fado inteligente \u2014 com an\u00e1lises afiadas, guias pr\u00e1ticos e hist\u00f3rias que fazem voc\u00ea ver a s\u00e9tima arte com outros olhos. Aqui no Filmelier, cinema n\u00e3o \u00e9 s\u00f3 lazer: \u00e9 of\u00edcio, \u00e9 expertise, \u00e9 paix\u00e3o em forma de texto.","url":"https:\/\/news.filmelier.com\/br\/author\/contato-filmelier\/"}]}},"_links":{"self":[{"href":"https:\/\/news.filmelier.com\/br\/wp-json\/wp\/v2\/posts\/21160","targetHints":{"allow":["GET"]}}],"collection":[{"href":"https:\/\/news.filmelier.com\/br\/wp-json\/wp\/v2\/posts"}],"about":[{"href":"https:\/\/news.filmelier.com\/br\/wp-json\/wp\/v2\/types\/post"}],"author":[{"embeddable":true,"href":"https:\/\/news.filmelier.com\/br\/wp-json\/wp\/v2\/users\/14"}],"replies":[{"embeddable":true,"href":"https:\/\/news.filmelier.com\/br\/wp-json\/wp\/v2\/comments?post=21160"}],"version-history":[{"count":0,"href":"https:\/\/news.filmelier.com\/br\/wp-json\/wp\/v2\/posts\/21160\/revisions"}],"wp:featuredmedia":[{"embeddable":true,"href":"https:\/\/news.filmelier.com\/br\/wp-json\/"}],"wp:attachment":[{"href":"https:\/\/news.filmelier.com\/br\/wp-json\/wp\/v2\/media?parent=21160"}],"wp:term":[{"taxonomy":"category","embeddable":true,"href":"https:\/\/news.filmelier.com\/br\/wp-json\/wp\/v2\/categories?post=21160"},{"taxonomy":"post_tag","embeddable":true,"href":"https:\/\/news.filmelier.com\/br\/wp-json\/wp\/v2\/tags?post=21160"}],"curies":[{"name":"wp","href":"https:\/\/api.w.org\/{rel}","templated":true}]}}