{"id":21150,"date":"2021-11-04T09:53:14","date_gmt":"2021-11-04T12:53:14","guid":{"rendered":"https:\/\/www.filmelier.com\/br\/noticias\/?p=21150"},"modified":"2021-11-04T09:53:14","modified_gmt":"2021-11-04T12:53:14","slug":"gal-gadot-rainha-ma-live-action","status":"publish","type":"post","link":"https:\/\/news.filmelier.com\/br\/gal-gadot-rainha-ma-live-action\/","title":{"rendered":"Gal Gadot ser\u00e1 a Rainha M\u00e1 em novo live-action de &#8216;Branca de Neve&#8217;"},"content":{"rendered":"\n<p>Gal Gadot (<a href=\"https:\/\/www.filmelier.com\/br\/film\/12738\/mulher-maravilha-1984\">&#8216;Mulher-Maravilha 1984&#8217;<\/a>) acaba de entrar para o mundo dos live-actions da <a href=\"https:\/\/www.filmelier.com\/br\/platforms\/disney-plus\">Disney<\/a>. De acordo com o <a href=\"https:\/\/www.google.com\/url?sa=t&amp;rct=j&amp;q=&amp;esrc=s&amp;source=web&amp;cd=&amp;cad=rja&amp;uact=8&amp;ved=2ahUKEwi384Tb3v7zAhWQH7kGHSmbAxcQtwJ6BAgFEAM&amp;url=https%3A%2F%2Fdeadline.com%2F2021%2F11%2Fsnow-white-gal-gadot-evil-queen-disneys-latest-1234867535%2F&amp;usg=AOvVaw0q4EW1VKe6MakyMx8w-7VX\" target=\"_blank\" rel=\"noreferrer noopener\">Deadline<\/a>, a atriz est\u00e1 em fase final de negocia\u00e7\u00f5es para viver a Rainha M\u00e1, a ic\u00f4nica vil\u00e3 de &#8216;Branca de Neve e os Sete An\u00f5es&#8217;. <a href=\"https:\/\/www.filmelier.com\/br\/director\/marc-webb\">Marc Webb<\/a> (&#8216;500 Dias Com Ela&#8217;) \u00e9 quem dirigir\u00e1 o longa. <\/p>\n\n\n\n<ul class=\"wp-block-list\"><li><strong>Leia tamb\u00e9m: <a href=\"https:\/\/www.filmelier.com\/br\/noticias\/ron-bugado-entrevistas-producao\">\u2018Ron Bugado\u2019: do sonho do primeiro filme aos cinemas de todo o mundo<\/a><\/strong><\/li><\/ul>\n\n\n\n<p>A nova adapta\u00e7\u00e3o cinematogr\u00e1fica, que ser\u00e1 no formato live-action &#8211; aposta comercial da Disney j\u00e1 de antes da pandemia &#8211; j\u00e1 encontrou a sua protagonista: Rachel Zegler, atriz que far\u00e1 sua estreia nas telonas em dezembro deste ano como Maria em &#8216;Amor, Sublime Amor&#8217;, remake de <a href=\"https:\/\/www.filmelier.com\/br\/director\/steven-spielberg\">Steven Spielberg<\/a>. <\/p>\n\n\n\n<div class=\"wp-block-image\"><figure class=\"aligncenter size-full\"><img decoding=\"async\" src=\"https:\/\/www.filmelier.com\/br\/noticias\/wp-content\/uploads\/2021\/11\/P7E7K5JSKVFVBLC4LCUL72IFRY.jpg\" alt=\"Gal Gadot ser\u00e1 a Rainha M\u00e1 em novo live-action de 'Branca de Neve'\" class=\"wp-image-21153\"\/><figcaption><em>Rachel Zegler (&#8216;Amor, Sublime Amor&#8217;) ser\u00e1 a protagonista em live-action de &#8216;A Branca de Neve&#8217;. (Cr\u00e9dito: Divulga\u00e7\u00e3o \/ 20th Century Studios) <\/em><\/figcaption><\/figure><\/div>\n\n\n\n\n\n<p>&#8216;Branca de Neve e os Sete An\u00f5es&#8217; foi o primeiro longa-metragem de anima\u00e7\u00e3o da Disney, lan\u00e7ado em 1937. Ao longo dos anos v\u00e1rias adapta\u00e7\u00f5es do conto de fadas foram feitas, como <a href=\"https:\/\/www.filmelier.com\/br\/film\/10338\/branca-de-neve-e-o-cacador\">&#8216;A Branca de Neve e o Ca\u00e7ador&#8217;<\/a> e &#8216;Espelho, Espelho Meu&#8217; &#8211; mas sem qualquer rela\u00e7\u00e3o direta com os est\u00fadios Disney. <\/p>\n\n\n\n<p>A produ\u00e7\u00e3o de &#8216;Branca de Neve&#8217; s\u00f3 deve come\u00e7ar em 2022 e, por enquanto, n\u00e3o h\u00e1 previs\u00e3o de lan\u00e7amento. <\/p>\n\n\n\n<p>Vale lembrar que Gal Gadot estrelar\u00e1 em breve o filme <a href=\"https:\/\/www.filmelier.com\/br\/film\/17089\/alerta-vermelho\">&#8216;Alerta Vermelho&#8217;<\/a>, da Netflix.  <\/p>\n\n\n\n<p class=\"has-text-align-center\"><strong>Siga o Filmelier no&nbsp;<a rel=\"noreferrer noopener\" href=\"https:\/\/www.facebook.com\/filmelierbr\" target=\"_blank\">Facebook<\/a>,&nbsp;<a rel=\"noreferrer noopener\" href=\"https:\/\/www.twitter.com\/filmelierbr\" target=\"_blank\">Twitter<\/a>,&nbsp;<a rel=\"noreferrer noopener\" href=\"https:\/\/www.instagram.com\/filmelierbr\" target=\"_blank\">Instagram<\/a>&nbsp;e&nbsp;<a rel=\"noreferrer noopener\" href=\"https:\/\/www.tiktok.com\/@filmelierbr\" target=\"_blank\">TikTok<\/a>.<\/strong><\/p>\n","protected":false},"excerpt":{"rendered":"<p>Rachel Zegler (&#8216;Amor, Sublime Amor&#8217;) j\u00e1 est\u00e1 confirmada para o papel principal<\/p>\n","protected":false},"author":14,"featured_media":21165,"comment_status":"closed","ping_status":"open","sticky":false,"template":"","format":"standard","meta":{"_acf_changed":false,"footnotes":""},"categories":[3482],"tags":[9963,6186,9412,6148,9964],"class_list":["post-21150","post","type-post","status-publish","format-standard","has-post-thumbnail","hentry","category-filmes-br","tag-branca-de-neve","tag-gal-gadot","tag-live-action","tag-rachel-zegler","tag-rainha-ma"],"acf":{"subtitulo":"","id_ator":""},"yoast_head":"<!-- This site is optimized with the Yoast SEO plugin v26.1.1 - https:\/\/yoast.com\/wordpress\/plugins\/seo\/ -->\n<title>Gal Gadot ser\u00e1 a Rainha M\u00e1 em novo live-action de &#039;Branca de Neve&#039; - News Filmelier<\/title>\n<meta name=\"robots\" content=\"index, follow, max-snippet:-1, max-image-preview:large, max-video-preview:-1\" \/>\n<link rel=\"canonical\" href=\"https:\/\/news.filmelier.com\/br\/gal-gadot-rainha-ma-live-action\/\" \/>\n<meta property=\"og:locale\" content=\"pt_BR\" \/>\n<meta property=\"og:type\" content=\"article\" \/>\n<meta property=\"og:title\" content=\"Gal Gadot ser\u00e1 a Rainha M\u00e1 em novo live-action de &#039;Branca de Neve&#039; - News Filmelier\" \/>\n<meta property=\"og:description\" content=\"Rachel Zegler (&#039;Amor, Sublime Amor&#039;) j\u00e1 est\u00e1 confirmada para o papel principal\" \/>\n<meta property=\"og:url\" content=\"https:\/\/news.filmelier.com\/br\/gal-gadot-rainha-ma-live-action\/\" \/>\n<meta property=\"og:site_name\" content=\"News Filmelier\" \/>\n<meta property=\"article:published_time\" content=\"2021-11-04T12:53:14+00:00\" \/>\n<meta name=\"author\" content=\"Reda\u00e7\u00e3o Filmelier\" \/>\n<meta name=\"twitter:card\" content=\"summary_large_image\" \/>\n<meta name=\"twitter:label1\" content=\"Escrito por\" \/>\n\t<meta name=\"twitter:data1\" content=\"Reda\u00e7\u00e3o Filmelier\" \/>\n\t<meta name=\"twitter:label2\" content=\"Est. tempo de leitura\" \/>\n\t<meta name=\"twitter:data2\" content=\"1 minuto\" \/>\n<script type=\"application\/ld+json\" class=\"yoast-schema-graph\">{\"@context\":\"https:\/\/schema.org\",\"@graph\":[{\"@type\":\"Article\",\"@id\":\"https:\/\/news.filmelier.com\/br\/gal-gadot-rainha-ma-live-action\/#article\",\"isPartOf\":{\"@id\":\"https:\/\/news.filmelier.com\/br\/gal-gadot-rainha-ma-live-action\/\"},\"author\":{\"name\":\"Reda\u00e7\u00e3o Filmelier\",\"@id\":\"https:\/\/homolog.news.filmelier.com\/br\/#\/schema\/person\/a6491aa555ce96d9d1cc15f1742dbd7b\"},\"headline\":\"Gal Gadot ser\u00e1 a Rainha M\u00e1 em novo live-action de &#8216;Branca de Neve&#8217;\",\"datePublished\":\"2021-11-04T12:53:14+00:00\",\"mainEntityOfPage\":{\"@id\":\"https:\/\/news.filmelier.com\/br\/gal-gadot-rainha-ma-live-action\/\"},\"wordCount\":265,\"publisher\":{\"@id\":\"https:\/\/homolog.news.filmelier.com\/br\/#organization\"},\"image\":{\"@id\":\"https:\/\/news.filmelier.com\/br\/gal-gadot-rainha-ma-live-action\/#primaryimage\"},\"thumbnailUrl\":\"\",\"keywords\":[\"branca de neve\",\"Gal Gadot\",\"live action\",\"Rachel Zegler\",\"Rainha M\u00e1\"],\"articleSection\":[\"Filmes\"],\"inLanguage\":\"pt-BR\"},{\"@type\":\"WebPage\",\"@id\":\"https:\/\/news.filmelier.com\/br\/gal-gadot-rainha-ma-live-action\/\",\"url\":\"https:\/\/news.filmelier.com\/br\/gal-gadot-rainha-ma-live-action\/\",\"name\":\"Gal Gadot ser\u00e1 a Rainha M\u00e1 em novo live-action de 'Branca de Neve' - News Filmelier\",\"isPartOf\":{\"@id\":\"https:\/\/homolog.news.filmelier.com\/br\/#website\"},\"primaryImageOfPage\":{\"@id\":\"https:\/\/news.filmelier.com\/br\/gal-gadot-rainha-ma-live-action\/#primaryimage\"},\"image\":{\"@id\":\"https:\/\/news.filmelier.com\/br\/gal-gadot-rainha-ma-live-action\/#primaryimage\"},\"thumbnailUrl\":\"\",\"datePublished\":\"2021-11-04T12:53:14+00:00\",\"breadcrumb\":{\"@id\":\"https:\/\/news.filmelier.com\/br\/gal-gadot-rainha-ma-live-action\/#breadcrumb\"},\"inLanguage\":\"pt-BR\",\"potentialAction\":[{\"@type\":\"ReadAction\",\"target\":[\"https:\/\/news.filmelier.com\/br\/gal-gadot-rainha-ma-live-action\/\"]}]},{\"@type\":\"ImageObject\",\"inLanguage\":\"pt-BR\",\"@id\":\"https:\/\/news.filmelier.com\/br\/gal-gadot-rainha-ma-live-action\/#primaryimage\",\"url\":\"\",\"contentUrl\":\"\"},{\"@type\":\"BreadcrumbList\",\"@id\":\"https:\/\/news.filmelier.com\/br\/gal-gadot-rainha-ma-live-action\/#breadcrumb\",\"itemListElement\":[{\"@type\":\"ListItem\",\"position\":1,\"name\":\"In\u00edcio\",\"item\":\"https:\/\/homolog.news.filmelier.com\/br\/\"},{\"@type\":\"ListItem\",\"position\":2,\"name\":\"Gal Gadot ser\u00e1 a Rainha M\u00e1 em novo live-action de &#8216;Branca de Neve&#8217;\"}]},{\"@type\":\"WebSite\",\"@id\":\"https:\/\/homolog.news.filmelier.com\/br\/#website\",\"url\":\"https:\/\/homolog.news.filmelier.com\/br\/\",\"name\":\"Homolog Filmelier News Rankrup\",\"description\":\"\",\"publisher\":{\"@id\":\"https:\/\/homolog.news.filmelier.com\/br\/#organization\"},\"potentialAction\":[{\"@type\":\"SearchAction\",\"target\":{\"@type\":\"EntryPoint\",\"urlTemplate\":\"https:\/\/homolog.news.filmelier.com\/br\/?s={search_term_string}\"},\"query-input\":{\"@type\":\"PropertyValueSpecification\",\"valueRequired\":true,\"valueName\":\"search_term_string\"}}],\"inLanguage\":\"pt-BR\"},{\"@type\":\"Organization\",\"@id\":\"https:\/\/homolog.news.filmelier.com\/br\/#organization\",\"name\":\"Homolog Filmelier News Rankrup\",\"url\":\"https:\/\/homolog.news.filmelier.com\/br\/\",\"logo\":{\"@type\":\"ImageObject\",\"inLanguage\":\"pt-BR\",\"@id\":\"https:\/\/homolog.news.filmelier.com\/br\/#\/schema\/logo\/image\/\",\"url\":\"https:\/\/news.filmelier.com\/wp-content\/uploads\/2024\/11\/Logo-News.png\",\"contentUrl\":\"https:\/\/news.filmelier.com\/wp-content\/uploads\/2024\/11\/Logo-News.png\",\"width\":460,\"height\":108,\"caption\":\"Homolog Filmelier News Rankrup\"},\"image\":{\"@id\":\"https:\/\/homolog.news.filmelier.com\/br\/#\/schema\/logo\/image\/\"}},{\"@type\":\"Person\",\"@id\":\"https:\/\/homolog.news.filmelier.com\/br\/#\/schema\/person\/a6491aa555ce96d9d1cc15f1742dbd7b\",\"name\":\"Reda\u00e7\u00e3o Filmelier\",\"image\":{\"@type\":\"ImageObject\",\"inLanguage\":\"pt-BR\",\"@id\":\"https:\/\/homolog.news.filmelier.com\/br\/#\/schema\/person\/image\/\",\"url\":\"https:\/\/secure.gravatar.com\/avatar\/8bf80419447553f32d821a953683c4666faca8d781f143825a02644ae3f7e2d0?s=96&d=mm&r=g\",\"contentUrl\":\"https:\/\/secure.gravatar.com\/avatar\/8bf80419447553f32d821a953683c4666faca8d781f143825a02644ae3f7e2d0?s=96&d=mm&r=g\",\"caption\":\"Reda\u00e7\u00e3o Filmelier\"},\"description\":\"Somos um time de jornalistas e cr\u00edticos que respira cinema a 24 quadros por segundo. Das estreias do circuito aos cl\u00e1ssicos restaurados, da curadoria em streamings \u00e0s entrevistas nos bastidores, nossa reda\u00e7\u00e3o transforma filmes em conte\u00fado inteligente \u2014 com an\u00e1lises afiadas, guias pr\u00e1ticos e hist\u00f3rias que fazem voc\u00ea ver a s\u00e9tima arte com outros olhos. Aqui no Filmelier, cinema n\u00e3o \u00e9 s\u00f3 lazer: \u00e9 of\u00edcio, \u00e9 expertise, \u00e9 paix\u00e3o em forma de texto.\",\"url\":\"https:\/\/news.filmelier.com\/br\/author\/contato-filmelier\/\"}]}<\/script>\n<!-- \/ Yoast SEO plugin. -->","yoast_head_json":{"title":"Gal Gadot ser\u00e1 a Rainha M\u00e1 em novo live-action de 'Branca de Neve' - News Filmelier","robots":{"index":"index","follow":"follow","max-snippet":"max-snippet:-1","max-image-preview":"max-image-preview:large","max-video-preview":"max-video-preview:-1"},"canonical":"https:\/\/news.filmelier.com\/br\/gal-gadot-rainha-ma-live-action\/","og_locale":"pt_BR","og_type":"article","og_title":"Gal Gadot ser\u00e1 a Rainha M\u00e1 em novo live-action de 'Branca de Neve' - News Filmelier","og_description":"Rachel Zegler ('Amor, Sublime Amor') j\u00e1 est\u00e1 confirmada para o papel principal","og_url":"https:\/\/news.filmelier.com\/br\/gal-gadot-rainha-ma-live-action\/","og_site_name":"News Filmelier","article_published_time":"2021-11-04T12:53:14+00:00","author":"Reda\u00e7\u00e3o Filmelier","twitter_card":"summary_large_image","twitter_misc":{"Escrito por":"Reda\u00e7\u00e3o Filmelier","Est. tempo de leitura":"1 minuto"},"schema":{"@context":"https:\/\/schema.org","@graph":[{"@type":"Article","@id":"https:\/\/news.filmelier.com\/br\/gal-gadot-rainha-ma-live-action\/#article","isPartOf":{"@id":"https:\/\/news.filmelier.com\/br\/gal-gadot-rainha-ma-live-action\/"},"author":{"name":"Reda\u00e7\u00e3o Filmelier","@id":"https:\/\/homolog.news.filmelier.com\/br\/#\/schema\/person\/a6491aa555ce96d9d1cc15f1742dbd7b"},"headline":"Gal Gadot ser\u00e1 a Rainha M\u00e1 em novo live-action de &#8216;Branca de Neve&#8217;","datePublished":"2021-11-04T12:53:14+00:00","mainEntityOfPage":{"@id":"https:\/\/news.filmelier.com\/br\/gal-gadot-rainha-ma-live-action\/"},"wordCount":265,"publisher":{"@id":"https:\/\/homolog.news.filmelier.com\/br\/#organization"},"image":{"@id":"https:\/\/news.filmelier.com\/br\/gal-gadot-rainha-ma-live-action\/#primaryimage"},"thumbnailUrl":"","keywords":["branca de neve","Gal Gadot","live action","Rachel Zegler","Rainha M\u00e1"],"articleSection":["Filmes"],"inLanguage":"pt-BR"},{"@type":"WebPage","@id":"https:\/\/news.filmelier.com\/br\/gal-gadot-rainha-ma-live-action\/","url":"https:\/\/news.filmelier.com\/br\/gal-gadot-rainha-ma-live-action\/","name":"Gal Gadot ser\u00e1 a Rainha M\u00e1 em novo live-action de 'Branca de Neve' - News Filmelier","isPartOf":{"@id":"https:\/\/homolog.news.filmelier.com\/br\/#website"},"primaryImageOfPage":{"@id":"https:\/\/news.filmelier.com\/br\/gal-gadot-rainha-ma-live-action\/#primaryimage"},"image":{"@id":"https:\/\/news.filmelier.com\/br\/gal-gadot-rainha-ma-live-action\/#primaryimage"},"thumbnailUrl":"","datePublished":"2021-11-04T12:53:14+00:00","breadcrumb":{"@id":"https:\/\/news.filmelier.com\/br\/gal-gadot-rainha-ma-live-action\/#breadcrumb"},"inLanguage":"pt-BR","potentialAction":[{"@type":"ReadAction","target":["https:\/\/news.filmelier.com\/br\/gal-gadot-rainha-ma-live-action\/"]}]},{"@type":"ImageObject","inLanguage":"pt-BR","@id":"https:\/\/news.filmelier.com\/br\/gal-gadot-rainha-ma-live-action\/#primaryimage","url":"","contentUrl":""},{"@type":"BreadcrumbList","@id":"https:\/\/news.filmelier.com\/br\/gal-gadot-rainha-ma-live-action\/#breadcrumb","itemListElement":[{"@type":"ListItem","position":1,"name":"In\u00edcio","item":"https:\/\/homolog.news.filmelier.com\/br\/"},{"@type":"ListItem","position":2,"name":"Gal Gadot ser\u00e1 a Rainha M\u00e1 em novo live-action de &#8216;Branca de Neve&#8217;"}]},{"@type":"WebSite","@id":"https:\/\/homolog.news.filmelier.com\/br\/#website","url":"https:\/\/homolog.news.filmelier.com\/br\/","name":"Homolog Filmelier News Rankrup","description":"","publisher":{"@id":"https:\/\/homolog.news.filmelier.com\/br\/#organization"},"potentialAction":[{"@type":"SearchAction","target":{"@type":"EntryPoint","urlTemplate":"https:\/\/homolog.news.filmelier.com\/br\/?s={search_term_string}"},"query-input":{"@type":"PropertyValueSpecification","valueRequired":true,"valueName":"search_term_string"}}],"inLanguage":"pt-BR"},{"@type":"Organization","@id":"https:\/\/homolog.news.filmelier.com\/br\/#organization","name":"Homolog Filmelier News Rankrup","url":"https:\/\/homolog.news.filmelier.com\/br\/","logo":{"@type":"ImageObject","inLanguage":"pt-BR","@id":"https:\/\/homolog.news.filmelier.com\/br\/#\/schema\/logo\/image\/","url":"https:\/\/news.filmelier.com\/wp-content\/uploads\/2024\/11\/Logo-News.png","contentUrl":"https:\/\/news.filmelier.com\/wp-content\/uploads\/2024\/11\/Logo-News.png","width":460,"height":108,"caption":"Homolog Filmelier News Rankrup"},"image":{"@id":"https:\/\/homolog.news.filmelier.com\/br\/#\/schema\/logo\/image\/"}},{"@type":"Person","@id":"https:\/\/homolog.news.filmelier.com\/br\/#\/schema\/person\/a6491aa555ce96d9d1cc15f1742dbd7b","name":"Reda\u00e7\u00e3o Filmelier","image":{"@type":"ImageObject","inLanguage":"pt-BR","@id":"https:\/\/homolog.news.filmelier.com\/br\/#\/schema\/person\/image\/","url":"https:\/\/secure.gravatar.com\/avatar\/8bf80419447553f32d821a953683c4666faca8d781f143825a02644ae3f7e2d0?s=96&d=mm&r=g","contentUrl":"https:\/\/secure.gravatar.com\/avatar\/8bf80419447553f32d821a953683c4666faca8d781f143825a02644ae3f7e2d0?s=96&d=mm&r=g","caption":"Reda\u00e7\u00e3o Filmelier"},"description":"Somos um time de jornalistas e cr\u00edticos que respira cinema a 24 quadros por segundo. Das estreias do circuito aos cl\u00e1ssicos restaurados, da curadoria em streamings \u00e0s entrevistas nos bastidores, nossa reda\u00e7\u00e3o transforma filmes em conte\u00fado inteligente \u2014 com an\u00e1lises afiadas, guias pr\u00e1ticos e hist\u00f3rias que fazem voc\u00ea ver a s\u00e9tima arte com outros olhos. Aqui no Filmelier, cinema n\u00e3o \u00e9 s\u00f3 lazer: \u00e9 of\u00edcio, \u00e9 expertise, \u00e9 paix\u00e3o em forma de texto.","url":"https:\/\/news.filmelier.com\/br\/author\/contato-filmelier\/"}]}},"_links":{"self":[{"href":"https:\/\/news.filmelier.com\/br\/wp-json\/wp\/v2\/posts\/21150","targetHints":{"allow":["GET"]}}],"collection":[{"href":"https:\/\/news.filmelier.com\/br\/wp-json\/wp\/v2\/posts"}],"about":[{"href":"https:\/\/news.filmelier.com\/br\/wp-json\/wp\/v2\/types\/post"}],"author":[{"embeddable":true,"href":"https:\/\/news.filmelier.com\/br\/wp-json\/wp\/v2\/users\/14"}],"replies":[{"embeddable":true,"href":"https:\/\/news.filmelier.com\/br\/wp-json\/wp\/v2\/comments?post=21150"}],"version-history":[{"count":0,"href":"https:\/\/news.filmelier.com\/br\/wp-json\/wp\/v2\/posts\/21150\/revisions"}],"wp:featuredmedia":[{"embeddable":true,"href":"https:\/\/news.filmelier.com\/br\/wp-json\/"}],"wp:attachment":[{"href":"https:\/\/news.filmelier.com\/br\/wp-json\/wp\/v2\/media?parent=21150"}],"wp:term":[{"taxonomy":"category","embeddable":true,"href":"https:\/\/news.filmelier.com\/br\/wp-json\/wp\/v2\/categories?post=21150"},{"taxonomy":"post_tag","embeddable":true,"href":"https:\/\/news.filmelier.com\/br\/wp-json\/wp\/v2\/tags?post=21150"}],"curies":[{"name":"wp","href":"https:\/\/api.w.org\/{rel}","templated":true}]}}