{"id":21101,"date":"2021-11-03T10:43:35","date_gmt":"2021-11-03T13:43:35","guid":{"rendered":"https:\/\/www.filmelier.com\/br\/noticias\/?p=21101"},"modified":"2021-11-03T10:43:35","modified_gmt":"2021-11-03T13:43:35","slug":"robert-downey-jr-matt-damon-filme","status":"publish","type":"post","link":"https:\/\/news.filmelier.com\/br\/robert-downey-jr-matt-damon-filme\/","title":{"rendered":"Robert Downey Jr. e Matt Damon v\u00e3o estrelar novo filme de Christopher Nolan"},"content":{"rendered":"\n<p>Robert Downey Jr. (<a href=\"https:\/\/www.filmelier.com\/br\/film\/3523\/homem-de-ferro\">&#8216;Homem de Ferro&#8217;<\/a>) e Matt Damon (<a href=\"https:\/\/www.filmelier.com\/br\/film\/4107\/jason-bourne\">&#8216;Jason Bourne&#8217;<\/a>) foram confirmados no elenco de &#8216;Oppenheimer&#8217;, pr\u00f3ximo filme do diretor Christopher Nolan (<a href=\"https:\/\/www.filmelier.com\/br\/film\/11319\/interestelar\">&#8216;Interestelar&#8217;<\/a>). O longa conta a hist\u00f3ria de J. Robert Oppenheimer (1904-1967), o cientista respons\u00e1vel pelo projeto de cria\u00e7\u00e3o da bomba at\u00f4mica.<\/p>\n\n\n\n<p>At\u00e9 o momento, detalhes sobre os pap\u00e9is de Downey Jr. e Damon ainda n\u00e3o foram divulgados. A informa\u00e7\u00e3o \u00e9 do   <a href=\"https:\/\/deadline.com\/2021\/11\/robert-downey-jr-matt-damon-christopher-nolan-oppenheimer-1234859892\/\" target=\"_blank\" rel=\"noreferrer noopener\">Deadline<\/a>. No entanto j\u00e1 foi revelado anteriormente que Cillian Murphy (&#8216;Peaky Blinders&#8217;) viver\u00e1 o protagonista da trama.<\/p>\n\n\n\n<ul class=\"wp-block-list\"><li><strong>Leia tamb\u00e9m: <a href=\"https:\/\/www.filmelier.com\/br\/noticias\/greve-evitada-filmes-series-eua\">Greve em Hollywood evitada: sindicato e est\u00fadios entram em acordo<\/a><\/strong><\/li><\/ul>\n\n\n\n<div class=\"wp-block-image\"><figure class=\"aligncenter size-full\"><img decoding=\"async\" src=\"https:\/\/www.filmelier.com\/br\/noticias\/wp-content\/uploads\/2021\/11\/0416320.jpg\" alt=\"Robert Downey Jr. e Matt Damon estrelar\u00e3o novo filme de Christopher Nolan\" class=\"wp-image-21107\"\/><figcaption><em>Cillian Murphy (&#8216;Peaky Blinders&#8217;) viver\u00e1 o cientista Oppenheimer. (Cr\u00e9dito: Divulga\u00e7\u00e3o \/ Netflix)<\/em><\/figcaption><\/figure><\/div>\n\n\n\n\n\n<p>&#8216;Oppenheimer&#8217; ser\u00e1 baseado no livro &#8216;American Prometheus: The Triumph and Tragedy of J. Robert Oppenheimer&#8217; (&#8220;Prometeu Americano: O Triunfo e a Trag\u00e9dia de J. Robert Oppenheimer&#8221;, em tradu\u00e7\u00e3o livre), de Kai Bird e Martin J. Sherwin. A obra ganhou o pr\u00eamio Pulitzer de melhor biografia em 2006.<\/p>\n\n\n\n<p>Vale ressaltar que &#8216;Oppenheimer&#8217; tamb\u00e9m ser\u00e1 <a href=\"https:\/\/www.filmelier.com\/br\/noticias\/christopher-nolan-universal\" target=\"_blank\" data-type=\"URL\" data-id=\"https:\/\/www.filmelier.com\/br\/noticias\/christopher-nolan-universal\" rel=\"noreferrer noopener\">o primeiro longa de Nolan produzido pela Universal Pictures, ap\u00f3s duas d\u00e9cadas de parceria do diretor com a Warner Brothers<\/a>.  <\/p>\n\n\n\n<p>A previs\u00e3o \u00e9 que o filme estreie nos Estados Unidos em 21 de julho de 2023. A data tamb\u00e9m \u00e9 emblem\u00e1tica, j\u00e1 que \u00e9 aproximadamente duas semanas antes do anivers\u00e1rio do lan\u00e7amento da bomba em Hiroshima, em 6 de agosto de 1945.<\/p>\n\n\n\n<p>O longa ainda n\u00e3o tem uma data exata de lan\u00e7amento no Brasil.<\/p>\n\n\n\n<p class=\"has-text-align-center\"><strong>Siga o Filmelier no&nbsp;<a rel=\"noreferrer noopener\" href=\"https:\/\/www.facebook.com\/filmelierbr\" target=\"_blank\">Facebook<\/a>,&nbsp;<a rel=\"noreferrer noopener\" href=\"https:\/\/www.twitter.com\/filmelierbr\" target=\"_blank\">Twitter<\/a>,&nbsp;<a rel=\"noreferrer noopener\" href=\"https:\/\/www.instagram.com\/filmelierbr\" target=\"_blank\">Instagram<\/a>&nbsp;e&nbsp;<a rel=\"noreferrer noopener\" href=\"https:\/\/www.tiktok.com\/@filmelierbr\" target=\"_blank\">TikTok<\/a>.<\/strong><\/p>\n","protected":false},"excerpt":{"rendered":"<p>Cillian Murphy (&#8216;Peaky Blinders&#8217;) tamb\u00e9m j\u00e1 est\u00e1 confirmado no elenco de &#8216;Oppenheimer&#8217;<\/p>\n","protected":false},"author":14,"featured_media":21103,"comment_status":"closed","ping_status":"open","sticky":false,"template":"","format":"standard","meta":{"_acf_changed":false,"footnotes":""},"categories":[3482],"tags":[6166,6139,4331,6218],"class_list":["post-21101","post","type-post","status-publish","format-standard","has-post-thumbnail","hentry","category-filmes-br","tag-christopher-nolan","tag-matt-damon","tag-oppenheimer-br","tag-robert-downey-jr"],"acf":{"subtitulo":"","id_ator":""},"yoast_head":"<!-- This site is optimized with the Yoast SEO plugin v26.1.1 - https:\/\/yoast.com\/wordpress\/plugins\/seo\/ -->\n<title>Robert Downey Jr. e Matt Damon v\u00e3o estrelar novo filme de Christopher Nolan - News Filmelier<\/title>\n<meta name=\"robots\" content=\"index, follow, max-snippet:-1, max-image-preview:large, max-video-preview:-1\" \/>\n<link rel=\"canonical\" href=\"https:\/\/news.filmelier.com\/br\/robert-downey-jr-matt-damon-filme\/\" \/>\n<meta property=\"og:locale\" content=\"pt_BR\" \/>\n<meta property=\"og:type\" content=\"article\" \/>\n<meta property=\"og:title\" content=\"Robert Downey Jr. e Matt Damon v\u00e3o estrelar novo filme de Christopher Nolan - News Filmelier\" \/>\n<meta property=\"og:description\" content=\"Cillian Murphy (&#039;Peaky Blinders&#039;) tamb\u00e9m j\u00e1 est\u00e1 confirmado no elenco de &#039;Oppenheimer&#039;\" \/>\n<meta property=\"og:url\" content=\"https:\/\/news.filmelier.com\/br\/robert-downey-jr-matt-damon-filme\/\" \/>\n<meta property=\"og:site_name\" content=\"News Filmelier\" \/>\n<meta property=\"article:published_time\" content=\"2021-11-03T13:43:35+00:00\" \/>\n<meta name=\"author\" content=\"Reda\u00e7\u00e3o Filmelier\" \/>\n<meta name=\"twitter:card\" content=\"summary_large_image\" \/>\n<meta name=\"twitter:label1\" content=\"Escrito por\" \/>\n\t<meta name=\"twitter:data1\" content=\"Reda\u00e7\u00e3o Filmelier\" \/>\n\t<meta name=\"twitter:label2\" content=\"Est. tempo de leitura\" \/>\n\t<meta name=\"twitter:data2\" content=\"1 minuto\" \/>\n<script type=\"application\/ld+json\" class=\"yoast-schema-graph\">{\"@context\":\"https:\/\/schema.org\",\"@graph\":[{\"@type\":\"Article\",\"@id\":\"https:\/\/news.filmelier.com\/br\/robert-downey-jr-matt-damon-filme\/#article\",\"isPartOf\":{\"@id\":\"https:\/\/news.filmelier.com\/br\/robert-downey-jr-matt-damon-filme\/\"},\"author\":{\"name\":\"Reda\u00e7\u00e3o Filmelier\",\"@id\":\"https:\/\/homolog.news.filmelier.com\/br\/#\/schema\/person\/a6491aa555ce96d9d1cc15f1742dbd7b\"},\"headline\":\"Robert Downey Jr. e Matt Damon v\u00e3o estrelar novo filme de Christopher Nolan\",\"datePublished\":\"2021-11-03T13:43:35+00:00\",\"mainEntityOfPage\":{\"@id\":\"https:\/\/news.filmelier.com\/br\/robert-downey-jr-matt-damon-filme\/\"},\"wordCount\":275,\"publisher\":{\"@id\":\"https:\/\/homolog.news.filmelier.com\/br\/#organization\"},\"image\":{\"@id\":\"https:\/\/news.filmelier.com\/br\/robert-downey-jr-matt-damon-filme\/#primaryimage\"},\"thumbnailUrl\":\"\",\"keywords\":[\"Christopher Nolan\",\"Matt Damon\",\"Oppenheimer\",\"Robert Downey Jr.\"],\"articleSection\":[\"Filmes\"],\"inLanguage\":\"pt-BR\"},{\"@type\":\"WebPage\",\"@id\":\"https:\/\/news.filmelier.com\/br\/robert-downey-jr-matt-damon-filme\/\",\"url\":\"https:\/\/news.filmelier.com\/br\/robert-downey-jr-matt-damon-filme\/\",\"name\":\"Robert Downey Jr. e Matt Damon v\u00e3o estrelar novo filme de Christopher Nolan - News Filmelier\",\"isPartOf\":{\"@id\":\"https:\/\/homolog.news.filmelier.com\/br\/#website\"},\"primaryImageOfPage\":{\"@id\":\"https:\/\/news.filmelier.com\/br\/robert-downey-jr-matt-damon-filme\/#primaryimage\"},\"image\":{\"@id\":\"https:\/\/news.filmelier.com\/br\/robert-downey-jr-matt-damon-filme\/#primaryimage\"},\"thumbnailUrl\":\"\",\"datePublished\":\"2021-11-03T13:43:35+00:00\",\"breadcrumb\":{\"@id\":\"https:\/\/news.filmelier.com\/br\/robert-downey-jr-matt-damon-filme\/#breadcrumb\"},\"inLanguage\":\"pt-BR\",\"potentialAction\":[{\"@type\":\"ReadAction\",\"target\":[\"https:\/\/news.filmelier.com\/br\/robert-downey-jr-matt-damon-filme\/\"]}]},{\"@type\":\"ImageObject\",\"inLanguage\":\"pt-BR\",\"@id\":\"https:\/\/news.filmelier.com\/br\/robert-downey-jr-matt-damon-filme\/#primaryimage\",\"url\":\"\",\"contentUrl\":\"\"},{\"@type\":\"BreadcrumbList\",\"@id\":\"https:\/\/news.filmelier.com\/br\/robert-downey-jr-matt-damon-filme\/#breadcrumb\",\"itemListElement\":[{\"@type\":\"ListItem\",\"position\":1,\"name\":\"In\u00edcio\",\"item\":\"https:\/\/homolog.news.filmelier.com\/br\/\"},{\"@type\":\"ListItem\",\"position\":2,\"name\":\"Robert Downey Jr. e Matt Damon v\u00e3o estrelar novo filme de Christopher Nolan\"}]},{\"@type\":\"WebSite\",\"@id\":\"https:\/\/homolog.news.filmelier.com\/br\/#website\",\"url\":\"https:\/\/homolog.news.filmelier.com\/br\/\",\"name\":\"Homolog Filmelier News Rankrup\",\"description\":\"\",\"publisher\":{\"@id\":\"https:\/\/homolog.news.filmelier.com\/br\/#organization\"},\"potentialAction\":[{\"@type\":\"SearchAction\",\"target\":{\"@type\":\"EntryPoint\",\"urlTemplate\":\"https:\/\/homolog.news.filmelier.com\/br\/?s={search_term_string}\"},\"query-input\":{\"@type\":\"PropertyValueSpecification\",\"valueRequired\":true,\"valueName\":\"search_term_string\"}}],\"inLanguage\":\"pt-BR\"},{\"@type\":\"Organization\",\"@id\":\"https:\/\/homolog.news.filmelier.com\/br\/#organization\",\"name\":\"Homolog Filmelier News Rankrup\",\"url\":\"https:\/\/homolog.news.filmelier.com\/br\/\",\"logo\":{\"@type\":\"ImageObject\",\"inLanguage\":\"pt-BR\",\"@id\":\"https:\/\/homolog.news.filmelier.com\/br\/#\/schema\/logo\/image\/\",\"url\":\"https:\/\/news.filmelier.com\/wp-content\/uploads\/2024\/11\/Logo-News.png\",\"contentUrl\":\"https:\/\/news.filmelier.com\/wp-content\/uploads\/2024\/11\/Logo-News.png\",\"width\":460,\"height\":108,\"caption\":\"Homolog Filmelier News Rankrup\"},\"image\":{\"@id\":\"https:\/\/homolog.news.filmelier.com\/br\/#\/schema\/logo\/image\/\"}},{\"@type\":\"Person\",\"@id\":\"https:\/\/homolog.news.filmelier.com\/br\/#\/schema\/person\/a6491aa555ce96d9d1cc15f1742dbd7b\",\"name\":\"Reda\u00e7\u00e3o Filmelier\",\"image\":{\"@type\":\"ImageObject\",\"inLanguage\":\"pt-BR\",\"@id\":\"https:\/\/homolog.news.filmelier.com\/br\/#\/schema\/person\/image\/\",\"url\":\"https:\/\/secure.gravatar.com\/avatar\/8bf80419447553f32d821a953683c4666faca8d781f143825a02644ae3f7e2d0?s=96&d=mm&r=g\",\"contentUrl\":\"https:\/\/secure.gravatar.com\/avatar\/8bf80419447553f32d821a953683c4666faca8d781f143825a02644ae3f7e2d0?s=96&d=mm&r=g\",\"caption\":\"Reda\u00e7\u00e3o Filmelier\"},\"description\":\"Somos um time de jornalistas e cr\u00edticos que respira cinema a 24 quadros por segundo. Das estreias do circuito aos cl\u00e1ssicos restaurados, da curadoria em streamings \u00e0s entrevistas nos bastidores, nossa reda\u00e7\u00e3o transforma filmes em conte\u00fado inteligente \u2014 com an\u00e1lises afiadas, guias pr\u00e1ticos e hist\u00f3rias que fazem voc\u00ea ver a s\u00e9tima arte com outros olhos. Aqui no Filmelier, cinema n\u00e3o \u00e9 s\u00f3 lazer: \u00e9 of\u00edcio, \u00e9 expertise, \u00e9 paix\u00e3o em forma de texto.\",\"url\":\"https:\/\/news.filmelier.com\/br\/author\/contato-filmelier\/\"}]}<\/script>\n<!-- \/ Yoast SEO plugin. -->","yoast_head_json":{"title":"Robert Downey Jr. e Matt Damon v\u00e3o estrelar novo filme de Christopher Nolan - News Filmelier","robots":{"index":"index","follow":"follow","max-snippet":"max-snippet:-1","max-image-preview":"max-image-preview:large","max-video-preview":"max-video-preview:-1"},"canonical":"https:\/\/news.filmelier.com\/br\/robert-downey-jr-matt-damon-filme\/","og_locale":"pt_BR","og_type":"article","og_title":"Robert Downey Jr. e Matt Damon v\u00e3o estrelar novo filme de Christopher Nolan - News Filmelier","og_description":"Cillian Murphy ('Peaky Blinders') tamb\u00e9m j\u00e1 est\u00e1 confirmado no elenco de 'Oppenheimer'","og_url":"https:\/\/news.filmelier.com\/br\/robert-downey-jr-matt-damon-filme\/","og_site_name":"News Filmelier","article_published_time":"2021-11-03T13:43:35+00:00","author":"Reda\u00e7\u00e3o Filmelier","twitter_card":"summary_large_image","twitter_misc":{"Escrito por":"Reda\u00e7\u00e3o Filmelier","Est. tempo de leitura":"1 minuto"},"schema":{"@context":"https:\/\/schema.org","@graph":[{"@type":"Article","@id":"https:\/\/news.filmelier.com\/br\/robert-downey-jr-matt-damon-filme\/#article","isPartOf":{"@id":"https:\/\/news.filmelier.com\/br\/robert-downey-jr-matt-damon-filme\/"},"author":{"name":"Reda\u00e7\u00e3o Filmelier","@id":"https:\/\/homolog.news.filmelier.com\/br\/#\/schema\/person\/a6491aa555ce96d9d1cc15f1742dbd7b"},"headline":"Robert Downey Jr. e Matt Damon v\u00e3o estrelar novo filme de Christopher Nolan","datePublished":"2021-11-03T13:43:35+00:00","mainEntityOfPage":{"@id":"https:\/\/news.filmelier.com\/br\/robert-downey-jr-matt-damon-filme\/"},"wordCount":275,"publisher":{"@id":"https:\/\/homolog.news.filmelier.com\/br\/#organization"},"image":{"@id":"https:\/\/news.filmelier.com\/br\/robert-downey-jr-matt-damon-filme\/#primaryimage"},"thumbnailUrl":"","keywords":["Christopher Nolan","Matt Damon","Oppenheimer","Robert Downey Jr."],"articleSection":["Filmes"],"inLanguage":"pt-BR"},{"@type":"WebPage","@id":"https:\/\/news.filmelier.com\/br\/robert-downey-jr-matt-damon-filme\/","url":"https:\/\/news.filmelier.com\/br\/robert-downey-jr-matt-damon-filme\/","name":"Robert Downey Jr. e Matt Damon v\u00e3o estrelar novo filme de Christopher Nolan - News Filmelier","isPartOf":{"@id":"https:\/\/homolog.news.filmelier.com\/br\/#website"},"primaryImageOfPage":{"@id":"https:\/\/news.filmelier.com\/br\/robert-downey-jr-matt-damon-filme\/#primaryimage"},"image":{"@id":"https:\/\/news.filmelier.com\/br\/robert-downey-jr-matt-damon-filme\/#primaryimage"},"thumbnailUrl":"","datePublished":"2021-11-03T13:43:35+00:00","breadcrumb":{"@id":"https:\/\/news.filmelier.com\/br\/robert-downey-jr-matt-damon-filme\/#breadcrumb"},"inLanguage":"pt-BR","potentialAction":[{"@type":"ReadAction","target":["https:\/\/news.filmelier.com\/br\/robert-downey-jr-matt-damon-filme\/"]}]},{"@type":"ImageObject","inLanguage":"pt-BR","@id":"https:\/\/news.filmelier.com\/br\/robert-downey-jr-matt-damon-filme\/#primaryimage","url":"","contentUrl":""},{"@type":"BreadcrumbList","@id":"https:\/\/news.filmelier.com\/br\/robert-downey-jr-matt-damon-filme\/#breadcrumb","itemListElement":[{"@type":"ListItem","position":1,"name":"In\u00edcio","item":"https:\/\/homolog.news.filmelier.com\/br\/"},{"@type":"ListItem","position":2,"name":"Robert Downey Jr. e Matt Damon v\u00e3o estrelar novo filme de Christopher Nolan"}]},{"@type":"WebSite","@id":"https:\/\/homolog.news.filmelier.com\/br\/#website","url":"https:\/\/homolog.news.filmelier.com\/br\/","name":"Homolog Filmelier News Rankrup","description":"","publisher":{"@id":"https:\/\/homolog.news.filmelier.com\/br\/#organization"},"potentialAction":[{"@type":"SearchAction","target":{"@type":"EntryPoint","urlTemplate":"https:\/\/homolog.news.filmelier.com\/br\/?s={search_term_string}"},"query-input":{"@type":"PropertyValueSpecification","valueRequired":true,"valueName":"search_term_string"}}],"inLanguage":"pt-BR"},{"@type":"Organization","@id":"https:\/\/homolog.news.filmelier.com\/br\/#organization","name":"Homolog Filmelier News Rankrup","url":"https:\/\/homolog.news.filmelier.com\/br\/","logo":{"@type":"ImageObject","inLanguage":"pt-BR","@id":"https:\/\/homolog.news.filmelier.com\/br\/#\/schema\/logo\/image\/","url":"https:\/\/news.filmelier.com\/wp-content\/uploads\/2024\/11\/Logo-News.png","contentUrl":"https:\/\/news.filmelier.com\/wp-content\/uploads\/2024\/11\/Logo-News.png","width":460,"height":108,"caption":"Homolog Filmelier News Rankrup"},"image":{"@id":"https:\/\/homolog.news.filmelier.com\/br\/#\/schema\/logo\/image\/"}},{"@type":"Person","@id":"https:\/\/homolog.news.filmelier.com\/br\/#\/schema\/person\/a6491aa555ce96d9d1cc15f1742dbd7b","name":"Reda\u00e7\u00e3o Filmelier","image":{"@type":"ImageObject","inLanguage":"pt-BR","@id":"https:\/\/homolog.news.filmelier.com\/br\/#\/schema\/person\/image\/","url":"https:\/\/secure.gravatar.com\/avatar\/8bf80419447553f32d821a953683c4666faca8d781f143825a02644ae3f7e2d0?s=96&d=mm&r=g","contentUrl":"https:\/\/secure.gravatar.com\/avatar\/8bf80419447553f32d821a953683c4666faca8d781f143825a02644ae3f7e2d0?s=96&d=mm&r=g","caption":"Reda\u00e7\u00e3o Filmelier"},"description":"Somos um time de jornalistas e cr\u00edticos que respira cinema a 24 quadros por segundo. Das estreias do circuito aos cl\u00e1ssicos restaurados, da curadoria em streamings \u00e0s entrevistas nos bastidores, nossa reda\u00e7\u00e3o transforma filmes em conte\u00fado inteligente \u2014 com an\u00e1lises afiadas, guias pr\u00e1ticos e hist\u00f3rias que fazem voc\u00ea ver a s\u00e9tima arte com outros olhos. Aqui no Filmelier, cinema n\u00e3o \u00e9 s\u00f3 lazer: \u00e9 of\u00edcio, \u00e9 expertise, \u00e9 paix\u00e3o em forma de texto.","url":"https:\/\/news.filmelier.com\/br\/author\/contato-filmelier\/"}]}},"_links":{"self":[{"href":"https:\/\/news.filmelier.com\/br\/wp-json\/wp\/v2\/posts\/21101","targetHints":{"allow":["GET"]}}],"collection":[{"href":"https:\/\/news.filmelier.com\/br\/wp-json\/wp\/v2\/posts"}],"about":[{"href":"https:\/\/news.filmelier.com\/br\/wp-json\/wp\/v2\/types\/post"}],"author":[{"embeddable":true,"href":"https:\/\/news.filmelier.com\/br\/wp-json\/wp\/v2\/users\/14"}],"replies":[{"embeddable":true,"href":"https:\/\/news.filmelier.com\/br\/wp-json\/wp\/v2\/comments?post=21101"}],"version-history":[{"count":0,"href":"https:\/\/news.filmelier.com\/br\/wp-json\/wp\/v2\/posts\/21101\/revisions"}],"wp:featuredmedia":[{"embeddable":true,"href":"https:\/\/news.filmelier.com\/br\/wp-json\/"}],"wp:attachment":[{"href":"https:\/\/news.filmelier.com\/br\/wp-json\/wp\/v2\/media?parent=21101"}],"wp:term":[{"taxonomy":"category","embeddable":true,"href":"https:\/\/news.filmelier.com\/br\/wp-json\/wp\/v2\/categories?post=21101"},{"taxonomy":"post_tag","embeddable":true,"href":"https:\/\/news.filmelier.com\/br\/wp-json\/wp\/v2\/tags?post=21101"}],"curies":[{"name":"wp","href":"https:\/\/api.w.org\/{rel}","templated":true}]}}