{"id":21069,"date":"2021-11-01T17:59:29","date_gmt":"2021-11-01T20:59:29","guid":{"rendered":"https:\/\/www.filmelier.com\/br\/noticias\/?p=21069"},"modified":"2021-11-01T17:59:29","modified_gmt":"2021-11-01T20:59:29","slug":"moonfall-novo-teaser-eletrizante","status":"publish","type":"post","link":"https:\/\/news.filmelier.com\/br\/moonfall-novo-teaser-eletrizante\/","title":{"rendered":"&#8216;Moonfall&#8217; mostra a Lua colidindo com a Terra em novo teaser eletrizante"},"content":{"rendered":"\n<p>&#8216;Moonfall&#8217;, filme do diretor <a href=\"https:\/\/www.filmelier.com\/br\/director\/roland-emmerich\" target=\"_blank\" rel=\"noreferrer noopener\">Roland Emmerich<\/a> (&#8216;2012&#8217; e <a href=\"https:\/\/www.filmelier.com\/br\/film\/3537\/independence-day\" target=\"_blank\" rel=\"noreferrer noopener\">&#8216;Independence Day&#8217;<\/a>), ganhou mais uma pr\u00e9via. No teaser, vemos uma for\u00e7a misteriosa tirar a Lua de sua \u00f3rbita e a colocar em rota de colis\u00e3o com a Terra. <\/p>\n\n\n\n<ul class=\"wp-block-list\"><li><strong>Leia tamb\u00e9m: <a href=\"https:\/\/www.filmelier.com\/br\/noticias\/china-vacina-mercado-de-cinema-2021\">Gra\u00e7as \u00e0 China e \u00e0 vacina, mercado de cinema deve faturar US$ 21,6 bi em 2021<\/a><\/strong><\/li><\/ul>\n\n\n\n<p>Estrelado por Halle Berry (&#8216;X-Men&#8217;), Patrick Wilson (<a href=\"https:\/\/www.filmelier.com\/br\/film\/15040\/invocacao-do-mal-3-a-ordem-do-demonio\">&#8216;Invoca\u00e7\u00e3o do Mal&#8217;<\/a>) e John Bradley (&#8216;Game of Thrones&#8217;), o longa deve ser lan\u00e7ado no ano que vem. <\/p>\n\n\n\n<p>Assista ao teaser: <\/p>\n\n\n\n<figure class=\"wp-block-embed is-type-video is-provider-youtube wp-block-embed-youtube wp-embed-aspect-16-9 wp-has-aspect-ratio\"><div class=\"wp-block-embed__wrapper\">\n<iframe title=\"Moonfall | Teaser Trailer 2 | Legendado\" width=\"800\" height=\"450\" src=\"https:\/\/www.youtube.com\/embed\/ug_riCm8C_Q?feature=oembed\" frameborder=\"0\" allow=\"accelerometer; autoplay; clipboard-write; encrypted-media; gyroscope; picture-in-picture; web-share\" referrerpolicy=\"strict-origin-when-cross-origin\" allowfullscreen><\/iframe>\n<\/div><\/figure>\n\n\n\n<p>&#8216;Moonfall&#8217; segue se passa quando a humanidade est\u00e1 \u00e0 beira da aniquila\u00e7\u00e3o. Para salvar o planeta, uma ex-astronauta da NASA est\u00e1 convencida de que tem a resposta, mas apenas um s\u00f3 colega do passado e um teorista acreditam nela. Os improv\u00e1veis her\u00f3is correm contra o tempo para montar uma miss\u00e3o ao espa\u00e7o, mas l\u00e1 descobrem que a Lua n\u00e3o \u00e9 exatamente o que parece. <\/p>\n\n\n\n<p>No Brasil, a estreia nos cinemas est\u00e1 prevista para 3 de fevereiro de 2022.<\/p>\n\n\n\n<p><strong><a href=\"https:\/\/www.filmelier.com\/br\/filmes\/sobre\/astronomia\" target=\"_blank\" rel=\"noreferrer noopener\">Confira outros filmes sobre astronomia para assistir.<\/a><\/strong><\/p>\n\n\n\n<p class=\"has-text-align-center\"><strong>Siga o Filmelier no&nbsp;<a rel=\"noreferrer noopener\" href=\"https:\/\/www.facebook.com\/filmelierbr\" target=\"_blank\">Facebook<\/a>,&nbsp;<a rel=\"noreferrer noopener\" href=\"https:\/\/www.twitter.com\/filmelierbr\" target=\"_blank\">Twitter<\/a>,&nbsp;<a rel=\"noreferrer noopener\" href=\"https:\/\/www.instagram.com\/filmelierbr\" target=\"_blank\">Instagram<\/a>&nbsp;e&nbsp;<a rel=\"noreferrer noopener\" href=\"https:\/\/www.tiktok.com\/@filmelierbr\" target=\"_blank\">TikTok<\/a>.<\/strong><\/p>\n","protected":false},"excerpt":{"rendered":"<p>O longa \u00e9 dirigido por Roland Emmerich, conhecido por &#8216;2012&#8217; e &#8216;Independence Day&#8217;<\/p>\n","protected":false},"author":14,"featured_media":21072,"comment_status":"closed","ping_status":"open","sticky":false,"template":"","format":"standard","meta":{"_acf_changed":false,"footnotes":""},"categories":[3482],"tags":[3905,4634,3307,3309],"class_list":["post-21069","post","type-post","status-publish","format-standard","has-post-thumbnail","hentry","category-filmes-br","tag-acao-br","tag-lancamento-br","tag-moonfall","tag-roland-emmerich"],"acf":{"subtitulo":"","id_ator":""},"yoast_head":"<!-- This site is optimized with the Yoast SEO plugin v26.1.1 - https:\/\/yoast.com\/wordpress\/plugins\/seo\/ -->\n<title>&#039;Moonfall&#039; mostra a Lua colidindo com a Terra em novo teaser eletrizante - News Filmelier<\/title>\n<meta name=\"robots\" content=\"index, follow, max-snippet:-1, max-image-preview:large, max-video-preview:-1\" \/>\n<link rel=\"canonical\" href=\"https:\/\/news.filmelier.com\/br\/moonfall-novo-teaser-eletrizante\/\" \/>\n<meta property=\"og:locale\" content=\"pt_BR\" \/>\n<meta property=\"og:type\" content=\"article\" \/>\n<meta property=\"og:title\" content=\"&#039;Moonfall&#039; mostra a Lua colidindo com a Terra em novo teaser eletrizante - News Filmelier\" \/>\n<meta property=\"og:description\" content=\"O longa \u00e9 dirigido por Roland Emmerich, conhecido por &#039;2012&#039; e &#039;Independence Day&#039;\" \/>\n<meta property=\"og:url\" content=\"https:\/\/news.filmelier.com\/br\/moonfall-novo-teaser-eletrizante\/\" \/>\n<meta property=\"og:site_name\" content=\"News Filmelier\" \/>\n<meta property=\"article:published_time\" content=\"2021-11-01T20:59:29+00:00\" \/>\n<meta name=\"author\" content=\"Reda\u00e7\u00e3o Filmelier\" \/>\n<meta name=\"twitter:card\" content=\"summary_large_image\" \/>\n<meta name=\"twitter:label1\" content=\"Escrito por\" \/>\n\t<meta name=\"twitter:data1\" content=\"Reda\u00e7\u00e3o Filmelier\" \/>\n\t<meta name=\"twitter:label2\" content=\"Est. tempo de leitura\" \/>\n\t<meta name=\"twitter:data2\" content=\"1 minuto\" \/>\n<script type=\"application\/ld+json\" class=\"yoast-schema-graph\">{\"@context\":\"https:\/\/schema.org\",\"@graph\":[{\"@type\":\"Article\",\"@id\":\"https:\/\/news.filmelier.com\/br\/moonfall-novo-teaser-eletrizante\/#article\",\"isPartOf\":{\"@id\":\"https:\/\/news.filmelier.com\/br\/moonfall-novo-teaser-eletrizante\/\"},\"author\":{\"name\":\"Reda\u00e7\u00e3o Filmelier\",\"@id\":\"https:\/\/homolog.news.filmelier.com\/br\/#\/schema\/person\/a6491aa555ce96d9d1cc15f1742dbd7b\"},\"headline\":\"&#8216;Moonfall&#8217; mostra a Lua colidindo com a Terra em novo teaser eletrizante\",\"datePublished\":\"2021-11-01T20:59:29+00:00\",\"mainEntityOfPage\":{\"@id\":\"https:\/\/news.filmelier.com\/br\/moonfall-novo-teaser-eletrizante\/\"},\"wordCount\":207,\"publisher\":{\"@id\":\"https:\/\/homolog.news.filmelier.com\/br\/#organization\"},\"image\":{\"@id\":\"https:\/\/news.filmelier.com\/br\/moonfall-novo-teaser-eletrizante\/#primaryimage\"},\"thumbnailUrl\":\"\",\"keywords\":[\"A\u00e7\u00e3o\",\"lan\u00e7amento\",\"Moonfall\",\"Roland Emmerich\"],\"articleSection\":[\"Filmes\"],\"inLanguage\":\"pt-BR\"},{\"@type\":\"WebPage\",\"@id\":\"https:\/\/news.filmelier.com\/br\/moonfall-novo-teaser-eletrizante\/\",\"url\":\"https:\/\/news.filmelier.com\/br\/moonfall-novo-teaser-eletrizante\/\",\"name\":\"'Moonfall' mostra a Lua colidindo com a Terra em novo teaser eletrizante - News Filmelier\",\"isPartOf\":{\"@id\":\"https:\/\/homolog.news.filmelier.com\/br\/#website\"},\"primaryImageOfPage\":{\"@id\":\"https:\/\/news.filmelier.com\/br\/moonfall-novo-teaser-eletrizante\/#primaryimage\"},\"image\":{\"@id\":\"https:\/\/news.filmelier.com\/br\/moonfall-novo-teaser-eletrizante\/#primaryimage\"},\"thumbnailUrl\":\"\",\"datePublished\":\"2021-11-01T20:59:29+00:00\",\"breadcrumb\":{\"@id\":\"https:\/\/news.filmelier.com\/br\/moonfall-novo-teaser-eletrizante\/#breadcrumb\"},\"inLanguage\":\"pt-BR\",\"potentialAction\":[{\"@type\":\"ReadAction\",\"target\":[\"https:\/\/news.filmelier.com\/br\/moonfall-novo-teaser-eletrizante\/\"]}]},{\"@type\":\"ImageObject\",\"inLanguage\":\"pt-BR\",\"@id\":\"https:\/\/news.filmelier.com\/br\/moonfall-novo-teaser-eletrizante\/#primaryimage\",\"url\":\"\",\"contentUrl\":\"\"},{\"@type\":\"BreadcrumbList\",\"@id\":\"https:\/\/news.filmelier.com\/br\/moonfall-novo-teaser-eletrizante\/#breadcrumb\",\"itemListElement\":[{\"@type\":\"ListItem\",\"position\":1,\"name\":\"In\u00edcio\",\"item\":\"https:\/\/homolog.news.filmelier.com\/br\/\"},{\"@type\":\"ListItem\",\"position\":2,\"name\":\"&#8216;Moonfall&#8217; mostra a Lua colidindo com a Terra em novo teaser eletrizante\"}]},{\"@type\":\"WebSite\",\"@id\":\"https:\/\/homolog.news.filmelier.com\/br\/#website\",\"url\":\"https:\/\/homolog.news.filmelier.com\/br\/\",\"name\":\"Homolog Filmelier News Rankrup\",\"description\":\"\",\"publisher\":{\"@id\":\"https:\/\/homolog.news.filmelier.com\/br\/#organization\"},\"potentialAction\":[{\"@type\":\"SearchAction\",\"target\":{\"@type\":\"EntryPoint\",\"urlTemplate\":\"https:\/\/homolog.news.filmelier.com\/br\/?s={search_term_string}\"},\"query-input\":{\"@type\":\"PropertyValueSpecification\",\"valueRequired\":true,\"valueName\":\"search_term_string\"}}],\"inLanguage\":\"pt-BR\"},{\"@type\":\"Organization\",\"@id\":\"https:\/\/homolog.news.filmelier.com\/br\/#organization\",\"name\":\"Homolog Filmelier News Rankrup\",\"url\":\"https:\/\/homolog.news.filmelier.com\/br\/\",\"logo\":{\"@type\":\"ImageObject\",\"inLanguage\":\"pt-BR\",\"@id\":\"https:\/\/homolog.news.filmelier.com\/br\/#\/schema\/logo\/image\/\",\"url\":\"https:\/\/news.filmelier.com\/wp-content\/uploads\/2024\/11\/Logo-News.png\",\"contentUrl\":\"https:\/\/news.filmelier.com\/wp-content\/uploads\/2024\/11\/Logo-News.png\",\"width\":460,\"height\":108,\"caption\":\"Homolog Filmelier News Rankrup\"},\"image\":{\"@id\":\"https:\/\/homolog.news.filmelier.com\/br\/#\/schema\/logo\/image\/\"}},{\"@type\":\"Person\",\"@id\":\"https:\/\/homolog.news.filmelier.com\/br\/#\/schema\/person\/a6491aa555ce96d9d1cc15f1742dbd7b\",\"name\":\"Reda\u00e7\u00e3o Filmelier\",\"image\":{\"@type\":\"ImageObject\",\"inLanguage\":\"pt-BR\",\"@id\":\"https:\/\/homolog.news.filmelier.com\/br\/#\/schema\/person\/image\/\",\"url\":\"https:\/\/secure.gravatar.com\/avatar\/8bf80419447553f32d821a953683c4666faca8d781f143825a02644ae3f7e2d0?s=96&d=mm&r=g\",\"contentUrl\":\"https:\/\/secure.gravatar.com\/avatar\/8bf80419447553f32d821a953683c4666faca8d781f143825a02644ae3f7e2d0?s=96&d=mm&r=g\",\"caption\":\"Reda\u00e7\u00e3o Filmelier\"},\"description\":\"Somos um time de jornalistas e cr\u00edticos que respira cinema a 24 quadros por segundo. Das estreias do circuito aos cl\u00e1ssicos restaurados, da curadoria em streamings \u00e0s entrevistas nos bastidores, nossa reda\u00e7\u00e3o transforma filmes em conte\u00fado inteligente \u2014 com an\u00e1lises afiadas, guias pr\u00e1ticos e hist\u00f3rias que fazem voc\u00ea ver a s\u00e9tima arte com outros olhos. Aqui no Filmelier, cinema n\u00e3o \u00e9 s\u00f3 lazer: \u00e9 of\u00edcio, \u00e9 expertise, \u00e9 paix\u00e3o em forma de texto.\",\"url\":\"https:\/\/news.filmelier.com\/br\/author\/contato-filmelier\/\"}]}<\/script>\n<!-- \/ Yoast SEO plugin. -->","yoast_head_json":{"title":"'Moonfall' mostra a Lua colidindo com a Terra em novo teaser eletrizante - News Filmelier","robots":{"index":"index","follow":"follow","max-snippet":"max-snippet:-1","max-image-preview":"max-image-preview:large","max-video-preview":"max-video-preview:-1"},"canonical":"https:\/\/news.filmelier.com\/br\/moonfall-novo-teaser-eletrizante\/","og_locale":"pt_BR","og_type":"article","og_title":"'Moonfall' mostra a Lua colidindo com a Terra em novo teaser eletrizante - News Filmelier","og_description":"O longa \u00e9 dirigido por Roland Emmerich, conhecido por '2012' e 'Independence Day'","og_url":"https:\/\/news.filmelier.com\/br\/moonfall-novo-teaser-eletrizante\/","og_site_name":"News Filmelier","article_published_time":"2021-11-01T20:59:29+00:00","author":"Reda\u00e7\u00e3o Filmelier","twitter_card":"summary_large_image","twitter_misc":{"Escrito por":"Reda\u00e7\u00e3o Filmelier","Est. tempo de leitura":"1 minuto"},"schema":{"@context":"https:\/\/schema.org","@graph":[{"@type":"Article","@id":"https:\/\/news.filmelier.com\/br\/moonfall-novo-teaser-eletrizante\/#article","isPartOf":{"@id":"https:\/\/news.filmelier.com\/br\/moonfall-novo-teaser-eletrizante\/"},"author":{"name":"Reda\u00e7\u00e3o Filmelier","@id":"https:\/\/homolog.news.filmelier.com\/br\/#\/schema\/person\/a6491aa555ce96d9d1cc15f1742dbd7b"},"headline":"&#8216;Moonfall&#8217; mostra a Lua colidindo com a Terra em novo teaser eletrizante","datePublished":"2021-11-01T20:59:29+00:00","mainEntityOfPage":{"@id":"https:\/\/news.filmelier.com\/br\/moonfall-novo-teaser-eletrizante\/"},"wordCount":207,"publisher":{"@id":"https:\/\/homolog.news.filmelier.com\/br\/#organization"},"image":{"@id":"https:\/\/news.filmelier.com\/br\/moonfall-novo-teaser-eletrizante\/#primaryimage"},"thumbnailUrl":"","keywords":["A\u00e7\u00e3o","lan\u00e7amento","Moonfall","Roland Emmerich"],"articleSection":["Filmes"],"inLanguage":"pt-BR"},{"@type":"WebPage","@id":"https:\/\/news.filmelier.com\/br\/moonfall-novo-teaser-eletrizante\/","url":"https:\/\/news.filmelier.com\/br\/moonfall-novo-teaser-eletrizante\/","name":"'Moonfall' mostra a Lua colidindo com a Terra em novo teaser eletrizante - News Filmelier","isPartOf":{"@id":"https:\/\/homolog.news.filmelier.com\/br\/#website"},"primaryImageOfPage":{"@id":"https:\/\/news.filmelier.com\/br\/moonfall-novo-teaser-eletrizante\/#primaryimage"},"image":{"@id":"https:\/\/news.filmelier.com\/br\/moonfall-novo-teaser-eletrizante\/#primaryimage"},"thumbnailUrl":"","datePublished":"2021-11-01T20:59:29+00:00","breadcrumb":{"@id":"https:\/\/news.filmelier.com\/br\/moonfall-novo-teaser-eletrizante\/#breadcrumb"},"inLanguage":"pt-BR","potentialAction":[{"@type":"ReadAction","target":["https:\/\/news.filmelier.com\/br\/moonfall-novo-teaser-eletrizante\/"]}]},{"@type":"ImageObject","inLanguage":"pt-BR","@id":"https:\/\/news.filmelier.com\/br\/moonfall-novo-teaser-eletrizante\/#primaryimage","url":"","contentUrl":""},{"@type":"BreadcrumbList","@id":"https:\/\/news.filmelier.com\/br\/moonfall-novo-teaser-eletrizante\/#breadcrumb","itemListElement":[{"@type":"ListItem","position":1,"name":"In\u00edcio","item":"https:\/\/homolog.news.filmelier.com\/br\/"},{"@type":"ListItem","position":2,"name":"&#8216;Moonfall&#8217; mostra a Lua colidindo com a Terra em novo teaser eletrizante"}]},{"@type":"WebSite","@id":"https:\/\/homolog.news.filmelier.com\/br\/#website","url":"https:\/\/homolog.news.filmelier.com\/br\/","name":"Homolog Filmelier News Rankrup","description":"","publisher":{"@id":"https:\/\/homolog.news.filmelier.com\/br\/#organization"},"potentialAction":[{"@type":"SearchAction","target":{"@type":"EntryPoint","urlTemplate":"https:\/\/homolog.news.filmelier.com\/br\/?s={search_term_string}"},"query-input":{"@type":"PropertyValueSpecification","valueRequired":true,"valueName":"search_term_string"}}],"inLanguage":"pt-BR"},{"@type":"Organization","@id":"https:\/\/homolog.news.filmelier.com\/br\/#organization","name":"Homolog Filmelier News Rankrup","url":"https:\/\/homolog.news.filmelier.com\/br\/","logo":{"@type":"ImageObject","inLanguage":"pt-BR","@id":"https:\/\/homolog.news.filmelier.com\/br\/#\/schema\/logo\/image\/","url":"https:\/\/news.filmelier.com\/wp-content\/uploads\/2024\/11\/Logo-News.png","contentUrl":"https:\/\/news.filmelier.com\/wp-content\/uploads\/2024\/11\/Logo-News.png","width":460,"height":108,"caption":"Homolog Filmelier News Rankrup"},"image":{"@id":"https:\/\/homolog.news.filmelier.com\/br\/#\/schema\/logo\/image\/"}},{"@type":"Person","@id":"https:\/\/homolog.news.filmelier.com\/br\/#\/schema\/person\/a6491aa555ce96d9d1cc15f1742dbd7b","name":"Reda\u00e7\u00e3o Filmelier","image":{"@type":"ImageObject","inLanguage":"pt-BR","@id":"https:\/\/homolog.news.filmelier.com\/br\/#\/schema\/person\/image\/","url":"https:\/\/secure.gravatar.com\/avatar\/8bf80419447553f32d821a953683c4666faca8d781f143825a02644ae3f7e2d0?s=96&d=mm&r=g","contentUrl":"https:\/\/secure.gravatar.com\/avatar\/8bf80419447553f32d821a953683c4666faca8d781f143825a02644ae3f7e2d0?s=96&d=mm&r=g","caption":"Reda\u00e7\u00e3o Filmelier"},"description":"Somos um time de jornalistas e cr\u00edticos que respira cinema a 24 quadros por segundo. Das estreias do circuito aos cl\u00e1ssicos restaurados, da curadoria em streamings \u00e0s entrevistas nos bastidores, nossa reda\u00e7\u00e3o transforma filmes em conte\u00fado inteligente \u2014 com an\u00e1lises afiadas, guias pr\u00e1ticos e hist\u00f3rias que fazem voc\u00ea ver a s\u00e9tima arte com outros olhos. Aqui no Filmelier, cinema n\u00e3o \u00e9 s\u00f3 lazer: \u00e9 of\u00edcio, \u00e9 expertise, \u00e9 paix\u00e3o em forma de texto.","url":"https:\/\/news.filmelier.com\/br\/author\/contato-filmelier\/"}]}},"_links":{"self":[{"href":"https:\/\/news.filmelier.com\/br\/wp-json\/wp\/v2\/posts\/21069","targetHints":{"allow":["GET"]}}],"collection":[{"href":"https:\/\/news.filmelier.com\/br\/wp-json\/wp\/v2\/posts"}],"about":[{"href":"https:\/\/news.filmelier.com\/br\/wp-json\/wp\/v2\/types\/post"}],"author":[{"embeddable":true,"href":"https:\/\/news.filmelier.com\/br\/wp-json\/wp\/v2\/users\/14"}],"replies":[{"embeddable":true,"href":"https:\/\/news.filmelier.com\/br\/wp-json\/wp\/v2\/comments?post=21069"}],"version-history":[{"count":0,"href":"https:\/\/news.filmelier.com\/br\/wp-json\/wp\/v2\/posts\/21069\/revisions"}],"wp:featuredmedia":[{"embeddable":true,"href":"https:\/\/news.filmelier.com\/br\/wp-json\/"}],"wp:attachment":[{"href":"https:\/\/news.filmelier.com\/br\/wp-json\/wp\/v2\/media?parent=21069"}],"wp:term":[{"taxonomy":"category","embeddable":true,"href":"https:\/\/news.filmelier.com\/br\/wp-json\/wp\/v2\/categories?post=21069"},{"taxonomy":"post_tag","embeddable":true,"href":"https:\/\/news.filmelier.com\/br\/wp-json\/wp\/v2\/tags?post=21069"}],"curies":[{"name":"wp","href":"https:\/\/api.w.org\/{rel}","templated":true}]}}