{"id":21058,"date":"2021-11-02T10:29:15","date_gmt":"2021-11-02T13:29:15","guid":{"rendered":"https:\/\/www.filmelier.com\/br\/noticias\/?p=21058"},"modified":"2021-11-02T10:29:15","modified_gmt":"2021-11-02T13:29:15","slug":"morbius-sony-novo-trailer","status":"publish","type":"post","link":"https:\/\/news.filmelier.com\/br\/morbius-sony-novo-trailer\/","title":{"rendered":"&#8216;Morbius&#8217;, protagonizado por Jared Leto, ganha novo trailer legendado"},"content":{"rendered":"\n<p>&#8216;Morbius&#8217;, novo filme do <a href=\"https:\/\/www.filmelier.com\/br\/noticias\/cena-pos-creditos-venom-2-futuro-marvel\" target=\"_blank\" data-type=\"URL\" data-id=\"https:\/\/www.filmelier.com\/br\/noticias\/cena-pos-creditos-venom-2-futuro-marvel\" rel=\"noreferrer noopener\">universo cinematogr\u00e1fico do Homem-Aranha pela Sony<\/a>, ganhou um trailer in\u00e9dito nesta ter\u00e7a-feira, 2. Protagonizado pelo vencedor do Oscar, Jared Leto (<a href=\"https:\/\/www.filmelier.com\/br\/film\/3591\/esquadrao-suicida\">&#8216;Esquadr\u00e3o Suicida&#8217;<\/a>), o longa deve fazer parte do universo iniciado por &#8216;<a href=\"https:\/\/www.filmelier.com\/br\/film\/4360\/venom\">Venom<\/a>&#8216; e contar\u00e1 a hist\u00f3ria do\u00a0Dr. Michael Morbius, famoso nos gibis como vil\u00e3o de Homem-Aranha. <\/p>\n\n\n\n<ul class=\"wp-block-list\"><li><strong>Leia tamb\u00e9m: <a href=\"https:\/\/www.filmelier.com\/br\/noticias\/cena-pos-creditos-venom-2-futuro-marvel\" target=\"_blank\" data-type=\"URL\" data-id=\"https:\/\/www.filmelier.com\/br\/noticias\/cena-pos-creditos-venom-2-futuro-marvel\" rel=\"noreferrer noopener\">Com cena p\u00f3s-cr\u00e9ditos, \u2018Venom 2\u2019 tem grande impacto para o futuro dos filmes da Marvel<\/a><\/strong><\/li><\/ul>\n\n\n\n<p>Assista ao trailer legendado: <\/p>\n\n\n\n<figure class=\"wp-block-embed is-type-video is-provider-youtube wp-block-embed-youtube wp-embed-aspect-16-9 wp-has-aspect-ratio\"><div class=\"wp-block-embed__wrapper\">\n<iframe title=\"Morbius | Trailer Oficial Legendado | Em breve nos cinemas\" width=\"800\" height=\"450\" src=\"https:\/\/www.youtube.com\/embed\/r5D_XnTzOoQ?feature=oembed\" frameborder=\"0\" allow=\"accelerometer; autoplay; clipboard-write; encrypted-media; gyroscope; picture-in-picture; web-share\" referrerpolicy=\"strict-origin-when-cross-origin\" allowfullscreen><\/iframe>\n<\/div><\/figure>\n\n\n\n<p>Confira tamb\u00e9m a vers\u00e3o dublada:<\/p>\n\n\n\n<figure class=\"wp-block-embed is-type-video is-provider-youtube wp-block-embed-youtube wp-embed-aspect-16-9 wp-has-aspect-ratio\"><div class=\"wp-block-embed__wrapper\">\n<iframe title=\"Morbius | Trailer Oficial Dublado | Em breve nos cinemas\" width=\"800\" height=\"450\" src=\"https:\/\/www.youtube.com\/embed\/S55qvOKW5T0?feature=oembed\" frameborder=\"0\" allow=\"accelerometer; autoplay; clipboard-write; encrypted-media; gyroscope; picture-in-picture; web-share\" referrerpolicy=\"strict-origin-when-cross-origin\" allowfullscreen><\/iframe>\n<\/div><\/figure>\n\n\n\n<p>O personagem foi criado por Roy Thomas e Gil Kane na edi\u00e7\u00e3o 101 de &#8216;The Amazing Spider-Man&#8217;, em 1971. O Dr. Michael Morbius era um bioqu\u00edmico vencedor do Pr\u00eamio Nobel que tentava descobrir a cura para uma doen\u00e7a sangu\u00ednea, mas, durante um dos seus experimentos, ele se transformou em um vampiro.<\/p>\n\n\n\n<p>&#8216;Morbius&#8217; ser\u00e1 dirigido por Daniel Espinosa (&#8216;Protegendo o Inimigo&#8217;) e tem previs\u00e3o de estreia nos cinemas norte-americanos para 21 de janeiro de 2022. O longa ainda n\u00e3o tem uma data exata de lan\u00e7amento no Brasil.<\/p>\n\n\n\n<p class=\"has-text-align-center\"><strong>Siga o Filmelier no&nbsp;<a rel=\"noreferrer noopener\" href=\"https:\/\/www.facebook.com\/filmelierbr\" target=\"_blank\">Facebook<\/a>,&nbsp;<a rel=\"noreferrer noopener\" href=\"https:\/\/www.twitter.com\/filmelierbr\" target=\"_blank\">Twitter<\/a>,&nbsp;<a rel=\"noreferrer noopener\" href=\"https:\/\/www.instagram.com\/filmelierbr\" target=\"_blank\">Instagram<\/a>&nbsp;e&nbsp;<a rel=\"noreferrer noopener\" href=\"https:\/\/www.tiktok.com\/@filmelierbr\" target=\"_blank\">TikTok<\/a>.<\/strong><\/p>\n","protected":false},"excerpt":{"rendered":"<p>O filme faz parte do universo iniciado por &#8216;Venom&#8217; e ser\u00e1 dirigido por Daniel Espinosa <\/p>\n","protected":false},"author":14,"featured_media":21063,"comment_status":"closed","ping_status":"open","sticky":false,"template":"","format":"standard","meta":{"_acf_changed":false,"footnotes":""},"categories":[3482],"tags":[3235,5991,5551,3256,4080],"class_list":["post-21058","post","type-post","status-publish","format-standard","has-post-thumbnail","hentry","category-filmes-br","tag-jared-leto","tag-marvel","tag-morbius-br","tag-sony","tag-trailer-br"],"acf":{"subtitulo":"","id_ator":""},"yoast_head":"<!-- This site is optimized with the Yoast SEO plugin v26.1.1 - https:\/\/yoast.com\/wordpress\/plugins\/seo\/ -->\n<title>&#039;Morbius&#039;, protagonizado por Jared Leto, ganha novo trailer legendado - News Filmelier<\/title>\n<meta name=\"robots\" content=\"index, follow, max-snippet:-1, max-image-preview:large, max-video-preview:-1\" \/>\n<link rel=\"canonical\" href=\"https:\/\/news.filmelier.com\/br\/morbius-sony-novo-trailer\/\" \/>\n<meta property=\"og:locale\" content=\"pt_BR\" \/>\n<meta property=\"og:type\" content=\"article\" \/>\n<meta property=\"og:title\" content=\"&#039;Morbius&#039;, protagonizado por Jared Leto, ganha novo trailer legendado - News Filmelier\" \/>\n<meta property=\"og:description\" content=\"O filme faz parte do universo iniciado por &#039;Venom&#039; e ser\u00e1 dirigido por Daniel Espinosa\" \/>\n<meta property=\"og:url\" content=\"https:\/\/news.filmelier.com\/br\/morbius-sony-novo-trailer\/\" \/>\n<meta property=\"og:site_name\" content=\"News Filmelier\" \/>\n<meta property=\"article:published_time\" content=\"2021-11-02T13:29:15+00:00\" \/>\n<meta name=\"author\" content=\"Reda\u00e7\u00e3o Filmelier\" \/>\n<meta name=\"twitter:card\" content=\"summary_large_image\" \/>\n<meta name=\"twitter:label1\" content=\"Escrito por\" \/>\n\t<meta name=\"twitter:data1\" content=\"Reda\u00e7\u00e3o Filmelier\" \/>\n\t<meta name=\"twitter:label2\" content=\"Est. tempo de leitura\" \/>\n\t<meta name=\"twitter:data2\" content=\"1 minuto\" \/>\n<script type=\"application\/ld+json\" class=\"yoast-schema-graph\">{\"@context\":\"https:\/\/schema.org\",\"@graph\":[{\"@type\":\"Article\",\"@id\":\"https:\/\/news.filmelier.com\/br\/morbius-sony-novo-trailer\/#article\",\"isPartOf\":{\"@id\":\"https:\/\/news.filmelier.com\/br\/morbius-sony-novo-trailer\/\"},\"author\":{\"name\":\"Reda\u00e7\u00e3o Filmelier\",\"@id\":\"https:\/\/homolog.news.filmelier.com\/br\/#\/schema\/person\/a6491aa555ce96d9d1cc15f1742dbd7b\"},\"headline\":\"&#8216;Morbius&#8217;, protagonizado por Jared Leto, ganha novo trailer legendado\",\"datePublished\":\"2021-11-02T13:29:15+00:00\",\"mainEntityOfPage\":{\"@id\":\"https:\/\/news.filmelier.com\/br\/morbius-sony-novo-trailer\/\"},\"wordCount\":211,\"publisher\":{\"@id\":\"https:\/\/homolog.news.filmelier.com\/br\/#organization\"},\"image\":{\"@id\":\"https:\/\/news.filmelier.com\/br\/morbius-sony-novo-trailer\/#primaryimage\"},\"thumbnailUrl\":\"\",\"keywords\":[\"Jared Leto\",\"Marvel\",\"morbius\",\"Sony\",\"trailer\"],\"articleSection\":[\"Filmes\"],\"inLanguage\":\"pt-BR\"},{\"@type\":\"WebPage\",\"@id\":\"https:\/\/news.filmelier.com\/br\/morbius-sony-novo-trailer\/\",\"url\":\"https:\/\/news.filmelier.com\/br\/morbius-sony-novo-trailer\/\",\"name\":\"'Morbius', protagonizado por Jared Leto, ganha novo trailer legendado - News Filmelier\",\"isPartOf\":{\"@id\":\"https:\/\/homolog.news.filmelier.com\/br\/#website\"},\"primaryImageOfPage\":{\"@id\":\"https:\/\/news.filmelier.com\/br\/morbius-sony-novo-trailer\/#primaryimage\"},\"image\":{\"@id\":\"https:\/\/news.filmelier.com\/br\/morbius-sony-novo-trailer\/#primaryimage\"},\"thumbnailUrl\":\"\",\"datePublished\":\"2021-11-02T13:29:15+00:00\",\"breadcrumb\":{\"@id\":\"https:\/\/news.filmelier.com\/br\/morbius-sony-novo-trailer\/#breadcrumb\"},\"inLanguage\":\"pt-BR\",\"potentialAction\":[{\"@type\":\"ReadAction\",\"target\":[\"https:\/\/news.filmelier.com\/br\/morbius-sony-novo-trailer\/\"]}]},{\"@type\":\"ImageObject\",\"inLanguage\":\"pt-BR\",\"@id\":\"https:\/\/news.filmelier.com\/br\/morbius-sony-novo-trailer\/#primaryimage\",\"url\":\"\",\"contentUrl\":\"\"},{\"@type\":\"BreadcrumbList\",\"@id\":\"https:\/\/news.filmelier.com\/br\/morbius-sony-novo-trailer\/#breadcrumb\",\"itemListElement\":[{\"@type\":\"ListItem\",\"position\":1,\"name\":\"In\u00edcio\",\"item\":\"https:\/\/homolog.news.filmelier.com\/br\/\"},{\"@type\":\"ListItem\",\"position\":2,\"name\":\"&#8216;Morbius&#8217;, protagonizado por Jared Leto, ganha novo trailer legendado\"}]},{\"@type\":\"WebSite\",\"@id\":\"https:\/\/homolog.news.filmelier.com\/br\/#website\",\"url\":\"https:\/\/homolog.news.filmelier.com\/br\/\",\"name\":\"Homolog Filmelier News Rankrup\",\"description\":\"\",\"publisher\":{\"@id\":\"https:\/\/homolog.news.filmelier.com\/br\/#organization\"},\"potentialAction\":[{\"@type\":\"SearchAction\",\"target\":{\"@type\":\"EntryPoint\",\"urlTemplate\":\"https:\/\/homolog.news.filmelier.com\/br\/?s={search_term_string}\"},\"query-input\":{\"@type\":\"PropertyValueSpecification\",\"valueRequired\":true,\"valueName\":\"search_term_string\"}}],\"inLanguage\":\"pt-BR\"},{\"@type\":\"Organization\",\"@id\":\"https:\/\/homolog.news.filmelier.com\/br\/#organization\",\"name\":\"Homolog Filmelier News Rankrup\",\"url\":\"https:\/\/homolog.news.filmelier.com\/br\/\",\"logo\":{\"@type\":\"ImageObject\",\"inLanguage\":\"pt-BR\",\"@id\":\"https:\/\/homolog.news.filmelier.com\/br\/#\/schema\/logo\/image\/\",\"url\":\"https:\/\/news.filmelier.com\/wp-content\/uploads\/2024\/11\/Logo-News.png\",\"contentUrl\":\"https:\/\/news.filmelier.com\/wp-content\/uploads\/2024\/11\/Logo-News.png\",\"width\":460,\"height\":108,\"caption\":\"Homolog Filmelier News Rankrup\"},\"image\":{\"@id\":\"https:\/\/homolog.news.filmelier.com\/br\/#\/schema\/logo\/image\/\"}},{\"@type\":\"Person\",\"@id\":\"https:\/\/homolog.news.filmelier.com\/br\/#\/schema\/person\/a6491aa555ce96d9d1cc15f1742dbd7b\",\"name\":\"Reda\u00e7\u00e3o Filmelier\",\"image\":{\"@type\":\"ImageObject\",\"inLanguage\":\"pt-BR\",\"@id\":\"https:\/\/homolog.news.filmelier.com\/br\/#\/schema\/person\/image\/\",\"url\":\"https:\/\/secure.gravatar.com\/avatar\/8bf80419447553f32d821a953683c4666faca8d781f143825a02644ae3f7e2d0?s=96&d=mm&r=g\",\"contentUrl\":\"https:\/\/secure.gravatar.com\/avatar\/8bf80419447553f32d821a953683c4666faca8d781f143825a02644ae3f7e2d0?s=96&d=mm&r=g\",\"caption\":\"Reda\u00e7\u00e3o Filmelier\"},\"description\":\"Somos um time de jornalistas e cr\u00edticos que respira cinema a 24 quadros por segundo. Das estreias do circuito aos cl\u00e1ssicos restaurados, da curadoria em streamings \u00e0s entrevistas nos bastidores, nossa reda\u00e7\u00e3o transforma filmes em conte\u00fado inteligente \u2014 com an\u00e1lises afiadas, guias pr\u00e1ticos e hist\u00f3rias que fazem voc\u00ea ver a s\u00e9tima arte com outros olhos. Aqui no Filmelier, cinema n\u00e3o \u00e9 s\u00f3 lazer: \u00e9 of\u00edcio, \u00e9 expertise, \u00e9 paix\u00e3o em forma de texto.\",\"url\":\"https:\/\/news.filmelier.com\/br\/author\/contato-filmelier\/\"}]}<\/script>\n<!-- \/ Yoast SEO plugin. -->","yoast_head_json":{"title":"'Morbius', protagonizado por Jared Leto, ganha novo trailer legendado - News Filmelier","robots":{"index":"index","follow":"follow","max-snippet":"max-snippet:-1","max-image-preview":"max-image-preview:large","max-video-preview":"max-video-preview:-1"},"canonical":"https:\/\/news.filmelier.com\/br\/morbius-sony-novo-trailer\/","og_locale":"pt_BR","og_type":"article","og_title":"'Morbius', protagonizado por Jared Leto, ganha novo trailer legendado - News Filmelier","og_description":"O filme faz parte do universo iniciado por 'Venom' e ser\u00e1 dirigido por Daniel Espinosa","og_url":"https:\/\/news.filmelier.com\/br\/morbius-sony-novo-trailer\/","og_site_name":"News Filmelier","article_published_time":"2021-11-02T13:29:15+00:00","author":"Reda\u00e7\u00e3o Filmelier","twitter_card":"summary_large_image","twitter_misc":{"Escrito por":"Reda\u00e7\u00e3o Filmelier","Est. tempo de leitura":"1 minuto"},"schema":{"@context":"https:\/\/schema.org","@graph":[{"@type":"Article","@id":"https:\/\/news.filmelier.com\/br\/morbius-sony-novo-trailer\/#article","isPartOf":{"@id":"https:\/\/news.filmelier.com\/br\/morbius-sony-novo-trailer\/"},"author":{"name":"Reda\u00e7\u00e3o Filmelier","@id":"https:\/\/homolog.news.filmelier.com\/br\/#\/schema\/person\/a6491aa555ce96d9d1cc15f1742dbd7b"},"headline":"&#8216;Morbius&#8217;, protagonizado por Jared Leto, ganha novo trailer legendado","datePublished":"2021-11-02T13:29:15+00:00","mainEntityOfPage":{"@id":"https:\/\/news.filmelier.com\/br\/morbius-sony-novo-trailer\/"},"wordCount":211,"publisher":{"@id":"https:\/\/homolog.news.filmelier.com\/br\/#organization"},"image":{"@id":"https:\/\/news.filmelier.com\/br\/morbius-sony-novo-trailer\/#primaryimage"},"thumbnailUrl":"","keywords":["Jared Leto","Marvel","morbius","Sony","trailer"],"articleSection":["Filmes"],"inLanguage":"pt-BR"},{"@type":"WebPage","@id":"https:\/\/news.filmelier.com\/br\/morbius-sony-novo-trailer\/","url":"https:\/\/news.filmelier.com\/br\/morbius-sony-novo-trailer\/","name":"'Morbius', protagonizado por Jared Leto, ganha novo trailer legendado - News Filmelier","isPartOf":{"@id":"https:\/\/homolog.news.filmelier.com\/br\/#website"},"primaryImageOfPage":{"@id":"https:\/\/news.filmelier.com\/br\/morbius-sony-novo-trailer\/#primaryimage"},"image":{"@id":"https:\/\/news.filmelier.com\/br\/morbius-sony-novo-trailer\/#primaryimage"},"thumbnailUrl":"","datePublished":"2021-11-02T13:29:15+00:00","breadcrumb":{"@id":"https:\/\/news.filmelier.com\/br\/morbius-sony-novo-trailer\/#breadcrumb"},"inLanguage":"pt-BR","potentialAction":[{"@type":"ReadAction","target":["https:\/\/news.filmelier.com\/br\/morbius-sony-novo-trailer\/"]}]},{"@type":"ImageObject","inLanguage":"pt-BR","@id":"https:\/\/news.filmelier.com\/br\/morbius-sony-novo-trailer\/#primaryimage","url":"","contentUrl":""},{"@type":"BreadcrumbList","@id":"https:\/\/news.filmelier.com\/br\/morbius-sony-novo-trailer\/#breadcrumb","itemListElement":[{"@type":"ListItem","position":1,"name":"In\u00edcio","item":"https:\/\/homolog.news.filmelier.com\/br\/"},{"@type":"ListItem","position":2,"name":"&#8216;Morbius&#8217;, protagonizado por Jared Leto, ganha novo trailer legendado"}]},{"@type":"WebSite","@id":"https:\/\/homolog.news.filmelier.com\/br\/#website","url":"https:\/\/homolog.news.filmelier.com\/br\/","name":"Homolog Filmelier News Rankrup","description":"","publisher":{"@id":"https:\/\/homolog.news.filmelier.com\/br\/#organization"},"potentialAction":[{"@type":"SearchAction","target":{"@type":"EntryPoint","urlTemplate":"https:\/\/homolog.news.filmelier.com\/br\/?s={search_term_string}"},"query-input":{"@type":"PropertyValueSpecification","valueRequired":true,"valueName":"search_term_string"}}],"inLanguage":"pt-BR"},{"@type":"Organization","@id":"https:\/\/homolog.news.filmelier.com\/br\/#organization","name":"Homolog Filmelier News Rankrup","url":"https:\/\/homolog.news.filmelier.com\/br\/","logo":{"@type":"ImageObject","inLanguage":"pt-BR","@id":"https:\/\/homolog.news.filmelier.com\/br\/#\/schema\/logo\/image\/","url":"https:\/\/news.filmelier.com\/wp-content\/uploads\/2024\/11\/Logo-News.png","contentUrl":"https:\/\/news.filmelier.com\/wp-content\/uploads\/2024\/11\/Logo-News.png","width":460,"height":108,"caption":"Homolog Filmelier News Rankrup"},"image":{"@id":"https:\/\/homolog.news.filmelier.com\/br\/#\/schema\/logo\/image\/"}},{"@type":"Person","@id":"https:\/\/homolog.news.filmelier.com\/br\/#\/schema\/person\/a6491aa555ce96d9d1cc15f1742dbd7b","name":"Reda\u00e7\u00e3o Filmelier","image":{"@type":"ImageObject","inLanguage":"pt-BR","@id":"https:\/\/homolog.news.filmelier.com\/br\/#\/schema\/person\/image\/","url":"https:\/\/secure.gravatar.com\/avatar\/8bf80419447553f32d821a953683c4666faca8d781f143825a02644ae3f7e2d0?s=96&d=mm&r=g","contentUrl":"https:\/\/secure.gravatar.com\/avatar\/8bf80419447553f32d821a953683c4666faca8d781f143825a02644ae3f7e2d0?s=96&d=mm&r=g","caption":"Reda\u00e7\u00e3o Filmelier"},"description":"Somos um time de jornalistas e cr\u00edticos que respira cinema a 24 quadros por segundo. Das estreias do circuito aos cl\u00e1ssicos restaurados, da curadoria em streamings \u00e0s entrevistas nos bastidores, nossa reda\u00e7\u00e3o transforma filmes em conte\u00fado inteligente \u2014 com an\u00e1lises afiadas, guias pr\u00e1ticos e hist\u00f3rias que fazem voc\u00ea ver a s\u00e9tima arte com outros olhos. Aqui no Filmelier, cinema n\u00e3o \u00e9 s\u00f3 lazer: \u00e9 of\u00edcio, \u00e9 expertise, \u00e9 paix\u00e3o em forma de texto.","url":"https:\/\/news.filmelier.com\/br\/author\/contato-filmelier\/"}]}},"_links":{"self":[{"href":"https:\/\/news.filmelier.com\/br\/wp-json\/wp\/v2\/posts\/21058","targetHints":{"allow":["GET"]}}],"collection":[{"href":"https:\/\/news.filmelier.com\/br\/wp-json\/wp\/v2\/posts"}],"about":[{"href":"https:\/\/news.filmelier.com\/br\/wp-json\/wp\/v2\/types\/post"}],"author":[{"embeddable":true,"href":"https:\/\/news.filmelier.com\/br\/wp-json\/wp\/v2\/users\/14"}],"replies":[{"embeddable":true,"href":"https:\/\/news.filmelier.com\/br\/wp-json\/wp\/v2\/comments?post=21058"}],"version-history":[{"count":0,"href":"https:\/\/news.filmelier.com\/br\/wp-json\/wp\/v2\/posts\/21058\/revisions"}],"wp:featuredmedia":[{"embeddable":true,"href":"https:\/\/news.filmelier.com\/br\/wp-json\/"}],"wp:attachment":[{"href":"https:\/\/news.filmelier.com\/br\/wp-json\/wp\/v2\/media?parent=21058"}],"wp:term":[{"taxonomy":"category","embeddable":true,"href":"https:\/\/news.filmelier.com\/br\/wp-json\/wp\/v2\/categories?post=21058"},{"taxonomy":"post_tag","embeddable":true,"href":"https:\/\/news.filmelier.com\/br\/wp-json\/wp\/v2\/tags?post=21058"}],"curies":[{"name":"wp","href":"https:\/\/api.w.org\/{rel}","templated":true}]}}