{"id":21023,"date":"2021-11-01T15:20:14","date_gmt":"2021-11-01T18:20:14","guid":{"rendered":"https:\/\/www.filmelier.com\/br\/noticias\/?p=21023"},"modified":"2021-11-01T15:20:14","modified_gmt":"2021-11-01T18:20:14","slug":"cow-data-estreia-mubi","status":"publish","type":"post","link":"https:\/\/news.filmelier.com\/br\/cow-data-estreia-mubi\/","title":{"rendered":"&#8216;Cow&#8217;, de Andrea Arnold, tem data de estreia divulgada pela MUBI"},"content":{"rendered":"\n<p>&#8216;Cow&#8217;, o primeiro document\u00e1rio da aclamada cineasta Andrea Arnold (de &#8216;Fish Tank&#8217; e vencedora do Oscar com o curta &#8216;Wasp&#8217;), j\u00e1 tem data de estreia. A <a href=\"https:\/\/www.filmelier.com\/br\/platforms\/mubi\">MUBI<\/a> anunciou que o filme estar\u00e1 dispon\u00edvel com exclusividade na plataforma de streaming a partir de 11 de fevereiro de 2022. <\/p>\n\n\n\n<ul class=\"wp-block-list\"><li><strong>Leia mais: <a href=\"https:\/\/www.filmelier.com\/br\/noticias\/mubi-estudante-desconto-assinatura\">MUBI: streaming d\u00e1 40% de desconto para estudantes universit\u00e1rios e de p\u00f3s-gradua\u00e7\u00e3o<\/a><\/strong><\/li><\/ul>\n\n\n\n<p>Este \u00e9 o quinto longa-metragem da carreira de Arnold, que teve sua premi\u00e8re mundial no Festival de Cannes deste ano, com aclama\u00e7\u00e3o da cr\u00edtica. O longa \u00e9 produzido por Kat Mansoor (&#8216;Unrest&#8217;) para Halcyon Pictures. <\/p>\n\n\n\n<div class=\"wp-block-image\"><figure class=\"aligncenter size-full\"><img decoding=\"async\" src=\"https:\/\/www.filmelier.com\/br\/noticias\/wp-content\/uploads\/2021\/11\/Cow-MUBI.jpg\" alt=\"Cow \u00e9 o primeiro document\u00e1rio da cineasta Andrea Arnold. (Cr\u00e9dito: reprodu\u00e7\u00e3o \/ MUBI)\" class=\"wp-image-21051\"\/><figcaption><em>&#8216;Cow&#8217; \u00e9 o primeiro document\u00e1rio da cineasta Andrea Arnold. (Cr\u00e9dito: <em>reprodu\u00e7\u00e3o<\/em> \/ MUBI)<\/em><\/figcaption><\/figure><\/div>\n\n\n\n\n\n<p>&#8216;Cow&#8217;\u00a0explora a vida de uma vaca leiteira, oferecendo uma vis\u00e3o de sua realidade di\u00e1ria e reconhecendo seu grande servi\u00e7o para os seres humanos. Sobre a produ\u00e7\u00e3o, Andrea disse: \u201cEste filme \u00e9 uma tentativa de mudar a nossa vis\u00e3o sobre as vacas. Para nos aproximar delas. Para ver sua beleza e o desafio de suas vidas. Quando eu olho para Luma, nossa vaca, eu vejo o mundo inteiro nela\u201d.<\/p>\n\n\n\n<p><strong><a href=\"https:\/\/www.filmelier.com\/br\/list\/os-melhores-documentarios-para-assistir-na-netflix\" target=\"_blank\" rel=\"noreferrer noopener\">Se voc\u00ea se interessa pelo g\u00eanero, confira tamb\u00e9m esta lista: Os melhores document\u00e1rios para assistir na Netflix.<\/a><\/strong><\/p>\n\n\n\n<p class=\"has-text-align-center\"><strong>Siga o Filmelier no&nbsp;<a rel=\"noreferrer noopener\" href=\"https:\/\/www.facebook.com\/filmelierbr\" target=\"_blank\">Facebook<\/a>,&nbsp;<a rel=\"noreferrer noopener\" href=\"https:\/\/www.twitter.com\/filmelierbr\" target=\"_blank\">Twitter<\/a>,&nbsp;<a rel=\"noreferrer noopener\" href=\"https:\/\/www.instagram.com\/filmelierbr\" target=\"_blank\">Instagram<\/a>&nbsp;e&nbsp;<a rel=\"noreferrer noopener\" href=\"https:\/\/www.tiktok.com\/@filmelierbr\" target=\"_blank\">TikTok<\/a>.<\/strong><\/p>\n","protected":false},"excerpt":{"rendered":"<p>A diretora venceu tr\u00eas vezes o Pr\u00eamio do J\u00fari em Cannes, com &#8216;American Honey&#8217; em 2016, &#8216;Fish Tank&#8217; em 2009 e &#8216;Red Road&#8217; em 2006<\/p>\n","protected":false},"author":14,"featured_media":21050,"comment_status":"closed","ping_status":"open","sticky":false,"template":"","format":"standard","meta":{"_acf_changed":false,"footnotes":""},"categories":[3482],"tags":[6382,6383,3606,5982],"class_list":["post-21023","post","type-post","status-publish","format-standard","has-post-thumbnail","hentry","category-filmes-br","tag-andrea-arnold","tag-cow","tag-documentario-br","tag-mubi"],"acf":{"subtitulo":"","id_ator":""},"yoast_head":"<!-- This site is optimized with the Yoast SEO plugin v26.1.1 - https:\/\/yoast.com\/wordpress\/plugins\/seo\/ -->\n<title>&#039;Cow&#039;, de Andrea Arnold, tem data de estreia divulgada pela MUBI - News Filmelier<\/title>\n<meta name=\"robots\" content=\"index, follow, max-snippet:-1, max-image-preview:large, max-video-preview:-1\" \/>\n<link rel=\"canonical\" href=\"https:\/\/news.filmelier.com\/br\/cow-data-estreia-mubi\/\" \/>\n<meta property=\"og:locale\" content=\"pt_BR\" \/>\n<meta property=\"og:type\" content=\"article\" \/>\n<meta property=\"og:title\" content=\"&#039;Cow&#039;, de Andrea Arnold, tem data de estreia divulgada pela MUBI - News Filmelier\" \/>\n<meta property=\"og:description\" content=\"A diretora venceu tr\u00eas vezes o Pr\u00eamio do J\u00fari em Cannes, com &#039;American Honey&#039; em 2016, &#039;Fish Tank&#039; em 2009 e &#039;Red Road&#039; em 2006\" \/>\n<meta property=\"og:url\" content=\"https:\/\/news.filmelier.com\/br\/cow-data-estreia-mubi\/\" \/>\n<meta property=\"og:site_name\" content=\"News Filmelier\" \/>\n<meta property=\"article:published_time\" content=\"2021-11-01T18:20:14+00:00\" \/>\n<meta name=\"author\" content=\"Reda\u00e7\u00e3o Filmelier\" \/>\n<meta name=\"twitter:card\" content=\"summary_large_image\" \/>\n<meta name=\"twitter:label1\" content=\"Escrito por\" \/>\n\t<meta name=\"twitter:data1\" content=\"Reda\u00e7\u00e3o Filmelier\" \/>\n\t<meta name=\"twitter:label2\" content=\"Est. tempo de leitura\" \/>\n\t<meta name=\"twitter:data2\" content=\"1 minuto\" \/>\n<script type=\"application\/ld+json\" class=\"yoast-schema-graph\">{\"@context\":\"https:\/\/schema.org\",\"@graph\":[{\"@type\":\"Article\",\"@id\":\"https:\/\/news.filmelier.com\/br\/cow-data-estreia-mubi\/#article\",\"isPartOf\":{\"@id\":\"https:\/\/news.filmelier.com\/br\/cow-data-estreia-mubi\/\"},\"author\":{\"name\":\"Reda\u00e7\u00e3o Filmelier\",\"@id\":\"https:\/\/homolog.news.filmelier.com\/br\/#\/schema\/person\/a6491aa555ce96d9d1cc15f1742dbd7b\"},\"headline\":\"&#8216;Cow&#8217;, de Andrea Arnold, tem data de estreia divulgada pela MUBI\",\"datePublished\":\"2021-11-01T18:20:14+00:00\",\"mainEntityOfPage\":{\"@id\":\"https:\/\/news.filmelier.com\/br\/cow-data-estreia-mubi\/\"},\"wordCount\":231,\"publisher\":{\"@id\":\"https:\/\/homolog.news.filmelier.com\/br\/#organization\"},\"image\":{\"@id\":\"https:\/\/news.filmelier.com\/br\/cow-data-estreia-mubi\/#primaryimage\"},\"thumbnailUrl\":\"\",\"keywords\":[\"Andrea Arnold\",\"Cow\",\"document\u00e1rio\",\"MUBI\"],\"articleSection\":[\"Filmes\"],\"inLanguage\":\"pt-BR\"},{\"@type\":\"WebPage\",\"@id\":\"https:\/\/news.filmelier.com\/br\/cow-data-estreia-mubi\/\",\"url\":\"https:\/\/news.filmelier.com\/br\/cow-data-estreia-mubi\/\",\"name\":\"'Cow', de Andrea Arnold, tem data de estreia divulgada pela MUBI - News Filmelier\",\"isPartOf\":{\"@id\":\"https:\/\/homolog.news.filmelier.com\/br\/#website\"},\"primaryImageOfPage\":{\"@id\":\"https:\/\/news.filmelier.com\/br\/cow-data-estreia-mubi\/#primaryimage\"},\"image\":{\"@id\":\"https:\/\/news.filmelier.com\/br\/cow-data-estreia-mubi\/#primaryimage\"},\"thumbnailUrl\":\"\",\"datePublished\":\"2021-11-01T18:20:14+00:00\",\"breadcrumb\":{\"@id\":\"https:\/\/news.filmelier.com\/br\/cow-data-estreia-mubi\/#breadcrumb\"},\"inLanguage\":\"pt-BR\",\"potentialAction\":[{\"@type\":\"ReadAction\",\"target\":[\"https:\/\/news.filmelier.com\/br\/cow-data-estreia-mubi\/\"]}]},{\"@type\":\"ImageObject\",\"inLanguage\":\"pt-BR\",\"@id\":\"https:\/\/news.filmelier.com\/br\/cow-data-estreia-mubi\/#primaryimage\",\"url\":\"\",\"contentUrl\":\"\"},{\"@type\":\"BreadcrumbList\",\"@id\":\"https:\/\/news.filmelier.com\/br\/cow-data-estreia-mubi\/#breadcrumb\",\"itemListElement\":[{\"@type\":\"ListItem\",\"position\":1,\"name\":\"In\u00edcio\",\"item\":\"https:\/\/homolog.news.filmelier.com\/br\/\"},{\"@type\":\"ListItem\",\"position\":2,\"name\":\"&#8216;Cow&#8217;, de Andrea Arnold, tem data de estreia divulgada pela MUBI\"}]},{\"@type\":\"WebSite\",\"@id\":\"https:\/\/homolog.news.filmelier.com\/br\/#website\",\"url\":\"https:\/\/homolog.news.filmelier.com\/br\/\",\"name\":\"Homolog Filmelier News Rankrup\",\"description\":\"\",\"publisher\":{\"@id\":\"https:\/\/homolog.news.filmelier.com\/br\/#organization\"},\"potentialAction\":[{\"@type\":\"SearchAction\",\"target\":{\"@type\":\"EntryPoint\",\"urlTemplate\":\"https:\/\/homolog.news.filmelier.com\/br\/?s={search_term_string}\"},\"query-input\":{\"@type\":\"PropertyValueSpecification\",\"valueRequired\":true,\"valueName\":\"search_term_string\"}}],\"inLanguage\":\"pt-BR\"},{\"@type\":\"Organization\",\"@id\":\"https:\/\/homolog.news.filmelier.com\/br\/#organization\",\"name\":\"Homolog Filmelier News Rankrup\",\"url\":\"https:\/\/homolog.news.filmelier.com\/br\/\",\"logo\":{\"@type\":\"ImageObject\",\"inLanguage\":\"pt-BR\",\"@id\":\"https:\/\/homolog.news.filmelier.com\/br\/#\/schema\/logo\/image\/\",\"url\":\"https:\/\/news.filmelier.com\/wp-content\/uploads\/2024\/11\/Logo-News.png\",\"contentUrl\":\"https:\/\/news.filmelier.com\/wp-content\/uploads\/2024\/11\/Logo-News.png\",\"width\":460,\"height\":108,\"caption\":\"Homolog Filmelier News Rankrup\"},\"image\":{\"@id\":\"https:\/\/homolog.news.filmelier.com\/br\/#\/schema\/logo\/image\/\"}},{\"@type\":\"Person\",\"@id\":\"https:\/\/homolog.news.filmelier.com\/br\/#\/schema\/person\/a6491aa555ce96d9d1cc15f1742dbd7b\",\"name\":\"Reda\u00e7\u00e3o Filmelier\",\"image\":{\"@type\":\"ImageObject\",\"inLanguage\":\"pt-BR\",\"@id\":\"https:\/\/homolog.news.filmelier.com\/br\/#\/schema\/person\/image\/\",\"url\":\"https:\/\/secure.gravatar.com\/avatar\/8bf80419447553f32d821a953683c4666faca8d781f143825a02644ae3f7e2d0?s=96&d=mm&r=g\",\"contentUrl\":\"https:\/\/secure.gravatar.com\/avatar\/8bf80419447553f32d821a953683c4666faca8d781f143825a02644ae3f7e2d0?s=96&d=mm&r=g\",\"caption\":\"Reda\u00e7\u00e3o Filmelier\"},\"description\":\"Somos um time de jornalistas e cr\u00edticos que respira cinema a 24 quadros por segundo. Das estreias do circuito aos cl\u00e1ssicos restaurados, da curadoria em streamings \u00e0s entrevistas nos bastidores, nossa reda\u00e7\u00e3o transforma filmes em conte\u00fado inteligente \u2014 com an\u00e1lises afiadas, guias pr\u00e1ticos e hist\u00f3rias que fazem voc\u00ea ver a s\u00e9tima arte com outros olhos. Aqui no Filmelier, cinema n\u00e3o \u00e9 s\u00f3 lazer: \u00e9 of\u00edcio, \u00e9 expertise, \u00e9 paix\u00e3o em forma de texto.\",\"url\":\"https:\/\/news.filmelier.com\/br\/author\/contato-filmelier\/\"}]}<\/script>\n<!-- \/ Yoast SEO plugin. -->","yoast_head_json":{"title":"'Cow', de Andrea Arnold, tem data de estreia divulgada pela MUBI - News Filmelier","robots":{"index":"index","follow":"follow","max-snippet":"max-snippet:-1","max-image-preview":"max-image-preview:large","max-video-preview":"max-video-preview:-1"},"canonical":"https:\/\/news.filmelier.com\/br\/cow-data-estreia-mubi\/","og_locale":"pt_BR","og_type":"article","og_title":"'Cow', de Andrea Arnold, tem data de estreia divulgada pela MUBI - News Filmelier","og_description":"A diretora venceu tr\u00eas vezes o Pr\u00eamio do J\u00fari em Cannes, com 'American Honey' em 2016, 'Fish Tank' em 2009 e 'Red Road' em 2006","og_url":"https:\/\/news.filmelier.com\/br\/cow-data-estreia-mubi\/","og_site_name":"News Filmelier","article_published_time":"2021-11-01T18:20:14+00:00","author":"Reda\u00e7\u00e3o Filmelier","twitter_card":"summary_large_image","twitter_misc":{"Escrito por":"Reda\u00e7\u00e3o Filmelier","Est. tempo de leitura":"1 minuto"},"schema":{"@context":"https:\/\/schema.org","@graph":[{"@type":"Article","@id":"https:\/\/news.filmelier.com\/br\/cow-data-estreia-mubi\/#article","isPartOf":{"@id":"https:\/\/news.filmelier.com\/br\/cow-data-estreia-mubi\/"},"author":{"name":"Reda\u00e7\u00e3o Filmelier","@id":"https:\/\/homolog.news.filmelier.com\/br\/#\/schema\/person\/a6491aa555ce96d9d1cc15f1742dbd7b"},"headline":"&#8216;Cow&#8217;, de Andrea Arnold, tem data de estreia divulgada pela MUBI","datePublished":"2021-11-01T18:20:14+00:00","mainEntityOfPage":{"@id":"https:\/\/news.filmelier.com\/br\/cow-data-estreia-mubi\/"},"wordCount":231,"publisher":{"@id":"https:\/\/homolog.news.filmelier.com\/br\/#organization"},"image":{"@id":"https:\/\/news.filmelier.com\/br\/cow-data-estreia-mubi\/#primaryimage"},"thumbnailUrl":"","keywords":["Andrea Arnold","Cow","document\u00e1rio","MUBI"],"articleSection":["Filmes"],"inLanguage":"pt-BR"},{"@type":"WebPage","@id":"https:\/\/news.filmelier.com\/br\/cow-data-estreia-mubi\/","url":"https:\/\/news.filmelier.com\/br\/cow-data-estreia-mubi\/","name":"'Cow', de Andrea Arnold, tem data de estreia divulgada pela MUBI - News Filmelier","isPartOf":{"@id":"https:\/\/homolog.news.filmelier.com\/br\/#website"},"primaryImageOfPage":{"@id":"https:\/\/news.filmelier.com\/br\/cow-data-estreia-mubi\/#primaryimage"},"image":{"@id":"https:\/\/news.filmelier.com\/br\/cow-data-estreia-mubi\/#primaryimage"},"thumbnailUrl":"","datePublished":"2021-11-01T18:20:14+00:00","breadcrumb":{"@id":"https:\/\/news.filmelier.com\/br\/cow-data-estreia-mubi\/#breadcrumb"},"inLanguage":"pt-BR","potentialAction":[{"@type":"ReadAction","target":["https:\/\/news.filmelier.com\/br\/cow-data-estreia-mubi\/"]}]},{"@type":"ImageObject","inLanguage":"pt-BR","@id":"https:\/\/news.filmelier.com\/br\/cow-data-estreia-mubi\/#primaryimage","url":"","contentUrl":""},{"@type":"BreadcrumbList","@id":"https:\/\/news.filmelier.com\/br\/cow-data-estreia-mubi\/#breadcrumb","itemListElement":[{"@type":"ListItem","position":1,"name":"In\u00edcio","item":"https:\/\/homolog.news.filmelier.com\/br\/"},{"@type":"ListItem","position":2,"name":"&#8216;Cow&#8217;, de Andrea Arnold, tem data de estreia divulgada pela MUBI"}]},{"@type":"WebSite","@id":"https:\/\/homolog.news.filmelier.com\/br\/#website","url":"https:\/\/homolog.news.filmelier.com\/br\/","name":"Homolog Filmelier News Rankrup","description":"","publisher":{"@id":"https:\/\/homolog.news.filmelier.com\/br\/#organization"},"potentialAction":[{"@type":"SearchAction","target":{"@type":"EntryPoint","urlTemplate":"https:\/\/homolog.news.filmelier.com\/br\/?s={search_term_string}"},"query-input":{"@type":"PropertyValueSpecification","valueRequired":true,"valueName":"search_term_string"}}],"inLanguage":"pt-BR"},{"@type":"Organization","@id":"https:\/\/homolog.news.filmelier.com\/br\/#organization","name":"Homolog Filmelier News Rankrup","url":"https:\/\/homolog.news.filmelier.com\/br\/","logo":{"@type":"ImageObject","inLanguage":"pt-BR","@id":"https:\/\/homolog.news.filmelier.com\/br\/#\/schema\/logo\/image\/","url":"https:\/\/news.filmelier.com\/wp-content\/uploads\/2024\/11\/Logo-News.png","contentUrl":"https:\/\/news.filmelier.com\/wp-content\/uploads\/2024\/11\/Logo-News.png","width":460,"height":108,"caption":"Homolog Filmelier News Rankrup"},"image":{"@id":"https:\/\/homolog.news.filmelier.com\/br\/#\/schema\/logo\/image\/"}},{"@type":"Person","@id":"https:\/\/homolog.news.filmelier.com\/br\/#\/schema\/person\/a6491aa555ce96d9d1cc15f1742dbd7b","name":"Reda\u00e7\u00e3o Filmelier","image":{"@type":"ImageObject","inLanguage":"pt-BR","@id":"https:\/\/homolog.news.filmelier.com\/br\/#\/schema\/person\/image\/","url":"https:\/\/secure.gravatar.com\/avatar\/8bf80419447553f32d821a953683c4666faca8d781f143825a02644ae3f7e2d0?s=96&d=mm&r=g","contentUrl":"https:\/\/secure.gravatar.com\/avatar\/8bf80419447553f32d821a953683c4666faca8d781f143825a02644ae3f7e2d0?s=96&d=mm&r=g","caption":"Reda\u00e7\u00e3o Filmelier"},"description":"Somos um time de jornalistas e cr\u00edticos que respira cinema a 24 quadros por segundo. Das estreias do circuito aos cl\u00e1ssicos restaurados, da curadoria em streamings \u00e0s entrevistas nos bastidores, nossa reda\u00e7\u00e3o transforma filmes em conte\u00fado inteligente \u2014 com an\u00e1lises afiadas, guias pr\u00e1ticos e hist\u00f3rias que fazem voc\u00ea ver a s\u00e9tima arte com outros olhos. Aqui no Filmelier, cinema n\u00e3o \u00e9 s\u00f3 lazer: \u00e9 of\u00edcio, \u00e9 expertise, \u00e9 paix\u00e3o em forma de texto.","url":"https:\/\/news.filmelier.com\/br\/author\/contato-filmelier\/"}]}},"_links":{"self":[{"href":"https:\/\/news.filmelier.com\/br\/wp-json\/wp\/v2\/posts\/21023","targetHints":{"allow":["GET"]}}],"collection":[{"href":"https:\/\/news.filmelier.com\/br\/wp-json\/wp\/v2\/posts"}],"about":[{"href":"https:\/\/news.filmelier.com\/br\/wp-json\/wp\/v2\/types\/post"}],"author":[{"embeddable":true,"href":"https:\/\/news.filmelier.com\/br\/wp-json\/wp\/v2\/users\/14"}],"replies":[{"embeddable":true,"href":"https:\/\/news.filmelier.com\/br\/wp-json\/wp\/v2\/comments?post=21023"}],"version-history":[{"count":0,"href":"https:\/\/news.filmelier.com\/br\/wp-json\/wp\/v2\/posts\/21023\/revisions"}],"wp:featuredmedia":[{"embeddable":true,"href":"https:\/\/news.filmelier.com\/br\/wp-json\/"}],"wp:attachment":[{"href":"https:\/\/news.filmelier.com\/br\/wp-json\/wp\/v2\/media?parent=21023"}],"wp:term":[{"taxonomy":"category","embeddable":true,"href":"https:\/\/news.filmelier.com\/br\/wp-json\/wp\/v2\/categories?post=21023"},{"taxonomy":"post_tag","embeddable":true,"href":"https:\/\/news.filmelier.com\/br\/wp-json\/wp\/v2\/tags?post=21023"}],"curies":[{"name":"wp","href":"https:\/\/api.w.org\/{rel}","templated":true}]}}