{"id":21008,"date":"2021-11-01T11:36:03","date_gmt":"2021-11-01T14:36:03","guid":{"rendered":"https:\/\/www.filmelier.com\/br\/noticias\/?p=21008"},"modified":"2021-11-01T11:36:03","modified_gmt":"2021-11-01T14:36:03","slug":"abracadabra-2-tem-elenco-divulgado","status":"publish","type":"post","link":"https:\/\/news.filmelier.com\/br\/abracadabra-2-tem-elenco-divulgado\/","title":{"rendered":"&#8216;Abracadabra 2&#8217;: Disney+ anuncia 11 novos integrantes do elenco"},"content":{"rendered":"\n<p>A <a href=\"https:\/\/www.filmelier.com\/br\/platforms\/disney-plus\">Disney+<\/a> anunciou, durante o Halloween, 11 novos integrantes do elenco de &#8216;Abracadabra 2&#8217;, aguardada sequ\u00eancia do cl\u00e1ssico de 1993. Al\u00e9m de Bette Midler, Kathy Najimy e Sarah Jessica Parker (<a href=\"https:\/\/www.filmelier.com\/br\/film\/5752\/sex-and-the-city-o-filme\">&#8216;Sex and the City: O Filme&#8217;<\/a>) como as divertidas irm\u00e3s Sanderson, a produ\u00e7\u00e3o tamb\u00e9m ter\u00e1 outros integrantes de peso.<\/p>\n\n\n\n<ul class=\"wp-block-list\"><li><strong>Leia tamb\u00e9m: <a href=\"https:\/\/www.filmelier.com\/br\/noticias\/alan-horn-disney-aposentadoria\" target=\"_blank\" data-type=\"URL\" data-id=\"https:\/\/www.filmelier.com\/br\/noticias\/alan-horn-disney-aposentadoria\" rel=\"noreferrer noopener\">Alan Horn, respons\u00e1vel pela era mais lucrativa da Disney nos cinemas, anuncia aposentadoria<\/a><\/strong><\/li><\/ul>\n\n\n\n<p>Foram confirmados os seguintes nomes Whitney Peak (a Judith de &#8216;O Mundo Sombrio de Sabrina&#8217;), Lilia Buckingham (&#8216;Dirt&#8217;), Belissa Escobedo (a Shanti em &#8216;American Horror Stories&#8217;), Doug Jones (o Homem-Anf\u00edbio de &#8216;<a href=\"https:\/\/www.filmelier.com\/br\/film\/2715\/a-forma-da-agua\" target=\"_blank\" data-type=\"URL\" data-id=\"https:\/\/www.filmelier.com\/br\/film\/2715\/a-forma-da-agua\" rel=\"noreferrer noopener\">A Forma da \u00c1gua<\/a>&#8216;), Tony Hale (&#8216;Arrested Development&#8217;), Sam Richardson (&#8216;Veep&#8217;), Hannah Waddingham (a Rebecca de &#8216;Ted Lasso&#8217;), Juju Brener (&#8216;Conquista&#8217;), Froy Gutierrez (Nolan em &#8216;Teen Wolf&#8217;), Taylor Henderson e Nina Kitchen. At\u00e9 o momento, detalhes sobre os pap\u00e9is n\u00e3o foram revelados. <\/p>\n\n\n\n<p>O an\u00fancio tamb\u00e9m veio acompanhado de um teaser in\u00e9dito. &#8220;A vela de chama negra est\u00e1 acesa para o deleite das irm\u00e3s Sanderson.&#8221;, escreveu a Disney no Twitter. <\/p>\n\n\n\n<p><\/p>\n\n\n\n\n\n<figure class=\"wp-block-embed is-type-rich is-provider-twitter wp-block-embed-twitter\"><div class=\"wp-block-embed__wrapper\">\n<blockquote class=\"twitter-tweet\" data-width=\"550\" data-dnt=\"true\"><p lang=\"pt\" dir=\"ltr\">A vela de chama negra est\u00e1 acesa para o deleite das irm\u00e3s Sanderson.<br><br>Bette Midler, Sarah Jessica Parker e Kathy Najimy retornar\u00e3o em breve em <a href=\"https:\/\/twitter.com\/hashtag\/Abracadabra2?src=hash&amp;ref_src=twsrc%5Etfw\">#Abracadabra2<\/a>. Saiba mais do elenco fascinante no pr\u00f3ximo tweet. <a href=\"https:\/\/t.co\/LckcsoPtto\">pic.twitter.com\/LckcsoPtto<\/a><\/p>&mdash; Disney+ Brasil (@DisneyPlusBR) <a href=\"https:\/\/twitter.com\/DisneyPlusBR\/status\/1454847538981441536?ref_src=twsrc%5Etfw\">October 31, 2021<\/a><\/blockquote><script async src=\"https:\/\/platform.twitter.com\/widgets.js\" charset=\"utf-8\"><\/script>\n<\/div><\/figure>\n\n\n\n\n\n\n\n<p>&#8216;Abracadabra 2&#8217;, que conta com Anne Fletcher (<a href=\"https:\/\/www.filmelier.com\/br\/film\/12449\/ela-danca-eu-danco\">\u2018Ela Dan\u00e7a, Eu Dan\u00e7o\u2019<\/a>) na dire\u00e7\u00e3o, teve sua continua\u00e7\u00e3o divulgada pela primeira vez em 2019. No entanto, foi apenas em maio deste ano que foi confirmado que Midler, Parker e Najimy permaneceriam em seus pap\u00e9is.<\/p>\n\n\n\n<p>Ainda n\u00e3o foram divulgados detalhes sobre o enredo da sequ\u00eancia, mas de acordo com a <a href=\"https:\/\/variety.com\/2021\/film\/news\/hocus-pocus-2-disney-plus-sequel-new-cast-members-1235101496\/\" target=\"_blank\" rel=\"noreferrer noopener\">Variety<\/a>, o novo longa deve estrear no streaming da Disney em algum momento entre setembro e dezembro de 2022. <\/p>\n\n\n\n<p><strong>Enquanto voc\u00ea aguarda o lan\u00e7amento de &#8216;Abracadabra 2&#8217;, confira essa lista: <a href=\"https:\/\/www.filmelier.com\/br\/list\/31-filmes-para-assistir-no-halloween\" target=\"_blank\" rel=\"noreferrer noopener\">31 filmes para assistir no Halloween<\/a>.<\/strong><\/p>\n\n\n\n<p class=\"has-text-align-center\"><strong>Siga o Filmelier no&nbsp;<a rel=\"noreferrer noopener\" href=\"https:\/\/www.facebook.com\/filmelierbr\" target=\"_blank\">Facebook<\/a>,&nbsp;<a rel=\"noreferrer noopener\" href=\"https:\/\/www.twitter.com\/filmelierbr\" target=\"_blank\">Twitter<\/a>,&nbsp;<a rel=\"noreferrer noopener\" href=\"https:\/\/www.instagram.com\/filmelierbr\" target=\"_blank\">Instagram<\/a>&nbsp;e&nbsp;<a rel=\"noreferrer noopener\" href=\"https:\/\/www.tiktok.com\/@filmelierbr\" target=\"_blank\">TikTok<\/a>.<\/strong><\/p>\n","protected":false},"excerpt":{"rendered":"<p>Lista inclui Doug Jones, famoso por criaturas em filmes como &#8216;A Forma da \u00c1gua&#8217; e &#8216;O Labirinto do Fauno&#8217;, al\u00e9m de Hannah Waddingham &#8211; a Rebecca de &#8216;Ted Lasso&#8217;<\/p>\n","protected":false},"author":14,"featured_media":21021,"comment_status":"closed","ping_status":"open","sticky":false,"template":"","format":"standard","meta":{"_acf_changed":false,"footnotes":""},"categories":[3482],"tags":[6507,6508,6115,6108],"class_list":["post-21008","post","type-post","status-publish","format-standard","has-post-thumbnail","hentry","category-filmes-br","tag-abracadabra","tag-abracadabra-2","tag-disney-2","tag-disney-plus"],"acf":{"subtitulo":"","id_ator":""},"yoast_head":"<!-- This site is optimized with the Yoast SEO plugin v26.1.1 - https:\/\/yoast.com\/wordpress\/plugins\/seo\/ -->\n<title>&#039;Abracadabra 2&#039;: Disney+ anuncia 11 novos integrantes do elenco - News Filmelier<\/title>\n<meta name=\"robots\" content=\"index, follow, max-snippet:-1, max-image-preview:large, max-video-preview:-1\" \/>\n<link rel=\"canonical\" href=\"https:\/\/news.filmelier.com\/br\/abracadabra-2-tem-elenco-divulgado\/\" \/>\n<meta property=\"og:locale\" content=\"pt_BR\" \/>\n<meta property=\"og:type\" content=\"article\" \/>\n<meta property=\"og:title\" content=\"&#039;Abracadabra 2&#039;: Disney+ anuncia 11 novos integrantes do elenco - News Filmelier\" \/>\n<meta property=\"og:description\" content=\"Lista inclui Doug Jones, famoso por criaturas em filmes como &#039;A Forma da \u00c1gua&#039; e &#039;O Labirinto do Fauno&#039;, al\u00e9m de Hannah Waddingham - a Rebecca de &#039;Ted Lasso&#039;\" \/>\n<meta property=\"og:url\" content=\"https:\/\/news.filmelier.com\/br\/abracadabra-2-tem-elenco-divulgado\/\" \/>\n<meta property=\"og:site_name\" content=\"News Filmelier\" \/>\n<meta property=\"article:published_time\" content=\"2021-11-01T14:36:03+00:00\" \/>\n<meta name=\"author\" content=\"Reda\u00e7\u00e3o Filmelier\" \/>\n<meta name=\"twitter:card\" content=\"summary_large_image\" \/>\n<meta name=\"twitter:label1\" content=\"Escrito por\" \/>\n\t<meta name=\"twitter:data1\" content=\"Reda\u00e7\u00e3o Filmelier\" \/>\n\t<meta name=\"twitter:label2\" content=\"Est. tempo de leitura\" \/>\n\t<meta name=\"twitter:data2\" content=\"1 minuto\" \/>\n<script type=\"application\/ld+json\" class=\"yoast-schema-graph\">{\"@context\":\"https:\/\/schema.org\",\"@graph\":[{\"@type\":\"Article\",\"@id\":\"https:\/\/news.filmelier.com\/br\/abracadabra-2-tem-elenco-divulgado\/#article\",\"isPartOf\":{\"@id\":\"https:\/\/news.filmelier.com\/br\/abracadabra-2-tem-elenco-divulgado\/\"},\"author\":{\"name\":\"Reda\u00e7\u00e3o Filmelier\",\"@id\":\"https:\/\/homolog.news.filmelier.com\/br\/#\/schema\/person\/a6491aa555ce96d9d1cc15f1742dbd7b\"},\"headline\":\"&#8216;Abracadabra 2&#8217;: Disney+ anuncia 11 novos integrantes do elenco\",\"datePublished\":\"2021-11-01T14:36:03+00:00\",\"mainEntityOfPage\":{\"@id\":\"https:\/\/news.filmelier.com\/br\/abracadabra-2-tem-elenco-divulgado\/\"},\"wordCount\":298,\"publisher\":{\"@id\":\"https:\/\/homolog.news.filmelier.com\/br\/#organization\"},\"image\":{\"@id\":\"https:\/\/news.filmelier.com\/br\/abracadabra-2-tem-elenco-divulgado\/#primaryimage\"},\"thumbnailUrl\":\"\",\"keywords\":[\"Abracadabra\",\"Abracadabra 2\",\"Disney\",\"Disney Plus\"],\"articleSection\":[\"Filmes\"],\"inLanguage\":\"pt-BR\"},{\"@type\":\"WebPage\",\"@id\":\"https:\/\/news.filmelier.com\/br\/abracadabra-2-tem-elenco-divulgado\/\",\"url\":\"https:\/\/news.filmelier.com\/br\/abracadabra-2-tem-elenco-divulgado\/\",\"name\":\"'Abracadabra 2': Disney+ anuncia 11 novos integrantes do elenco - News Filmelier\",\"isPartOf\":{\"@id\":\"https:\/\/homolog.news.filmelier.com\/br\/#website\"},\"primaryImageOfPage\":{\"@id\":\"https:\/\/news.filmelier.com\/br\/abracadabra-2-tem-elenco-divulgado\/#primaryimage\"},\"image\":{\"@id\":\"https:\/\/news.filmelier.com\/br\/abracadabra-2-tem-elenco-divulgado\/#primaryimage\"},\"thumbnailUrl\":\"\",\"datePublished\":\"2021-11-01T14:36:03+00:00\",\"breadcrumb\":{\"@id\":\"https:\/\/news.filmelier.com\/br\/abracadabra-2-tem-elenco-divulgado\/#breadcrumb\"},\"inLanguage\":\"pt-BR\",\"potentialAction\":[{\"@type\":\"ReadAction\",\"target\":[\"https:\/\/news.filmelier.com\/br\/abracadabra-2-tem-elenco-divulgado\/\"]}]},{\"@type\":\"ImageObject\",\"inLanguage\":\"pt-BR\",\"@id\":\"https:\/\/news.filmelier.com\/br\/abracadabra-2-tem-elenco-divulgado\/#primaryimage\",\"url\":\"\",\"contentUrl\":\"\"},{\"@type\":\"BreadcrumbList\",\"@id\":\"https:\/\/news.filmelier.com\/br\/abracadabra-2-tem-elenco-divulgado\/#breadcrumb\",\"itemListElement\":[{\"@type\":\"ListItem\",\"position\":1,\"name\":\"In\u00edcio\",\"item\":\"https:\/\/homolog.news.filmelier.com\/br\/\"},{\"@type\":\"ListItem\",\"position\":2,\"name\":\"&#8216;Abracadabra 2&#8217;: Disney+ anuncia 11 novos integrantes do elenco\"}]},{\"@type\":\"WebSite\",\"@id\":\"https:\/\/homolog.news.filmelier.com\/br\/#website\",\"url\":\"https:\/\/homolog.news.filmelier.com\/br\/\",\"name\":\"Homolog Filmelier News Rankrup\",\"description\":\"\",\"publisher\":{\"@id\":\"https:\/\/homolog.news.filmelier.com\/br\/#organization\"},\"potentialAction\":[{\"@type\":\"SearchAction\",\"target\":{\"@type\":\"EntryPoint\",\"urlTemplate\":\"https:\/\/homolog.news.filmelier.com\/br\/?s={search_term_string}\"},\"query-input\":{\"@type\":\"PropertyValueSpecification\",\"valueRequired\":true,\"valueName\":\"search_term_string\"}}],\"inLanguage\":\"pt-BR\"},{\"@type\":\"Organization\",\"@id\":\"https:\/\/homolog.news.filmelier.com\/br\/#organization\",\"name\":\"Homolog Filmelier News Rankrup\",\"url\":\"https:\/\/homolog.news.filmelier.com\/br\/\",\"logo\":{\"@type\":\"ImageObject\",\"inLanguage\":\"pt-BR\",\"@id\":\"https:\/\/homolog.news.filmelier.com\/br\/#\/schema\/logo\/image\/\",\"url\":\"https:\/\/news.filmelier.com\/wp-content\/uploads\/2024\/11\/Logo-News.png\",\"contentUrl\":\"https:\/\/news.filmelier.com\/wp-content\/uploads\/2024\/11\/Logo-News.png\",\"width\":460,\"height\":108,\"caption\":\"Homolog Filmelier News Rankrup\"},\"image\":{\"@id\":\"https:\/\/homolog.news.filmelier.com\/br\/#\/schema\/logo\/image\/\"}},{\"@type\":\"Person\",\"@id\":\"https:\/\/homolog.news.filmelier.com\/br\/#\/schema\/person\/a6491aa555ce96d9d1cc15f1742dbd7b\",\"name\":\"Reda\u00e7\u00e3o Filmelier\",\"image\":{\"@type\":\"ImageObject\",\"inLanguage\":\"pt-BR\",\"@id\":\"https:\/\/homolog.news.filmelier.com\/br\/#\/schema\/person\/image\/\",\"url\":\"https:\/\/secure.gravatar.com\/avatar\/8bf80419447553f32d821a953683c4666faca8d781f143825a02644ae3f7e2d0?s=96&d=mm&r=g\",\"contentUrl\":\"https:\/\/secure.gravatar.com\/avatar\/8bf80419447553f32d821a953683c4666faca8d781f143825a02644ae3f7e2d0?s=96&d=mm&r=g\",\"caption\":\"Reda\u00e7\u00e3o Filmelier\"},\"description\":\"Somos um time de jornalistas e cr\u00edticos que respira cinema a 24 quadros por segundo. Das estreias do circuito aos cl\u00e1ssicos restaurados, da curadoria em streamings \u00e0s entrevistas nos bastidores, nossa reda\u00e7\u00e3o transforma filmes em conte\u00fado inteligente \u2014 com an\u00e1lises afiadas, guias pr\u00e1ticos e hist\u00f3rias que fazem voc\u00ea ver a s\u00e9tima arte com outros olhos. Aqui no Filmelier, cinema n\u00e3o \u00e9 s\u00f3 lazer: \u00e9 of\u00edcio, \u00e9 expertise, \u00e9 paix\u00e3o em forma de texto.\",\"url\":\"https:\/\/news.filmelier.com\/br\/author\/contato-filmelier\/\"}]}<\/script>\n<!-- \/ Yoast SEO plugin. -->","yoast_head_json":{"title":"'Abracadabra 2': Disney+ anuncia 11 novos integrantes do elenco - News Filmelier","robots":{"index":"index","follow":"follow","max-snippet":"max-snippet:-1","max-image-preview":"max-image-preview:large","max-video-preview":"max-video-preview:-1"},"canonical":"https:\/\/news.filmelier.com\/br\/abracadabra-2-tem-elenco-divulgado\/","og_locale":"pt_BR","og_type":"article","og_title":"'Abracadabra 2': Disney+ anuncia 11 novos integrantes do elenco - News Filmelier","og_description":"Lista inclui Doug Jones, famoso por criaturas em filmes como 'A Forma da \u00c1gua' e 'O Labirinto do Fauno', al\u00e9m de Hannah Waddingham - a Rebecca de 'Ted Lasso'","og_url":"https:\/\/news.filmelier.com\/br\/abracadabra-2-tem-elenco-divulgado\/","og_site_name":"News Filmelier","article_published_time":"2021-11-01T14:36:03+00:00","author":"Reda\u00e7\u00e3o Filmelier","twitter_card":"summary_large_image","twitter_misc":{"Escrito por":"Reda\u00e7\u00e3o Filmelier","Est. tempo de leitura":"1 minuto"},"schema":{"@context":"https:\/\/schema.org","@graph":[{"@type":"Article","@id":"https:\/\/news.filmelier.com\/br\/abracadabra-2-tem-elenco-divulgado\/#article","isPartOf":{"@id":"https:\/\/news.filmelier.com\/br\/abracadabra-2-tem-elenco-divulgado\/"},"author":{"name":"Reda\u00e7\u00e3o Filmelier","@id":"https:\/\/homolog.news.filmelier.com\/br\/#\/schema\/person\/a6491aa555ce96d9d1cc15f1742dbd7b"},"headline":"&#8216;Abracadabra 2&#8217;: Disney+ anuncia 11 novos integrantes do elenco","datePublished":"2021-11-01T14:36:03+00:00","mainEntityOfPage":{"@id":"https:\/\/news.filmelier.com\/br\/abracadabra-2-tem-elenco-divulgado\/"},"wordCount":298,"publisher":{"@id":"https:\/\/homolog.news.filmelier.com\/br\/#organization"},"image":{"@id":"https:\/\/news.filmelier.com\/br\/abracadabra-2-tem-elenco-divulgado\/#primaryimage"},"thumbnailUrl":"","keywords":["Abracadabra","Abracadabra 2","Disney","Disney Plus"],"articleSection":["Filmes"],"inLanguage":"pt-BR"},{"@type":"WebPage","@id":"https:\/\/news.filmelier.com\/br\/abracadabra-2-tem-elenco-divulgado\/","url":"https:\/\/news.filmelier.com\/br\/abracadabra-2-tem-elenco-divulgado\/","name":"'Abracadabra 2': Disney+ anuncia 11 novos integrantes do elenco - News Filmelier","isPartOf":{"@id":"https:\/\/homolog.news.filmelier.com\/br\/#website"},"primaryImageOfPage":{"@id":"https:\/\/news.filmelier.com\/br\/abracadabra-2-tem-elenco-divulgado\/#primaryimage"},"image":{"@id":"https:\/\/news.filmelier.com\/br\/abracadabra-2-tem-elenco-divulgado\/#primaryimage"},"thumbnailUrl":"","datePublished":"2021-11-01T14:36:03+00:00","breadcrumb":{"@id":"https:\/\/news.filmelier.com\/br\/abracadabra-2-tem-elenco-divulgado\/#breadcrumb"},"inLanguage":"pt-BR","potentialAction":[{"@type":"ReadAction","target":["https:\/\/news.filmelier.com\/br\/abracadabra-2-tem-elenco-divulgado\/"]}]},{"@type":"ImageObject","inLanguage":"pt-BR","@id":"https:\/\/news.filmelier.com\/br\/abracadabra-2-tem-elenco-divulgado\/#primaryimage","url":"","contentUrl":""},{"@type":"BreadcrumbList","@id":"https:\/\/news.filmelier.com\/br\/abracadabra-2-tem-elenco-divulgado\/#breadcrumb","itemListElement":[{"@type":"ListItem","position":1,"name":"In\u00edcio","item":"https:\/\/homolog.news.filmelier.com\/br\/"},{"@type":"ListItem","position":2,"name":"&#8216;Abracadabra 2&#8217;: Disney+ anuncia 11 novos integrantes do elenco"}]},{"@type":"WebSite","@id":"https:\/\/homolog.news.filmelier.com\/br\/#website","url":"https:\/\/homolog.news.filmelier.com\/br\/","name":"Homolog Filmelier News Rankrup","description":"","publisher":{"@id":"https:\/\/homolog.news.filmelier.com\/br\/#organization"},"potentialAction":[{"@type":"SearchAction","target":{"@type":"EntryPoint","urlTemplate":"https:\/\/homolog.news.filmelier.com\/br\/?s={search_term_string}"},"query-input":{"@type":"PropertyValueSpecification","valueRequired":true,"valueName":"search_term_string"}}],"inLanguage":"pt-BR"},{"@type":"Organization","@id":"https:\/\/homolog.news.filmelier.com\/br\/#organization","name":"Homolog Filmelier News Rankrup","url":"https:\/\/homolog.news.filmelier.com\/br\/","logo":{"@type":"ImageObject","inLanguage":"pt-BR","@id":"https:\/\/homolog.news.filmelier.com\/br\/#\/schema\/logo\/image\/","url":"https:\/\/news.filmelier.com\/wp-content\/uploads\/2024\/11\/Logo-News.png","contentUrl":"https:\/\/news.filmelier.com\/wp-content\/uploads\/2024\/11\/Logo-News.png","width":460,"height":108,"caption":"Homolog Filmelier News Rankrup"},"image":{"@id":"https:\/\/homolog.news.filmelier.com\/br\/#\/schema\/logo\/image\/"}},{"@type":"Person","@id":"https:\/\/homolog.news.filmelier.com\/br\/#\/schema\/person\/a6491aa555ce96d9d1cc15f1742dbd7b","name":"Reda\u00e7\u00e3o Filmelier","image":{"@type":"ImageObject","inLanguage":"pt-BR","@id":"https:\/\/homolog.news.filmelier.com\/br\/#\/schema\/person\/image\/","url":"https:\/\/secure.gravatar.com\/avatar\/8bf80419447553f32d821a953683c4666faca8d781f143825a02644ae3f7e2d0?s=96&d=mm&r=g","contentUrl":"https:\/\/secure.gravatar.com\/avatar\/8bf80419447553f32d821a953683c4666faca8d781f143825a02644ae3f7e2d0?s=96&d=mm&r=g","caption":"Reda\u00e7\u00e3o Filmelier"},"description":"Somos um time de jornalistas e cr\u00edticos que respira cinema a 24 quadros por segundo. Das estreias do circuito aos cl\u00e1ssicos restaurados, da curadoria em streamings \u00e0s entrevistas nos bastidores, nossa reda\u00e7\u00e3o transforma filmes em conte\u00fado inteligente \u2014 com an\u00e1lises afiadas, guias pr\u00e1ticos e hist\u00f3rias que fazem voc\u00ea ver a s\u00e9tima arte com outros olhos. Aqui no Filmelier, cinema n\u00e3o \u00e9 s\u00f3 lazer: \u00e9 of\u00edcio, \u00e9 expertise, \u00e9 paix\u00e3o em forma de texto.","url":"https:\/\/news.filmelier.com\/br\/author\/contato-filmelier\/"}]}},"_links":{"self":[{"href":"https:\/\/news.filmelier.com\/br\/wp-json\/wp\/v2\/posts\/21008","targetHints":{"allow":["GET"]}}],"collection":[{"href":"https:\/\/news.filmelier.com\/br\/wp-json\/wp\/v2\/posts"}],"about":[{"href":"https:\/\/news.filmelier.com\/br\/wp-json\/wp\/v2\/types\/post"}],"author":[{"embeddable":true,"href":"https:\/\/news.filmelier.com\/br\/wp-json\/wp\/v2\/users\/14"}],"replies":[{"embeddable":true,"href":"https:\/\/news.filmelier.com\/br\/wp-json\/wp\/v2\/comments?post=21008"}],"version-history":[{"count":0,"href":"https:\/\/news.filmelier.com\/br\/wp-json\/wp\/v2\/posts\/21008\/revisions"}],"wp:featuredmedia":[{"embeddable":true,"href":"https:\/\/news.filmelier.com\/br\/wp-json\/"}],"wp:attachment":[{"href":"https:\/\/news.filmelier.com\/br\/wp-json\/wp\/v2\/media?parent=21008"}],"wp:term":[{"taxonomy":"category","embeddable":true,"href":"https:\/\/news.filmelier.com\/br\/wp-json\/wp\/v2\/categories?post=21008"},{"taxonomy":"post_tag","embeddable":true,"href":"https:\/\/news.filmelier.com\/br\/wp-json\/wp\/v2\/tags?post=21008"}],"curies":[{"name":"wp","href":"https:\/\/api.w.org\/{rel}","templated":true}]}}