{"id":18507,"date":"2021-08-31T15:50:40","date_gmt":"2021-08-31T18:50:40","guid":{"rendered":"https:\/\/www.filmelier.com\/br\/noticias\/?p=18507"},"modified":"2021-08-31T15:50:40","modified_gmt":"2021-08-31T18:50:40","slug":"trailer-final-007-sem-tempo-para-morrer","status":"publish","type":"post","link":"https:\/\/news.filmelier.com\/br\/trailer-final-007-sem-tempo-para-morrer\/","title":{"rendered":"Os vil\u00f5es s\u00e3o as estrelas do trailer final de &#8216;007: Sem Tempo para Morrer&#8217;"},"content":{"rendered":"\n<p>Foi dif\u00edcil, mas finalmente James Bond est\u00e1 ficando sem tempo. Adiado diversas vezes por causa da pandemia da covid-19, &#8216;007: Sem Tempo para Morrer&#8217; chega aos cinemas brasileiros em 30 de setembro &#8211; daqui um m\u00eas. Para marcar a estreia, a MGM e a Universal Pictures divulgaram hoje (31) o trailer final do longa-metragem.<\/p>\n\n\n\n<ul class=\"wp-block-list\"><li><strong>Leia tamb\u00e9m: <a href=\"https:\/\/www.filmelier.com\/br\/noticias\/james-bond-documentario-gratis\" class=\"rank-math-link\">James Bond ter\u00e1 document\u00e1rio gr\u00e1tis na Apple TV<\/a><\/strong><\/li><\/ul>\n\n\n\n<p>Al\u00e9m de Craig, a produ\u00e7\u00e3o traz os retornos de L\u00e9a Seydoux, Ralph Fiennes, Christoph Waltz, Ben Whishaw, Naomie Harris e Jeffrey Wright. Al\u00e9m disso, temos a chegada de Ana de Armas, de Rami Malek como o vil\u00e3o Lyutsifer Safin e de Lashana Lynch como a nova agente do MI-6. <\/p>\n\n\n\n<p>Na trama, Bond foi curtir a aposentadoria na Jamaica &#8211; por\u00e9m, a paz \u00e9 interrompida quando o agente da CIA Felix Leiter (Wright) aparece pedindo ajuda. Agora, eles precisam resgatar um cientista sequestrado em uma trama que, como sempre, \u00e9 mais perigosa do que parece. <\/p>\n\n\n\n<p>Assista \u00e0 pr\u00e9via legendada a seguir:<\/p>\n\n\n\n<figure class=\"wp-block-embed-youtube wp-block-embed is-type-video is-provider-youtube wp-embed-aspect-16-9 wp-has-aspect-ratio\"><div class=\"wp-block-embed__wrapper\">\n<iframe title=\"007 \u2013 SEM TEMPO PARA MORRER | TRAILER INTERNACIONAL FINAL\" width=\"800\" height=\"450\" src=\"https:\/\/www.youtube.com\/embed\/80k_qAs4xdQ?feature=oembed\" frameborder=\"0\" allow=\"accelerometer; autoplay; clipboard-write; encrypted-media; gyroscope; picture-in-picture; web-share\" referrerpolicy=\"strict-origin-when-cross-origin\" allowfullscreen><\/iframe>\n<\/div><\/figure>\n\n\n\n<p>Como dito, &#8216;007: Sem Tempo para Morrer&#8217; chega aos cinemas em 30 de setembro. <\/p>\n\n\n\n<p class=\"has-text-align-center\"><strong>Siga o Filmelier no&nbsp;<a rel=\"noreferrer noopener\" href=\"https:\/\/www.facebook.com\/filmelierbr\" target=\"_blank\">Facebook<\/a>,&nbsp;<a rel=\"noreferrer noopener\" href=\"https:\/\/www.twitter.com\/filmelierbr\" target=\"_blank\">Twitter<\/a>,&nbsp;<a rel=\"noreferrer noopener\" href=\"https:\/\/www.instagram.com\/filmelierbr\" target=\"_blank\">Instagram<\/a>&nbsp;e&nbsp;<a rel=\"noreferrer noopener\" href=\"https:\/\/www.tiktok.com\/@filmelierbr\" target=\"_blank\">TikTok<\/a>.<\/strong><\/p>\n","protected":false},"excerpt":{"rendered":"<p>Adiado diversas vezes por causa da pandemia, o \u00faltimo filme do 007 por Daniel Craig est\u00e1 finalmente chegando aos cinemas<\/p>\n","protected":false},"author":14,"featured_media":3861,"comment_status":"closed","ping_status":"open","sticky":false,"template":"","format":"standard","meta":{"_acf_changed":false,"footnotes":""},"categories":[3482],"tags":[3620,9616,3905,6124,9731,4080],"class_list":["post-18507","post","type-post","status-publish","format-standard","has-post-thumbnail","hentry","category-filmes-br","tag-007-br","tag-007-sem-tempo-para-morrer","tag-acao-br","tag-james-bond","tag-james-bond-007","tag-trailer-br"],"acf":{"subtitulo":"","id_ator":""},"yoast_head":"<!-- This site is optimized with the Yoast SEO plugin v26.1.1 - https:\/\/yoast.com\/wordpress\/plugins\/seo\/ -->\n<title>Os vil\u00f5es s\u00e3o as estrelas do trailer final de &#039;007: Sem Tempo para Morrer&#039; - News Filmelier<\/title>\n<meta name=\"robots\" content=\"index, follow, max-snippet:-1, max-image-preview:large, max-video-preview:-1\" \/>\n<link rel=\"canonical\" href=\"https:\/\/news.filmelier.com\/br\/trailer-final-007-sem-tempo-para-morrer\/\" \/>\n<meta property=\"og:locale\" content=\"pt_BR\" \/>\n<meta property=\"og:type\" content=\"article\" \/>\n<meta property=\"og:title\" content=\"Os vil\u00f5es s\u00e3o as estrelas do trailer final de &#039;007: Sem Tempo para Morrer&#039; - News Filmelier\" \/>\n<meta property=\"og:description\" content=\"Adiado diversas vezes por causa da pandemia, o \u00faltimo filme do 007 por Daniel Craig est\u00e1 finalmente chegando aos cinemas\" \/>\n<meta property=\"og:url\" content=\"https:\/\/news.filmelier.com\/br\/trailer-final-007-sem-tempo-para-morrer\/\" \/>\n<meta property=\"og:site_name\" content=\"News Filmelier\" \/>\n<meta property=\"article:published_time\" content=\"2021-08-31T18:50:40+00:00\" \/>\n<meta property=\"og:image\" content=\"https:\/\/homolog.news.filmelier.com\/wp-content\/uploads\/2020\/02\/Bond-no-time-to-die.jpg\" \/>\n\t<meta property=\"og:image:width\" content=\"1620\" \/>\n\t<meta property=\"og:image:height\" content=\"1080\" \/>\n\t<meta property=\"og:image:type\" content=\"image\/jpeg\" \/>\n<meta name=\"author\" content=\"Reda\u00e7\u00e3o Filmelier\" \/>\n<meta name=\"twitter:card\" content=\"summary_large_image\" \/>\n<meta name=\"twitter:label1\" content=\"Escrito por\" \/>\n\t<meta name=\"twitter:data1\" content=\"Reda\u00e7\u00e3o Filmelier\" \/>\n\t<meta name=\"twitter:label2\" content=\"Est. tempo de leitura\" \/>\n\t<meta name=\"twitter:data2\" content=\"1 minuto\" \/>\n<script type=\"application\/ld+json\" class=\"yoast-schema-graph\">{\"@context\":\"https:\/\/schema.org\",\"@graph\":[{\"@type\":\"Article\",\"@id\":\"https:\/\/news.filmelier.com\/br\/trailer-final-007-sem-tempo-para-morrer\/#article\",\"isPartOf\":{\"@id\":\"https:\/\/news.filmelier.com\/br\/trailer-final-007-sem-tempo-para-morrer\/\"},\"author\":{\"name\":\"Reda\u00e7\u00e3o Filmelier\",\"@id\":\"https:\/\/homolog.news.filmelier.com\/br\/#\/schema\/person\/a6491aa555ce96d9d1cc15f1742dbd7b\"},\"headline\":\"Os vil\u00f5es s\u00e3o as estrelas do trailer final de &#8216;007: Sem Tempo para Morrer&#8217;\",\"datePublished\":\"2021-08-31T18:50:40+00:00\",\"mainEntityOfPage\":{\"@id\":\"https:\/\/news.filmelier.com\/br\/trailer-final-007-sem-tempo-para-morrer\/\"},\"wordCount\":220,\"publisher\":{\"@id\":\"https:\/\/homolog.news.filmelier.com\/br\/#organization\"},\"image\":{\"@id\":\"https:\/\/news.filmelier.com\/br\/trailer-final-007-sem-tempo-para-morrer\/#primaryimage\"},\"thumbnailUrl\":\"https:\/\/news.filmelier.com\/wp-content\/uploads\/2020\/02\/Bond-no-time-to-die.jpg\",\"keywords\":[\"007\",\"007: Sem Tempo Para Morrer\",\"A\u00e7\u00e3o\",\"James Bond\",\"James Bond 007\",\"trailer\"],\"articleSection\":[\"Filmes\"],\"inLanguage\":\"pt-BR\"},{\"@type\":\"WebPage\",\"@id\":\"https:\/\/news.filmelier.com\/br\/trailer-final-007-sem-tempo-para-morrer\/\",\"url\":\"https:\/\/news.filmelier.com\/br\/trailer-final-007-sem-tempo-para-morrer\/\",\"name\":\"Os vil\u00f5es s\u00e3o as estrelas do trailer final de '007: Sem Tempo para Morrer' - News Filmelier\",\"isPartOf\":{\"@id\":\"https:\/\/homolog.news.filmelier.com\/br\/#website\"},\"primaryImageOfPage\":{\"@id\":\"https:\/\/news.filmelier.com\/br\/trailer-final-007-sem-tempo-para-morrer\/#primaryimage\"},\"image\":{\"@id\":\"https:\/\/news.filmelier.com\/br\/trailer-final-007-sem-tempo-para-morrer\/#primaryimage\"},\"thumbnailUrl\":\"https:\/\/news.filmelier.com\/wp-content\/uploads\/2020\/02\/Bond-no-time-to-die.jpg\",\"datePublished\":\"2021-08-31T18:50:40+00:00\",\"breadcrumb\":{\"@id\":\"https:\/\/news.filmelier.com\/br\/trailer-final-007-sem-tempo-para-morrer\/#breadcrumb\"},\"inLanguage\":\"pt-BR\",\"potentialAction\":[{\"@type\":\"ReadAction\",\"target\":[\"https:\/\/news.filmelier.com\/br\/trailer-final-007-sem-tempo-para-morrer\/\"]}]},{\"@type\":\"ImageObject\",\"inLanguage\":\"pt-BR\",\"@id\":\"https:\/\/news.filmelier.com\/br\/trailer-final-007-sem-tempo-para-morrer\/#primaryimage\",\"url\":\"https:\/\/news.filmelier.com\/wp-content\/uploads\/2020\/02\/Bond-no-time-to-die.jpg\",\"contentUrl\":\"https:\/\/news.filmelier.com\/wp-content\/uploads\/2020\/02\/Bond-no-time-to-die.jpg\",\"width\":1620,\"height\":1080},{\"@type\":\"BreadcrumbList\",\"@id\":\"https:\/\/news.filmelier.com\/br\/trailer-final-007-sem-tempo-para-morrer\/#breadcrumb\",\"itemListElement\":[{\"@type\":\"ListItem\",\"position\":1,\"name\":\"In\u00edcio\",\"item\":\"https:\/\/homolog.news.filmelier.com\/br\/\"},{\"@type\":\"ListItem\",\"position\":2,\"name\":\"Os vil\u00f5es s\u00e3o as estrelas do trailer final de &#8216;007: Sem Tempo para Morrer&#8217;\"}]},{\"@type\":\"WebSite\",\"@id\":\"https:\/\/homolog.news.filmelier.com\/br\/#website\",\"url\":\"https:\/\/homolog.news.filmelier.com\/br\/\",\"name\":\"Homolog Filmelier News Rankrup\",\"description\":\"\",\"publisher\":{\"@id\":\"https:\/\/homolog.news.filmelier.com\/br\/#organization\"},\"potentialAction\":[{\"@type\":\"SearchAction\",\"target\":{\"@type\":\"EntryPoint\",\"urlTemplate\":\"https:\/\/homolog.news.filmelier.com\/br\/?s={search_term_string}\"},\"query-input\":{\"@type\":\"PropertyValueSpecification\",\"valueRequired\":true,\"valueName\":\"search_term_string\"}}],\"inLanguage\":\"pt-BR\"},{\"@type\":\"Organization\",\"@id\":\"https:\/\/homolog.news.filmelier.com\/br\/#organization\",\"name\":\"Homolog Filmelier News Rankrup\",\"url\":\"https:\/\/homolog.news.filmelier.com\/br\/\",\"logo\":{\"@type\":\"ImageObject\",\"inLanguage\":\"pt-BR\",\"@id\":\"https:\/\/homolog.news.filmelier.com\/br\/#\/schema\/logo\/image\/\",\"url\":\"https:\/\/news.filmelier.com\/wp-content\/uploads\/2024\/11\/Logo-News.png\",\"contentUrl\":\"https:\/\/news.filmelier.com\/wp-content\/uploads\/2024\/11\/Logo-News.png\",\"width\":460,\"height\":108,\"caption\":\"Homolog Filmelier News Rankrup\"},\"image\":{\"@id\":\"https:\/\/homolog.news.filmelier.com\/br\/#\/schema\/logo\/image\/\"}},{\"@type\":\"Person\",\"@id\":\"https:\/\/homolog.news.filmelier.com\/br\/#\/schema\/person\/a6491aa555ce96d9d1cc15f1742dbd7b\",\"name\":\"Reda\u00e7\u00e3o Filmelier\",\"image\":{\"@type\":\"ImageObject\",\"inLanguage\":\"pt-BR\",\"@id\":\"https:\/\/homolog.news.filmelier.com\/br\/#\/schema\/person\/image\/\",\"url\":\"https:\/\/secure.gravatar.com\/avatar\/8bf80419447553f32d821a953683c4666faca8d781f143825a02644ae3f7e2d0?s=96&d=mm&r=g\",\"contentUrl\":\"https:\/\/secure.gravatar.com\/avatar\/8bf80419447553f32d821a953683c4666faca8d781f143825a02644ae3f7e2d0?s=96&d=mm&r=g\",\"caption\":\"Reda\u00e7\u00e3o Filmelier\"},\"description\":\"Somos um time de jornalistas e cr\u00edticos que respira cinema a 24 quadros por segundo. Das estreias do circuito aos cl\u00e1ssicos restaurados, da curadoria em streamings \u00e0s entrevistas nos bastidores, nossa reda\u00e7\u00e3o transforma filmes em conte\u00fado inteligente \u2014 com an\u00e1lises afiadas, guias pr\u00e1ticos e hist\u00f3rias que fazem voc\u00ea ver a s\u00e9tima arte com outros olhos. Aqui no Filmelier, cinema n\u00e3o \u00e9 s\u00f3 lazer: \u00e9 of\u00edcio, \u00e9 expertise, \u00e9 paix\u00e3o em forma de texto.\",\"url\":\"https:\/\/news.filmelier.com\/br\/author\/contato-filmelier\/\"}]}<\/script>\n<!-- \/ Yoast SEO plugin. -->","yoast_head_json":{"title":"Os vil\u00f5es s\u00e3o as estrelas do trailer final de '007: Sem Tempo para Morrer' - News Filmelier","robots":{"index":"index","follow":"follow","max-snippet":"max-snippet:-1","max-image-preview":"max-image-preview:large","max-video-preview":"max-video-preview:-1"},"canonical":"https:\/\/news.filmelier.com\/br\/trailer-final-007-sem-tempo-para-morrer\/","og_locale":"pt_BR","og_type":"article","og_title":"Os vil\u00f5es s\u00e3o as estrelas do trailer final de '007: Sem Tempo para Morrer' - News Filmelier","og_description":"Adiado diversas vezes por causa da pandemia, o \u00faltimo filme do 007 por Daniel Craig est\u00e1 finalmente chegando aos cinemas","og_url":"https:\/\/news.filmelier.com\/br\/trailer-final-007-sem-tempo-para-morrer\/","og_site_name":"News Filmelier","article_published_time":"2021-08-31T18:50:40+00:00","og_image":[{"width":1620,"height":1080,"url":"https:\/\/homolog.news.filmelier.com\/wp-content\/uploads\/2020\/02\/Bond-no-time-to-die.jpg","type":"image\/jpeg"}],"author":"Reda\u00e7\u00e3o Filmelier","twitter_card":"summary_large_image","twitter_misc":{"Escrito por":"Reda\u00e7\u00e3o Filmelier","Est. tempo de leitura":"1 minuto"},"schema":{"@context":"https:\/\/schema.org","@graph":[{"@type":"Article","@id":"https:\/\/news.filmelier.com\/br\/trailer-final-007-sem-tempo-para-morrer\/#article","isPartOf":{"@id":"https:\/\/news.filmelier.com\/br\/trailer-final-007-sem-tempo-para-morrer\/"},"author":{"name":"Reda\u00e7\u00e3o Filmelier","@id":"https:\/\/homolog.news.filmelier.com\/br\/#\/schema\/person\/a6491aa555ce96d9d1cc15f1742dbd7b"},"headline":"Os vil\u00f5es s\u00e3o as estrelas do trailer final de &#8216;007: Sem Tempo para Morrer&#8217;","datePublished":"2021-08-31T18:50:40+00:00","mainEntityOfPage":{"@id":"https:\/\/news.filmelier.com\/br\/trailer-final-007-sem-tempo-para-morrer\/"},"wordCount":220,"publisher":{"@id":"https:\/\/homolog.news.filmelier.com\/br\/#organization"},"image":{"@id":"https:\/\/news.filmelier.com\/br\/trailer-final-007-sem-tempo-para-morrer\/#primaryimage"},"thumbnailUrl":"https:\/\/news.filmelier.com\/wp-content\/uploads\/2020\/02\/Bond-no-time-to-die.jpg","keywords":["007","007: Sem Tempo Para Morrer","A\u00e7\u00e3o","James Bond","James Bond 007","trailer"],"articleSection":["Filmes"],"inLanguage":"pt-BR"},{"@type":"WebPage","@id":"https:\/\/news.filmelier.com\/br\/trailer-final-007-sem-tempo-para-morrer\/","url":"https:\/\/news.filmelier.com\/br\/trailer-final-007-sem-tempo-para-morrer\/","name":"Os vil\u00f5es s\u00e3o as estrelas do trailer final de '007: Sem Tempo para Morrer' - News Filmelier","isPartOf":{"@id":"https:\/\/homolog.news.filmelier.com\/br\/#website"},"primaryImageOfPage":{"@id":"https:\/\/news.filmelier.com\/br\/trailer-final-007-sem-tempo-para-morrer\/#primaryimage"},"image":{"@id":"https:\/\/news.filmelier.com\/br\/trailer-final-007-sem-tempo-para-morrer\/#primaryimage"},"thumbnailUrl":"https:\/\/news.filmelier.com\/wp-content\/uploads\/2020\/02\/Bond-no-time-to-die.jpg","datePublished":"2021-08-31T18:50:40+00:00","breadcrumb":{"@id":"https:\/\/news.filmelier.com\/br\/trailer-final-007-sem-tempo-para-morrer\/#breadcrumb"},"inLanguage":"pt-BR","potentialAction":[{"@type":"ReadAction","target":["https:\/\/news.filmelier.com\/br\/trailer-final-007-sem-tempo-para-morrer\/"]}]},{"@type":"ImageObject","inLanguage":"pt-BR","@id":"https:\/\/news.filmelier.com\/br\/trailer-final-007-sem-tempo-para-morrer\/#primaryimage","url":"https:\/\/news.filmelier.com\/wp-content\/uploads\/2020\/02\/Bond-no-time-to-die.jpg","contentUrl":"https:\/\/news.filmelier.com\/wp-content\/uploads\/2020\/02\/Bond-no-time-to-die.jpg","width":1620,"height":1080},{"@type":"BreadcrumbList","@id":"https:\/\/news.filmelier.com\/br\/trailer-final-007-sem-tempo-para-morrer\/#breadcrumb","itemListElement":[{"@type":"ListItem","position":1,"name":"In\u00edcio","item":"https:\/\/homolog.news.filmelier.com\/br\/"},{"@type":"ListItem","position":2,"name":"Os vil\u00f5es s\u00e3o as estrelas do trailer final de &#8216;007: Sem Tempo para Morrer&#8217;"}]},{"@type":"WebSite","@id":"https:\/\/homolog.news.filmelier.com\/br\/#website","url":"https:\/\/homolog.news.filmelier.com\/br\/","name":"Homolog Filmelier News Rankrup","description":"","publisher":{"@id":"https:\/\/homolog.news.filmelier.com\/br\/#organization"},"potentialAction":[{"@type":"SearchAction","target":{"@type":"EntryPoint","urlTemplate":"https:\/\/homolog.news.filmelier.com\/br\/?s={search_term_string}"},"query-input":{"@type":"PropertyValueSpecification","valueRequired":true,"valueName":"search_term_string"}}],"inLanguage":"pt-BR"},{"@type":"Organization","@id":"https:\/\/homolog.news.filmelier.com\/br\/#organization","name":"Homolog Filmelier News Rankrup","url":"https:\/\/homolog.news.filmelier.com\/br\/","logo":{"@type":"ImageObject","inLanguage":"pt-BR","@id":"https:\/\/homolog.news.filmelier.com\/br\/#\/schema\/logo\/image\/","url":"https:\/\/news.filmelier.com\/wp-content\/uploads\/2024\/11\/Logo-News.png","contentUrl":"https:\/\/news.filmelier.com\/wp-content\/uploads\/2024\/11\/Logo-News.png","width":460,"height":108,"caption":"Homolog Filmelier News Rankrup"},"image":{"@id":"https:\/\/homolog.news.filmelier.com\/br\/#\/schema\/logo\/image\/"}},{"@type":"Person","@id":"https:\/\/homolog.news.filmelier.com\/br\/#\/schema\/person\/a6491aa555ce96d9d1cc15f1742dbd7b","name":"Reda\u00e7\u00e3o Filmelier","image":{"@type":"ImageObject","inLanguage":"pt-BR","@id":"https:\/\/homolog.news.filmelier.com\/br\/#\/schema\/person\/image\/","url":"https:\/\/secure.gravatar.com\/avatar\/8bf80419447553f32d821a953683c4666faca8d781f143825a02644ae3f7e2d0?s=96&d=mm&r=g","contentUrl":"https:\/\/secure.gravatar.com\/avatar\/8bf80419447553f32d821a953683c4666faca8d781f143825a02644ae3f7e2d0?s=96&d=mm&r=g","caption":"Reda\u00e7\u00e3o Filmelier"},"description":"Somos um time de jornalistas e cr\u00edticos que respira cinema a 24 quadros por segundo. Das estreias do circuito aos cl\u00e1ssicos restaurados, da curadoria em streamings \u00e0s entrevistas nos bastidores, nossa reda\u00e7\u00e3o transforma filmes em conte\u00fado inteligente \u2014 com an\u00e1lises afiadas, guias pr\u00e1ticos e hist\u00f3rias que fazem voc\u00ea ver a s\u00e9tima arte com outros olhos. Aqui no Filmelier, cinema n\u00e3o \u00e9 s\u00f3 lazer: \u00e9 of\u00edcio, \u00e9 expertise, \u00e9 paix\u00e3o em forma de texto.","url":"https:\/\/news.filmelier.com\/br\/author\/contato-filmelier\/"}]}},"_links":{"self":[{"href":"https:\/\/news.filmelier.com\/br\/wp-json\/wp\/v2\/posts\/18507","targetHints":{"allow":["GET"]}}],"collection":[{"href":"https:\/\/news.filmelier.com\/br\/wp-json\/wp\/v2\/posts"}],"about":[{"href":"https:\/\/news.filmelier.com\/br\/wp-json\/wp\/v2\/types\/post"}],"author":[{"embeddable":true,"href":"https:\/\/news.filmelier.com\/br\/wp-json\/wp\/v2\/users\/14"}],"replies":[{"embeddable":true,"href":"https:\/\/news.filmelier.com\/br\/wp-json\/wp\/v2\/comments?post=18507"}],"version-history":[{"count":0,"href":"https:\/\/news.filmelier.com\/br\/wp-json\/wp\/v2\/posts\/18507\/revisions"}],"wp:featuredmedia":[{"embeddable":true,"href":"https:\/\/news.filmelier.com\/br\/wp-json\/wp\/v2\/media\/3861"}],"wp:attachment":[{"href":"https:\/\/news.filmelier.com\/br\/wp-json\/wp\/v2\/media?parent=18507"}],"wp:term":[{"taxonomy":"category","embeddable":true,"href":"https:\/\/news.filmelier.com\/br\/wp-json\/wp\/v2\/categories?post=18507"},{"taxonomy":"post_tag","embeddable":true,"href":"https:\/\/news.filmelier.com\/br\/wp-json\/wp\/v2\/tags?post=18507"}],"curies":[{"name":"wp","href":"https:\/\/api.w.org\/{rel}","templated":true}]}}