{"id":18485,"date":"2021-08-31T12:20:46","date_gmt":"2021-08-31T15:20:46","guid":{"rendered":"https:\/\/www.filmelier.com\/br\/noticias\/?p=18485"},"modified":"2021-08-31T12:20:46","modified_gmt":"2021-08-31T15:20:46","slug":"james-bond-documentario-gratis","status":"publish","type":"post","link":"https:\/\/news.filmelier.com\/br\/james-bond-documentario-gratis\/","title":{"rendered":"James Bond ter\u00e1 document\u00e1rio gr\u00e1tis na Apple TV"},"content":{"rendered":"\n<p>Boa not\u00edcia para os f\u00e3s de James Bond: o agente secreto ser\u00e1 tema de um novo document\u00e1rio, chamado &#8216;Ser James Bond&#8217;, que ser\u00e1 disponibilizado de gra\u00e7a no app <a href=\"https:\/\/www.filmelier.com\/br\/platforms\/apple-tv\" class=\"rank-math-link\">Apple TV<\/a> entre 7 de setembro e 7 de outubro. Tudo para esquentar as turbinas para o pr\u00f3ximo longa-metragem do personagem, &#8216;007: Sem Tempo para Morrer&#8217;. <\/p>\n\n\n\n<p>Trata-se de uma retrospectiva especial de 45 minutos, onde o ator Daniel Craig reflete sobre sua aventura de 15 anos como James Bond. <\/p>\n\n\n\n<ul class=\"wp-block-list\"><li><strong>Leia tamb\u00e9m: <a href=\"https:\/\/www.filmelier.com\/br\/noticias\/amazon-prime-video-top-10-filmes-series\" class=\"rank-math-link\">Amazon Prime Video segue Netflix e lan\u00e7a top 10 de filmes e s\u00e9ries<\/a><\/strong><\/li><\/ul>\n\n\n\n<p>No filme, que tem imagens de arquivo in\u00e9ditas desde &#8216;007: Cassino Royale&#8217; at\u00e9 &#8216;007: Sem Tempo para Morrer&#8217;, o 25\u00ba filme de James Bond,  Craig compartilha suas mem\u00f3rias pessoais em uma conversa aberta e sincera com os produtores dos filmes do agente secreto, Michael G. Wilson e Barbara Broccoli, gravada durante as filmagens e antes da estreia da \u00faltima performance do ator como James Bond.<\/p>\n\n\n\n<p>Assista ao trailer:<\/p>\n\n\n\n<figure class=\"wp-block-embed-youtube wp-block-embed is-type-video is-provider-youtube wp-embed-aspect-16-9 wp-has-aspect-ratio\"><div class=\"wp-block-embed__wrapper\">\n<iframe title=\"SER JAMES BOND | Trailer\" width=\"800\" height=\"450\" src=\"https:\/\/www.youtube.com\/embed\/e7oWoNSbqvU?feature=oembed\" frameborder=\"0\" allow=\"accelerometer; autoplay; clipboard-write; encrypted-media; gyroscope; picture-in-picture; web-share\" referrerpolicy=\"strict-origin-when-cross-origin\" allowfullscreen><\/iframe>\n<\/div><\/figure>\n\n\n\n<h2 class=\"wp-block-heading\">A fase de Daniel Craig como James Bond<\/h2>\n\n\n\n<p>\u201cMuitas pessoas aqui trabalharam nos cinco filmes comigo\u201d, comenta Craig na conversa de &#8216;Ser James Bond&#8217;. O ator confessa: \u201cEu adorei cada segundo das filmagens desses cinco filmes, especialmente &#8216;007: Sem Tempo para Morrer&#8217;, porque eu acordava todas as manh\u00e3s e tinha a oportunidade de trabalhar com voc\u00eas. Essa foi uma das maiores honras da minha vida\u201d.<\/p>\n\n\n\n<p>A produtora Barbara Broccoli afirma no especial: \u201cDaniel conduziu este filme, o personagem, a s\u00e9rie, a um patamar t\u00e3o&#8230; extraordin\u00e1rio, t\u00e3o emocionalmente recompensador\u201d.<\/p>\n\n\n\n<p>Seu colega de produ\u00e7\u00e3o, Michael G. Wilson, complementa: \u201c\u00c9 emocionalmente dif\u00edcil constatar que este \u00e9 o \u00faltimo filme de Daniel como 007. \u00c9 dif\u00edcil para Barbara e para mim\u201d.<\/p>\n\n\n\n<p>O aplicativo Apple TV est\u00e1 dispon\u00edvel em dispositivos Roku e Amazon Fire TV, Chromecast com Google TV, PlayStation e Xbox &#8211; al\u00e9m, claro, no iPhone, iPad e Mac. A loca\u00e7\u00e3o do filme ser\u00e1 gratuita a partir de 7 de setembro. <\/p>\n\n\n\n<p>J\u00e1 o 25\u00ba filme da franquia James Bond, &#8216;007: Sem Tempo para Morrer&#8217;, ser\u00e1 lan\u00e7ado nos cinemas do Brasil em 30 de setembro &#8211; se a pandemia n\u00e3o mudar nada at\u00e9 l\u00e1. <\/p>\n\n\n\n<p class=\"has-text-align-center\"><strong>Siga o Filmelier no&nbsp;<a rel=\"noreferrer noopener\" href=\"https:\/\/www.facebook.com\/filmelierbr\" target=\"_blank\">Facebook<\/a>,&nbsp;<a rel=\"noreferrer noopener\" href=\"https:\/\/www.twitter.com\/filmelierbr\" target=\"_blank\">Twitter<\/a>,&nbsp;<a rel=\"noreferrer noopener\" href=\"https:\/\/www.instagram.com\/filmelierbr\" target=\"_blank\">Instagram<\/a>&nbsp;e&nbsp;<a rel=\"noreferrer noopener\" href=\"https:\/\/www.tiktok.com\/@filmelierbr\" target=\"_blank\">TikTok<\/a>.<\/strong><\/p>\n","protected":false},"excerpt":{"rendered":"<p>Com foco na trajet\u00f3ria de Daniel Craig no ic\u00f4nico papel, &#8216;Ser Bond&#8217; ficar\u00e1 dispon\u00edvel sem custo por um m\u00eas no app Apple TV<\/p>\n","protected":false},"author":14,"featured_media":17951,"comment_status":"closed","ping_status":"open","sticky":false,"template":"","format":"standard","meta":{"_acf_changed":false,"footnotes":""},"categories":[3482],"tags":[5973,6181,9792,3606,4266,9793,9794,4080],"class_list":["post-18485","post","type-post","status-publish","format-standard","has-post-thumbnail","hentry","category-filmes-br","tag-apple-tv","tag-daniel-craig","tag-de-graca","tag-documentario-br","tag-gratis-br","tag-jamed-bond","tag-ser-bond","tag-trailer-br"],"acf":{"subtitulo":"","id_ator":""},"yoast_head":"<!-- This site is optimized with the Yoast SEO plugin v26.1.1 - https:\/\/yoast.com\/wordpress\/plugins\/seo\/ -->\n<title>James Bond ter\u00e1 document\u00e1rio gr\u00e1tis na Apple TV - News Filmelier<\/title>\n<meta name=\"robots\" content=\"index, follow, max-snippet:-1, max-image-preview:large, max-video-preview:-1\" \/>\n<link rel=\"canonical\" href=\"https:\/\/news.filmelier.com\/br\/james-bond-documentario-gratis\/\" \/>\n<meta property=\"og:locale\" content=\"pt_BR\" \/>\n<meta property=\"og:type\" content=\"article\" \/>\n<meta property=\"og:title\" content=\"James Bond ter\u00e1 document\u00e1rio gr\u00e1tis na Apple TV - News Filmelier\" \/>\n<meta property=\"og:description\" content=\"Com foco na trajet\u00f3ria de Daniel Craig no ic\u00f4nico papel, &#039;Ser Bond&#039; ficar\u00e1 dispon\u00edvel sem custo por um m\u00eas no app Apple TV\" \/>\n<meta property=\"og:url\" content=\"https:\/\/news.filmelier.com\/br\/james-bond-documentario-gratis\/\" \/>\n<meta property=\"og:site_name\" content=\"News Filmelier\" \/>\n<meta property=\"article:published_time\" content=\"2021-08-31T15:20:46+00:00\" \/>\n<meta name=\"author\" content=\"Reda\u00e7\u00e3o Filmelier\" \/>\n<meta name=\"twitter:card\" content=\"summary_large_image\" \/>\n<meta name=\"twitter:label1\" content=\"Escrito por\" \/>\n\t<meta name=\"twitter:data1\" content=\"Reda\u00e7\u00e3o Filmelier\" \/>\n\t<meta name=\"twitter:label2\" content=\"Est. tempo de leitura\" \/>\n\t<meta name=\"twitter:data2\" content=\"2 minutos\" \/>\n<script type=\"application\/ld+json\" class=\"yoast-schema-graph\">{\"@context\":\"https:\/\/schema.org\",\"@graph\":[{\"@type\":\"Article\",\"@id\":\"https:\/\/news.filmelier.com\/br\/james-bond-documentario-gratis\/#article\",\"isPartOf\":{\"@id\":\"https:\/\/news.filmelier.com\/br\/james-bond-documentario-gratis\/\"},\"author\":{\"name\":\"Reda\u00e7\u00e3o Filmelier\",\"@id\":\"https:\/\/homolog.news.filmelier.com\/br\/#\/schema\/person\/a6491aa555ce96d9d1cc15f1742dbd7b\"},\"headline\":\"James Bond ter\u00e1 document\u00e1rio gr\u00e1tis na Apple TV\",\"datePublished\":\"2021-08-31T15:20:46+00:00\",\"mainEntityOfPage\":{\"@id\":\"https:\/\/news.filmelier.com\/br\/james-bond-documentario-gratis\/\"},\"wordCount\":387,\"publisher\":{\"@id\":\"https:\/\/homolog.news.filmelier.com\/br\/#organization\"},\"image\":{\"@id\":\"https:\/\/news.filmelier.com\/br\/james-bond-documentario-gratis\/#primaryimage\"},\"thumbnailUrl\":\"\",\"keywords\":[\"Apple TV+\",\"Daniel Craig\",\"de gra\u00e7a\",\"document\u00e1rio\",\"gr\u00e1tis\",\"Jamed Bond\",\"Ser Bond\",\"trailer\"],\"articleSection\":[\"Filmes\"],\"inLanguage\":\"pt-BR\"},{\"@type\":\"WebPage\",\"@id\":\"https:\/\/news.filmelier.com\/br\/james-bond-documentario-gratis\/\",\"url\":\"https:\/\/news.filmelier.com\/br\/james-bond-documentario-gratis\/\",\"name\":\"James Bond ter\u00e1 document\u00e1rio gr\u00e1tis na Apple TV - News Filmelier\",\"isPartOf\":{\"@id\":\"https:\/\/homolog.news.filmelier.com\/br\/#website\"},\"primaryImageOfPage\":{\"@id\":\"https:\/\/news.filmelier.com\/br\/james-bond-documentario-gratis\/#primaryimage\"},\"image\":{\"@id\":\"https:\/\/news.filmelier.com\/br\/james-bond-documentario-gratis\/#primaryimage\"},\"thumbnailUrl\":\"\",\"datePublished\":\"2021-08-31T15:20:46+00:00\",\"breadcrumb\":{\"@id\":\"https:\/\/news.filmelier.com\/br\/james-bond-documentario-gratis\/#breadcrumb\"},\"inLanguage\":\"pt-BR\",\"potentialAction\":[{\"@type\":\"ReadAction\",\"target\":[\"https:\/\/news.filmelier.com\/br\/james-bond-documentario-gratis\/\"]}]},{\"@type\":\"ImageObject\",\"inLanguage\":\"pt-BR\",\"@id\":\"https:\/\/news.filmelier.com\/br\/james-bond-documentario-gratis\/#primaryimage\",\"url\":\"\",\"contentUrl\":\"\"},{\"@type\":\"BreadcrumbList\",\"@id\":\"https:\/\/news.filmelier.com\/br\/james-bond-documentario-gratis\/#breadcrumb\",\"itemListElement\":[{\"@type\":\"ListItem\",\"position\":1,\"name\":\"In\u00edcio\",\"item\":\"https:\/\/homolog.news.filmelier.com\/br\/\"},{\"@type\":\"ListItem\",\"position\":2,\"name\":\"James Bond ter\u00e1 document\u00e1rio gr\u00e1tis na Apple TV\"}]},{\"@type\":\"WebSite\",\"@id\":\"https:\/\/homolog.news.filmelier.com\/br\/#website\",\"url\":\"https:\/\/homolog.news.filmelier.com\/br\/\",\"name\":\"Homolog Filmelier News Rankrup\",\"description\":\"\",\"publisher\":{\"@id\":\"https:\/\/homolog.news.filmelier.com\/br\/#organization\"},\"potentialAction\":[{\"@type\":\"SearchAction\",\"target\":{\"@type\":\"EntryPoint\",\"urlTemplate\":\"https:\/\/homolog.news.filmelier.com\/br\/?s={search_term_string}\"},\"query-input\":{\"@type\":\"PropertyValueSpecification\",\"valueRequired\":true,\"valueName\":\"search_term_string\"}}],\"inLanguage\":\"pt-BR\"},{\"@type\":\"Organization\",\"@id\":\"https:\/\/homolog.news.filmelier.com\/br\/#organization\",\"name\":\"Homolog Filmelier News Rankrup\",\"url\":\"https:\/\/homolog.news.filmelier.com\/br\/\",\"logo\":{\"@type\":\"ImageObject\",\"inLanguage\":\"pt-BR\",\"@id\":\"https:\/\/homolog.news.filmelier.com\/br\/#\/schema\/logo\/image\/\",\"url\":\"https:\/\/news.filmelier.com\/wp-content\/uploads\/2024\/11\/Logo-News.png\",\"contentUrl\":\"https:\/\/news.filmelier.com\/wp-content\/uploads\/2024\/11\/Logo-News.png\",\"width\":460,\"height\":108,\"caption\":\"Homolog Filmelier News Rankrup\"},\"image\":{\"@id\":\"https:\/\/homolog.news.filmelier.com\/br\/#\/schema\/logo\/image\/\"}},{\"@type\":\"Person\",\"@id\":\"https:\/\/homolog.news.filmelier.com\/br\/#\/schema\/person\/a6491aa555ce96d9d1cc15f1742dbd7b\",\"name\":\"Reda\u00e7\u00e3o Filmelier\",\"image\":{\"@type\":\"ImageObject\",\"inLanguage\":\"pt-BR\",\"@id\":\"https:\/\/homolog.news.filmelier.com\/br\/#\/schema\/person\/image\/\",\"url\":\"https:\/\/secure.gravatar.com\/avatar\/8bf80419447553f32d821a953683c4666faca8d781f143825a02644ae3f7e2d0?s=96&d=mm&r=g\",\"contentUrl\":\"https:\/\/secure.gravatar.com\/avatar\/8bf80419447553f32d821a953683c4666faca8d781f143825a02644ae3f7e2d0?s=96&d=mm&r=g\",\"caption\":\"Reda\u00e7\u00e3o Filmelier\"},\"description\":\"Somos um time de jornalistas e cr\u00edticos que respira cinema a 24 quadros por segundo. Das estreias do circuito aos cl\u00e1ssicos restaurados, da curadoria em streamings \u00e0s entrevistas nos bastidores, nossa reda\u00e7\u00e3o transforma filmes em conte\u00fado inteligente \u2014 com an\u00e1lises afiadas, guias pr\u00e1ticos e hist\u00f3rias que fazem voc\u00ea ver a s\u00e9tima arte com outros olhos. Aqui no Filmelier, cinema n\u00e3o \u00e9 s\u00f3 lazer: \u00e9 of\u00edcio, \u00e9 expertise, \u00e9 paix\u00e3o em forma de texto.\",\"url\":\"https:\/\/news.filmelier.com\/br\/author\/contato-filmelier\/\"}]}<\/script>\n<!-- \/ Yoast SEO plugin. -->","yoast_head_json":{"title":"James Bond ter\u00e1 document\u00e1rio gr\u00e1tis na Apple TV - News Filmelier","robots":{"index":"index","follow":"follow","max-snippet":"max-snippet:-1","max-image-preview":"max-image-preview:large","max-video-preview":"max-video-preview:-1"},"canonical":"https:\/\/news.filmelier.com\/br\/james-bond-documentario-gratis\/","og_locale":"pt_BR","og_type":"article","og_title":"James Bond ter\u00e1 document\u00e1rio gr\u00e1tis na Apple TV - News Filmelier","og_description":"Com foco na trajet\u00f3ria de Daniel Craig no ic\u00f4nico papel, 'Ser Bond' ficar\u00e1 dispon\u00edvel sem custo por um m\u00eas no app Apple TV","og_url":"https:\/\/news.filmelier.com\/br\/james-bond-documentario-gratis\/","og_site_name":"News Filmelier","article_published_time":"2021-08-31T15:20:46+00:00","author":"Reda\u00e7\u00e3o Filmelier","twitter_card":"summary_large_image","twitter_misc":{"Escrito por":"Reda\u00e7\u00e3o Filmelier","Est. tempo de leitura":"2 minutos"},"schema":{"@context":"https:\/\/schema.org","@graph":[{"@type":"Article","@id":"https:\/\/news.filmelier.com\/br\/james-bond-documentario-gratis\/#article","isPartOf":{"@id":"https:\/\/news.filmelier.com\/br\/james-bond-documentario-gratis\/"},"author":{"name":"Reda\u00e7\u00e3o Filmelier","@id":"https:\/\/homolog.news.filmelier.com\/br\/#\/schema\/person\/a6491aa555ce96d9d1cc15f1742dbd7b"},"headline":"James Bond ter\u00e1 document\u00e1rio gr\u00e1tis na Apple TV","datePublished":"2021-08-31T15:20:46+00:00","mainEntityOfPage":{"@id":"https:\/\/news.filmelier.com\/br\/james-bond-documentario-gratis\/"},"wordCount":387,"publisher":{"@id":"https:\/\/homolog.news.filmelier.com\/br\/#organization"},"image":{"@id":"https:\/\/news.filmelier.com\/br\/james-bond-documentario-gratis\/#primaryimage"},"thumbnailUrl":"","keywords":["Apple TV+","Daniel Craig","de gra\u00e7a","document\u00e1rio","gr\u00e1tis","Jamed Bond","Ser Bond","trailer"],"articleSection":["Filmes"],"inLanguage":"pt-BR"},{"@type":"WebPage","@id":"https:\/\/news.filmelier.com\/br\/james-bond-documentario-gratis\/","url":"https:\/\/news.filmelier.com\/br\/james-bond-documentario-gratis\/","name":"James Bond ter\u00e1 document\u00e1rio gr\u00e1tis na Apple TV - News Filmelier","isPartOf":{"@id":"https:\/\/homolog.news.filmelier.com\/br\/#website"},"primaryImageOfPage":{"@id":"https:\/\/news.filmelier.com\/br\/james-bond-documentario-gratis\/#primaryimage"},"image":{"@id":"https:\/\/news.filmelier.com\/br\/james-bond-documentario-gratis\/#primaryimage"},"thumbnailUrl":"","datePublished":"2021-08-31T15:20:46+00:00","breadcrumb":{"@id":"https:\/\/news.filmelier.com\/br\/james-bond-documentario-gratis\/#breadcrumb"},"inLanguage":"pt-BR","potentialAction":[{"@type":"ReadAction","target":["https:\/\/news.filmelier.com\/br\/james-bond-documentario-gratis\/"]}]},{"@type":"ImageObject","inLanguage":"pt-BR","@id":"https:\/\/news.filmelier.com\/br\/james-bond-documentario-gratis\/#primaryimage","url":"","contentUrl":""},{"@type":"BreadcrumbList","@id":"https:\/\/news.filmelier.com\/br\/james-bond-documentario-gratis\/#breadcrumb","itemListElement":[{"@type":"ListItem","position":1,"name":"In\u00edcio","item":"https:\/\/homolog.news.filmelier.com\/br\/"},{"@type":"ListItem","position":2,"name":"James Bond ter\u00e1 document\u00e1rio gr\u00e1tis na Apple TV"}]},{"@type":"WebSite","@id":"https:\/\/homolog.news.filmelier.com\/br\/#website","url":"https:\/\/homolog.news.filmelier.com\/br\/","name":"Homolog Filmelier News Rankrup","description":"","publisher":{"@id":"https:\/\/homolog.news.filmelier.com\/br\/#organization"},"potentialAction":[{"@type":"SearchAction","target":{"@type":"EntryPoint","urlTemplate":"https:\/\/homolog.news.filmelier.com\/br\/?s={search_term_string}"},"query-input":{"@type":"PropertyValueSpecification","valueRequired":true,"valueName":"search_term_string"}}],"inLanguage":"pt-BR"},{"@type":"Organization","@id":"https:\/\/homolog.news.filmelier.com\/br\/#organization","name":"Homolog Filmelier News Rankrup","url":"https:\/\/homolog.news.filmelier.com\/br\/","logo":{"@type":"ImageObject","inLanguage":"pt-BR","@id":"https:\/\/homolog.news.filmelier.com\/br\/#\/schema\/logo\/image\/","url":"https:\/\/news.filmelier.com\/wp-content\/uploads\/2024\/11\/Logo-News.png","contentUrl":"https:\/\/news.filmelier.com\/wp-content\/uploads\/2024\/11\/Logo-News.png","width":460,"height":108,"caption":"Homolog Filmelier News Rankrup"},"image":{"@id":"https:\/\/homolog.news.filmelier.com\/br\/#\/schema\/logo\/image\/"}},{"@type":"Person","@id":"https:\/\/homolog.news.filmelier.com\/br\/#\/schema\/person\/a6491aa555ce96d9d1cc15f1742dbd7b","name":"Reda\u00e7\u00e3o Filmelier","image":{"@type":"ImageObject","inLanguage":"pt-BR","@id":"https:\/\/homolog.news.filmelier.com\/br\/#\/schema\/person\/image\/","url":"https:\/\/secure.gravatar.com\/avatar\/8bf80419447553f32d821a953683c4666faca8d781f143825a02644ae3f7e2d0?s=96&d=mm&r=g","contentUrl":"https:\/\/secure.gravatar.com\/avatar\/8bf80419447553f32d821a953683c4666faca8d781f143825a02644ae3f7e2d0?s=96&d=mm&r=g","caption":"Reda\u00e7\u00e3o Filmelier"},"description":"Somos um time de jornalistas e cr\u00edticos que respira cinema a 24 quadros por segundo. Das estreias do circuito aos cl\u00e1ssicos restaurados, da curadoria em streamings \u00e0s entrevistas nos bastidores, nossa reda\u00e7\u00e3o transforma filmes em conte\u00fado inteligente \u2014 com an\u00e1lises afiadas, guias pr\u00e1ticos e hist\u00f3rias que fazem voc\u00ea ver a s\u00e9tima arte com outros olhos. Aqui no Filmelier, cinema n\u00e3o \u00e9 s\u00f3 lazer: \u00e9 of\u00edcio, \u00e9 expertise, \u00e9 paix\u00e3o em forma de texto.","url":"https:\/\/news.filmelier.com\/br\/author\/contato-filmelier\/"}]}},"_links":{"self":[{"href":"https:\/\/news.filmelier.com\/br\/wp-json\/wp\/v2\/posts\/18485","targetHints":{"allow":["GET"]}}],"collection":[{"href":"https:\/\/news.filmelier.com\/br\/wp-json\/wp\/v2\/posts"}],"about":[{"href":"https:\/\/news.filmelier.com\/br\/wp-json\/wp\/v2\/types\/post"}],"author":[{"embeddable":true,"href":"https:\/\/news.filmelier.com\/br\/wp-json\/wp\/v2\/users\/14"}],"replies":[{"embeddable":true,"href":"https:\/\/news.filmelier.com\/br\/wp-json\/wp\/v2\/comments?post=18485"}],"version-history":[{"count":0,"href":"https:\/\/news.filmelier.com\/br\/wp-json\/wp\/v2\/posts\/18485\/revisions"}],"wp:featuredmedia":[{"embeddable":true,"href":"https:\/\/news.filmelier.com\/br\/wp-json\/"}],"wp:attachment":[{"href":"https:\/\/news.filmelier.com\/br\/wp-json\/wp\/v2\/media?parent=18485"}],"wp:term":[{"taxonomy":"category","embeddable":true,"href":"https:\/\/news.filmelier.com\/br\/wp-json\/wp\/v2\/categories?post=18485"},{"taxonomy":"post_tag","embeddable":true,"href":"https:\/\/news.filmelier.com\/br\/wp-json\/wp\/v2\/tags?post=18485"}],"curies":[{"name":"wp","href":"https:\/\/api.w.org\/{rel}","templated":true}]}}