{"id":18253,"date":"2021-08-26T12:27:27","date_gmt":"2021-08-26T15:27:27","guid":{"rendered":"https:\/\/www.filmelier.com\/br\/noticias\/?p=18253"},"modified":"2021-08-26T12:27:27","modified_gmt":"2021-08-26T15:27:27","slug":"ricardo-darin-amazon-studios","status":"publish","type":"post","link":"https:\/\/news.filmelier.com\/br\/ricardo-darin-amazon-studios\/","title":{"rendered":"Ricardo Dar\u00edn estrelar\u00e1 filme da Amazon Studios sobre ditadura na Argentina"},"content":{"rendered":"\n<p>Nesta semana, come\u00e7aram as filmagens de &#8216;Argentina, 1985&#8217;, filme coproduzido pelo Amazon Studios, pela La Uni\u00f3n de los R\u00edos, Kenya Films e Infinity Hill. A produ\u00e7\u00e3o, estrelada por Ricardo Dar\u00edn, \u00e9 inspirada na hist\u00f3ria real de um grupo &#8211; liderado por Julio Strassera e Luis Moreno Ocampo &#8211; que foi contra a ditadura militar na Argentina para fazer justi\u00e7a \u00e0s v\u00edtimas da junta militar.<\/p>\n\n\n\n<figure class=\"wp-block-image size-large\"><img decoding=\"async\" src=\"https:\/\/www.filmelier.com\/br\/noticias\/wp-content\/uploads\/2021\/08\/El_secreto_de_sus_ojos-600538321-large.jpg\" alt=\"Ricardo Dar\u00edn estrela filme da Amazon Studios sobre ditadura na Argentina\" class=\"wp-image-18255\"\/><figcaption><em>Cena de &#8216;O Segredos de Seus Olhos&#8217; (Cr\u00e9dito: Divulga\u00e7\u00e3o\/Sony Pictures)<\/em><\/figcaption><\/figure>\n\n\n\n<p>No filme, Dar\u00edn (&#8216;O Segredo de Seus Olhos&#8217;) protagoniza no papel de Julio Strassera e Peter Lanzani (&#8216;O Cl\u00e3&#8217;) como Luis Moreno Ocampo, o longa tem dire\u00e7\u00e3o de Santiago Mitre (&#8216;A Cordilheira&#8217;) e roteiro de Mitre e Mariano Llin\u00e1s (&#8216;Hist\u00f3rias Extraordin\u00e1rias&#8217;).<\/p>\n\n\n\n<p>\u201c\u00c9 empolgante fazer parte de um projeto t\u00e3o ambicioso que levar\u00e1 o p\u00fablico a uma jornada por um ponto crucial na hist\u00f3ria da Argentina\u201d, disse Javiera Balmaceda, Head de Conte\u00fado Original de Pa\u00edses Latinos de L\u00edngua Espanhola do Amazon Studios em comunicado \u00e0 imprensa.<\/p>\n\n\n\n<p>Filmado nos locais onde a hist\u00f3ria realmente aconteceu, &#8216;Argentina, 1985&#8217; ter\u00e1 um lan\u00e7amento nos cinemas argentinos antes de estrear exclusivamente no Amazon Prime Video em mais de 240 pa\u00edses e territ\u00f3rios em todo o mundo.<\/p>\n\n\n\n<p>At\u00e9 o momento, a produ\u00e7\u00e3o ainda n\u00e3o tem data de lan\u00e7amento.<\/p>\n\n\n\n<p class=\"has-text-align-center\"><strong>Siga o Filmelier no&nbsp;<a rel=\"noreferrer noopener\" href=\"https:\/\/www.facebook.com\/filmelierbr\" target=\"_blank\">Facebook<\/a>,&nbsp;<a rel=\"noreferrer noopener\" href=\"https:\/\/www.twitter.com\/filmelierbr\" target=\"_blank\">Twitter<\/a>,&nbsp;<a rel=\"noreferrer noopener\" href=\"https:\/\/www.instagram.com\/filmelierbr\" target=\"_blank\">Instagram<\/a>&nbsp;e&nbsp;<a rel=\"noreferrer noopener\" href=\"https:\/\/www.tiktok.com\/@filmelierbr\" target=\"_blank\">TikTok<\/a>.<\/strong><\/p>\n","protected":false},"excerpt":{"rendered":"<p>O filme ter\u00e1 a dire\u00e7\u00e3o do premiado Santiago Mitre e \u00e9 inspirado em uma hist\u00f3ria real que marcou o pa\u00eds<\/p>\n","protected":false},"author":14,"featured_media":18260,"comment_status":"closed","ping_status":"open","sticky":false,"template":"","format":"standard","meta":{"_acf_changed":false,"footnotes":""},"categories":[3482],"tags":[6107,3428,6978,6014,9791,6980],"class_list":["post-18253","post","type-post","status-publish","format-standard","has-post-thumbnail","hentry","category-filmes-br","tag-amazon-prime-video","tag-amazon-studios","tag-argentina","tag-drama","tag-fatos-reais","tag-ricardo-darin"],"acf":{"subtitulo":"","id_ator":""},"yoast_head":"<!-- This site is optimized with the Yoast SEO plugin v26.1.1 - https:\/\/yoast.com\/wordpress\/plugins\/seo\/ -->\n<title>Ricardo Dar\u00edn estrelar\u00e1 filme da Amazon Studios sobre ditadura na Argentina - News Filmelier<\/title>\n<meta name=\"robots\" content=\"index, follow, max-snippet:-1, max-image-preview:large, max-video-preview:-1\" \/>\n<link rel=\"canonical\" href=\"https:\/\/news.filmelier.com\/br\/ricardo-darin-amazon-studios\/\" \/>\n<meta property=\"og:locale\" content=\"pt_BR\" \/>\n<meta property=\"og:type\" content=\"article\" \/>\n<meta property=\"og:title\" content=\"Ricardo Dar\u00edn estrelar\u00e1 filme da Amazon Studios sobre ditadura na Argentina - News Filmelier\" \/>\n<meta property=\"og:description\" content=\"O filme ter\u00e1 a dire\u00e7\u00e3o do premiado Santiago Mitre e \u00e9 inspirado em uma hist\u00f3ria real que marcou o pa\u00eds\" \/>\n<meta property=\"og:url\" content=\"https:\/\/news.filmelier.com\/br\/ricardo-darin-amazon-studios\/\" \/>\n<meta property=\"og:site_name\" content=\"News Filmelier\" \/>\n<meta property=\"article:published_time\" content=\"2021-08-26T15:27:27+00:00\" \/>\n<meta name=\"author\" content=\"Reda\u00e7\u00e3o Filmelier\" \/>\n<meta name=\"twitter:card\" content=\"summary_large_image\" \/>\n<meta name=\"twitter:label1\" content=\"Escrito por\" \/>\n\t<meta name=\"twitter:data1\" content=\"Reda\u00e7\u00e3o Filmelier\" \/>\n\t<meta name=\"twitter:label2\" content=\"Est. tempo de leitura\" \/>\n\t<meta name=\"twitter:data2\" content=\"1 minuto\" \/>\n<script type=\"application\/ld+json\" class=\"yoast-schema-graph\">{\"@context\":\"https:\/\/schema.org\",\"@graph\":[{\"@type\":\"Article\",\"@id\":\"https:\/\/news.filmelier.com\/br\/ricardo-darin-amazon-studios\/#article\",\"isPartOf\":{\"@id\":\"https:\/\/news.filmelier.com\/br\/ricardo-darin-amazon-studios\/\"},\"author\":{\"name\":\"Reda\u00e7\u00e3o Filmelier\",\"@id\":\"https:\/\/homolog.news.filmelier.com\/br\/#\/schema\/person\/a6491aa555ce96d9d1cc15f1742dbd7b\"},\"headline\":\"Ricardo Dar\u00edn estrelar\u00e1 filme da Amazon Studios sobre ditadura na Argentina\",\"datePublished\":\"2021-08-26T15:27:27+00:00\",\"mainEntityOfPage\":{\"@id\":\"https:\/\/news.filmelier.com\/br\/ricardo-darin-amazon-studios\/\"},\"wordCount\":254,\"publisher\":{\"@id\":\"https:\/\/homolog.news.filmelier.com\/br\/#organization\"},\"image\":{\"@id\":\"https:\/\/news.filmelier.com\/br\/ricardo-darin-amazon-studios\/#primaryimage\"},\"thumbnailUrl\":\"\",\"keywords\":[\"Amazon Prime Video\",\"Amazon Studios\",\"Argentina\",\"Drama\",\"fatos reais\",\"Ricardo Dar\u00edn\"],\"articleSection\":[\"Filmes\"],\"inLanguage\":\"pt-BR\"},{\"@type\":\"WebPage\",\"@id\":\"https:\/\/news.filmelier.com\/br\/ricardo-darin-amazon-studios\/\",\"url\":\"https:\/\/news.filmelier.com\/br\/ricardo-darin-amazon-studios\/\",\"name\":\"Ricardo Dar\u00edn estrelar\u00e1 filme da Amazon Studios sobre ditadura na Argentina - News Filmelier\",\"isPartOf\":{\"@id\":\"https:\/\/homolog.news.filmelier.com\/br\/#website\"},\"primaryImageOfPage\":{\"@id\":\"https:\/\/news.filmelier.com\/br\/ricardo-darin-amazon-studios\/#primaryimage\"},\"image\":{\"@id\":\"https:\/\/news.filmelier.com\/br\/ricardo-darin-amazon-studios\/#primaryimage\"},\"thumbnailUrl\":\"\",\"datePublished\":\"2021-08-26T15:27:27+00:00\",\"breadcrumb\":{\"@id\":\"https:\/\/news.filmelier.com\/br\/ricardo-darin-amazon-studios\/#breadcrumb\"},\"inLanguage\":\"pt-BR\",\"potentialAction\":[{\"@type\":\"ReadAction\",\"target\":[\"https:\/\/news.filmelier.com\/br\/ricardo-darin-amazon-studios\/\"]}]},{\"@type\":\"ImageObject\",\"inLanguage\":\"pt-BR\",\"@id\":\"https:\/\/news.filmelier.com\/br\/ricardo-darin-amazon-studios\/#primaryimage\",\"url\":\"\",\"contentUrl\":\"\"},{\"@type\":\"BreadcrumbList\",\"@id\":\"https:\/\/news.filmelier.com\/br\/ricardo-darin-amazon-studios\/#breadcrumb\",\"itemListElement\":[{\"@type\":\"ListItem\",\"position\":1,\"name\":\"In\u00edcio\",\"item\":\"https:\/\/homolog.news.filmelier.com\/br\/\"},{\"@type\":\"ListItem\",\"position\":2,\"name\":\"Ricardo Dar\u00edn estrelar\u00e1 filme da Amazon Studios sobre ditadura na Argentina\"}]},{\"@type\":\"WebSite\",\"@id\":\"https:\/\/homolog.news.filmelier.com\/br\/#website\",\"url\":\"https:\/\/homolog.news.filmelier.com\/br\/\",\"name\":\"Homolog Filmelier News Rankrup\",\"description\":\"\",\"publisher\":{\"@id\":\"https:\/\/homolog.news.filmelier.com\/br\/#organization\"},\"potentialAction\":[{\"@type\":\"SearchAction\",\"target\":{\"@type\":\"EntryPoint\",\"urlTemplate\":\"https:\/\/homolog.news.filmelier.com\/br\/?s={search_term_string}\"},\"query-input\":{\"@type\":\"PropertyValueSpecification\",\"valueRequired\":true,\"valueName\":\"search_term_string\"}}],\"inLanguage\":\"pt-BR\"},{\"@type\":\"Organization\",\"@id\":\"https:\/\/homolog.news.filmelier.com\/br\/#organization\",\"name\":\"Homolog Filmelier News Rankrup\",\"url\":\"https:\/\/homolog.news.filmelier.com\/br\/\",\"logo\":{\"@type\":\"ImageObject\",\"inLanguage\":\"pt-BR\",\"@id\":\"https:\/\/homolog.news.filmelier.com\/br\/#\/schema\/logo\/image\/\",\"url\":\"https:\/\/news.filmelier.com\/wp-content\/uploads\/2024\/11\/Logo-News.png\",\"contentUrl\":\"https:\/\/news.filmelier.com\/wp-content\/uploads\/2024\/11\/Logo-News.png\",\"width\":460,\"height\":108,\"caption\":\"Homolog Filmelier News Rankrup\"},\"image\":{\"@id\":\"https:\/\/homolog.news.filmelier.com\/br\/#\/schema\/logo\/image\/\"}},{\"@type\":\"Person\",\"@id\":\"https:\/\/homolog.news.filmelier.com\/br\/#\/schema\/person\/a6491aa555ce96d9d1cc15f1742dbd7b\",\"name\":\"Reda\u00e7\u00e3o Filmelier\",\"image\":{\"@type\":\"ImageObject\",\"inLanguage\":\"pt-BR\",\"@id\":\"https:\/\/homolog.news.filmelier.com\/br\/#\/schema\/person\/image\/\",\"url\":\"https:\/\/secure.gravatar.com\/avatar\/8bf80419447553f32d821a953683c4666faca8d781f143825a02644ae3f7e2d0?s=96&d=mm&r=g\",\"contentUrl\":\"https:\/\/secure.gravatar.com\/avatar\/8bf80419447553f32d821a953683c4666faca8d781f143825a02644ae3f7e2d0?s=96&d=mm&r=g\",\"caption\":\"Reda\u00e7\u00e3o Filmelier\"},\"description\":\"Somos um time de jornalistas e cr\u00edticos que respira cinema a 24 quadros por segundo. Das estreias do circuito aos cl\u00e1ssicos restaurados, da curadoria em streamings \u00e0s entrevistas nos bastidores, nossa reda\u00e7\u00e3o transforma filmes em conte\u00fado inteligente \u2014 com an\u00e1lises afiadas, guias pr\u00e1ticos e hist\u00f3rias que fazem voc\u00ea ver a s\u00e9tima arte com outros olhos. Aqui no Filmelier, cinema n\u00e3o \u00e9 s\u00f3 lazer: \u00e9 of\u00edcio, \u00e9 expertise, \u00e9 paix\u00e3o em forma de texto.\",\"url\":\"https:\/\/news.filmelier.com\/br\/author\/contato-filmelier\/\"}]}<\/script>\n<!-- \/ Yoast SEO plugin. -->","yoast_head_json":{"title":"Ricardo Dar\u00edn estrelar\u00e1 filme da Amazon Studios sobre ditadura na Argentina - News Filmelier","robots":{"index":"index","follow":"follow","max-snippet":"max-snippet:-1","max-image-preview":"max-image-preview:large","max-video-preview":"max-video-preview:-1"},"canonical":"https:\/\/news.filmelier.com\/br\/ricardo-darin-amazon-studios\/","og_locale":"pt_BR","og_type":"article","og_title":"Ricardo Dar\u00edn estrelar\u00e1 filme da Amazon Studios sobre ditadura na Argentina - News Filmelier","og_description":"O filme ter\u00e1 a dire\u00e7\u00e3o do premiado Santiago Mitre e \u00e9 inspirado em uma hist\u00f3ria real que marcou o pa\u00eds","og_url":"https:\/\/news.filmelier.com\/br\/ricardo-darin-amazon-studios\/","og_site_name":"News Filmelier","article_published_time":"2021-08-26T15:27:27+00:00","author":"Reda\u00e7\u00e3o Filmelier","twitter_card":"summary_large_image","twitter_misc":{"Escrito por":"Reda\u00e7\u00e3o Filmelier","Est. tempo de leitura":"1 minuto"},"schema":{"@context":"https:\/\/schema.org","@graph":[{"@type":"Article","@id":"https:\/\/news.filmelier.com\/br\/ricardo-darin-amazon-studios\/#article","isPartOf":{"@id":"https:\/\/news.filmelier.com\/br\/ricardo-darin-amazon-studios\/"},"author":{"name":"Reda\u00e7\u00e3o Filmelier","@id":"https:\/\/homolog.news.filmelier.com\/br\/#\/schema\/person\/a6491aa555ce96d9d1cc15f1742dbd7b"},"headline":"Ricardo Dar\u00edn estrelar\u00e1 filme da Amazon Studios sobre ditadura na Argentina","datePublished":"2021-08-26T15:27:27+00:00","mainEntityOfPage":{"@id":"https:\/\/news.filmelier.com\/br\/ricardo-darin-amazon-studios\/"},"wordCount":254,"publisher":{"@id":"https:\/\/homolog.news.filmelier.com\/br\/#organization"},"image":{"@id":"https:\/\/news.filmelier.com\/br\/ricardo-darin-amazon-studios\/#primaryimage"},"thumbnailUrl":"","keywords":["Amazon Prime Video","Amazon Studios","Argentina","Drama","fatos reais","Ricardo Dar\u00edn"],"articleSection":["Filmes"],"inLanguage":"pt-BR"},{"@type":"WebPage","@id":"https:\/\/news.filmelier.com\/br\/ricardo-darin-amazon-studios\/","url":"https:\/\/news.filmelier.com\/br\/ricardo-darin-amazon-studios\/","name":"Ricardo Dar\u00edn estrelar\u00e1 filme da Amazon Studios sobre ditadura na Argentina - News Filmelier","isPartOf":{"@id":"https:\/\/homolog.news.filmelier.com\/br\/#website"},"primaryImageOfPage":{"@id":"https:\/\/news.filmelier.com\/br\/ricardo-darin-amazon-studios\/#primaryimage"},"image":{"@id":"https:\/\/news.filmelier.com\/br\/ricardo-darin-amazon-studios\/#primaryimage"},"thumbnailUrl":"","datePublished":"2021-08-26T15:27:27+00:00","breadcrumb":{"@id":"https:\/\/news.filmelier.com\/br\/ricardo-darin-amazon-studios\/#breadcrumb"},"inLanguage":"pt-BR","potentialAction":[{"@type":"ReadAction","target":["https:\/\/news.filmelier.com\/br\/ricardo-darin-amazon-studios\/"]}]},{"@type":"ImageObject","inLanguage":"pt-BR","@id":"https:\/\/news.filmelier.com\/br\/ricardo-darin-amazon-studios\/#primaryimage","url":"","contentUrl":""},{"@type":"BreadcrumbList","@id":"https:\/\/news.filmelier.com\/br\/ricardo-darin-amazon-studios\/#breadcrumb","itemListElement":[{"@type":"ListItem","position":1,"name":"In\u00edcio","item":"https:\/\/homolog.news.filmelier.com\/br\/"},{"@type":"ListItem","position":2,"name":"Ricardo Dar\u00edn estrelar\u00e1 filme da Amazon Studios sobre ditadura na Argentina"}]},{"@type":"WebSite","@id":"https:\/\/homolog.news.filmelier.com\/br\/#website","url":"https:\/\/homolog.news.filmelier.com\/br\/","name":"Homolog Filmelier News Rankrup","description":"","publisher":{"@id":"https:\/\/homolog.news.filmelier.com\/br\/#organization"},"potentialAction":[{"@type":"SearchAction","target":{"@type":"EntryPoint","urlTemplate":"https:\/\/homolog.news.filmelier.com\/br\/?s={search_term_string}"},"query-input":{"@type":"PropertyValueSpecification","valueRequired":true,"valueName":"search_term_string"}}],"inLanguage":"pt-BR"},{"@type":"Organization","@id":"https:\/\/homolog.news.filmelier.com\/br\/#organization","name":"Homolog Filmelier News Rankrup","url":"https:\/\/homolog.news.filmelier.com\/br\/","logo":{"@type":"ImageObject","inLanguage":"pt-BR","@id":"https:\/\/homolog.news.filmelier.com\/br\/#\/schema\/logo\/image\/","url":"https:\/\/news.filmelier.com\/wp-content\/uploads\/2024\/11\/Logo-News.png","contentUrl":"https:\/\/news.filmelier.com\/wp-content\/uploads\/2024\/11\/Logo-News.png","width":460,"height":108,"caption":"Homolog Filmelier News Rankrup"},"image":{"@id":"https:\/\/homolog.news.filmelier.com\/br\/#\/schema\/logo\/image\/"}},{"@type":"Person","@id":"https:\/\/homolog.news.filmelier.com\/br\/#\/schema\/person\/a6491aa555ce96d9d1cc15f1742dbd7b","name":"Reda\u00e7\u00e3o Filmelier","image":{"@type":"ImageObject","inLanguage":"pt-BR","@id":"https:\/\/homolog.news.filmelier.com\/br\/#\/schema\/person\/image\/","url":"https:\/\/secure.gravatar.com\/avatar\/8bf80419447553f32d821a953683c4666faca8d781f143825a02644ae3f7e2d0?s=96&d=mm&r=g","contentUrl":"https:\/\/secure.gravatar.com\/avatar\/8bf80419447553f32d821a953683c4666faca8d781f143825a02644ae3f7e2d0?s=96&d=mm&r=g","caption":"Reda\u00e7\u00e3o Filmelier"},"description":"Somos um time de jornalistas e cr\u00edticos que respira cinema a 24 quadros por segundo. Das estreias do circuito aos cl\u00e1ssicos restaurados, da curadoria em streamings \u00e0s entrevistas nos bastidores, nossa reda\u00e7\u00e3o transforma filmes em conte\u00fado inteligente \u2014 com an\u00e1lises afiadas, guias pr\u00e1ticos e hist\u00f3rias que fazem voc\u00ea ver a s\u00e9tima arte com outros olhos. Aqui no Filmelier, cinema n\u00e3o \u00e9 s\u00f3 lazer: \u00e9 of\u00edcio, \u00e9 expertise, \u00e9 paix\u00e3o em forma de texto.","url":"https:\/\/news.filmelier.com\/br\/author\/contato-filmelier\/"}]}},"_links":{"self":[{"href":"https:\/\/news.filmelier.com\/br\/wp-json\/wp\/v2\/posts\/18253","targetHints":{"allow":["GET"]}}],"collection":[{"href":"https:\/\/news.filmelier.com\/br\/wp-json\/wp\/v2\/posts"}],"about":[{"href":"https:\/\/news.filmelier.com\/br\/wp-json\/wp\/v2\/types\/post"}],"author":[{"embeddable":true,"href":"https:\/\/news.filmelier.com\/br\/wp-json\/wp\/v2\/users\/14"}],"replies":[{"embeddable":true,"href":"https:\/\/news.filmelier.com\/br\/wp-json\/wp\/v2\/comments?post=18253"}],"version-history":[{"count":0,"href":"https:\/\/news.filmelier.com\/br\/wp-json\/wp\/v2\/posts\/18253\/revisions"}],"wp:featuredmedia":[{"embeddable":true,"href":"https:\/\/news.filmelier.com\/br\/wp-json\/"}],"wp:attachment":[{"href":"https:\/\/news.filmelier.com\/br\/wp-json\/wp\/v2\/media?parent=18253"}],"wp:term":[{"taxonomy":"category","embeddable":true,"href":"https:\/\/news.filmelier.com\/br\/wp-json\/wp\/v2\/categories?post=18253"},{"taxonomy":"post_tag","embeddable":true,"href":"https:\/\/news.filmelier.com\/br\/wp-json\/wp\/v2\/tags?post=18253"}],"curies":[{"name":"wp","href":"https:\/\/api.w.org\/{rel}","templated":true}]}}