{"id":18249,"date":"2021-08-26T11:27:18","date_gmt":"2021-08-26T14:27:18","guid":{"rendered":"https:\/\/www.filmelier.com\/br\/noticias\/?p=18249"},"modified":"2021-08-26T11:27:18","modified_gmt":"2021-08-26T14:27:18","slug":"the-power-of-the-dog-trailer-netflix","status":"publish","type":"post","link":"https:\/\/news.filmelier.com\/br\/the-power-of-the-dog-trailer-netflix\/","title":{"rendered":"&#8216;The Power of the Dog&#8217;, faroeste de Jane Campion, ganha trailer e data de estreia na Netflix"},"content":{"rendered":"\n<p>\u2018The Power of the Dog\u2019, faroeste escrito e dirigido por Jane Campion, ganhou o primeiro trailer e data de lan\u00e7amento. O longa, com produ\u00e7\u00e3o da Netflix, ser\u00e1 um dos destaques do Festival de Nova York, e tamb\u00e9m ter\u00e1 exibi\u00e7\u00e3o em Veneza e Toronto. <\/p>\n\n\n\n<p>A hist\u00f3ria gira em torno dos irm\u00e3os Phil (Benedict Cumberbatch) e George (Jesse Plemons), ricos propriet\u00e1rios da maior fazenda de Montana. Enquanto o primeiro \u00e9 brilhante, mas cruel, o segundo \u00e9 a gentileza em pessoa. Quando George secretamente se casa com a vi\u00fava local Rose (Kirsten Dunst), o invejoso Phil faz tudo para atrapalh\u00e1-los.<\/p>\n\n\n\n<p>Veja abaixo o trailer:<\/p>\n\n\n\n<figure class=\"wp-block-embed-youtube wp-block-embed is-type-video is-provider-youtube wp-embed-aspect-16-9 wp-has-aspect-ratio\"><div class=\"wp-block-embed__wrapper\">\n<iframe title=\"The Power of the Dog | Official Teaser | Netflix\" width=\"800\" height=\"450\" src=\"https:\/\/www.youtube.com\/embed\/ELvKuuXdfCU?feature=oembed\" frameborder=\"0\" allow=\"accelerometer; autoplay; clipboard-write; encrypted-media; gyroscope; picture-in-picture; web-share\" referrerpolicy=\"strict-origin-when-cross-origin\" allowfullscreen><\/iframe>\n<\/div><\/figure>\n\n\n\n<p>Al\u00e9m da pr\u00e9via, o filme teve um p\u00f4ster divulgado:<\/p>\n\n\n\n<figure class=\"wp-block-image size-large\"><img decoding=\"async\" src=\"https:\/\/www.filmelier.com\/br\/noticias\/wp-content\/uploads\/2021\/08\/E9uPLg_VEBY6DoO.jpg\" alt=\"'The Power of the Dog', faroeste de Jane Campion, ganha trailer e data de estreia na Netflix\" class=\"wp-image-18250\"\/><figcaption><em>Cr\u00e9dito: Divulga\u00e7\u00e3o\/Netflix<\/em><\/figcaption><\/figure>\n\n\n\n<p>Como citamos acima, \u2018The Power of the Dog\u2019 tem dire\u00e7\u00e3o de Jane Campion \u2013 diretora de \u2018O Piano\u2019, primeira mulher a ser premiada com a Palma de Ouro no Festival de Cinema de Cannes. Al\u00e9m de Cumberbatch, Plemons e Dunst, o filme tem no elenco Kodi Smit-McPhee, Thomasin McKenzie, Frances Conroy, Keith Carradine, Peter Carroll e Adam Beach.<\/p>\n\n\n\n<p>\u2018The Power of the Dog\u2019 chega na Netflix no dia 1 de dezembro e antes, ser\u00e1 lan\u00e7ado em cinemas selecionados nos Estados Unidos.<\/p>\n\n\n\n<p class=\"has-text-align-center\"><strong>Siga o Filmelier no\u00a0<a rel=\"noreferrer noopener\" href=\"https:\/\/www.facebook.com\/filmelierbr\" target=\"_blank\">Facebook<\/a>,\u00a0<a rel=\"noreferrer noopener\" href=\"https:\/\/www.twitter.com\/filmelierbr\" target=\"_blank\">Twitter<\/a>,\u00a0<a rel=\"noreferrer noopener\" href=\"https:\/\/www.instagram.com\/filmelierbr\" target=\"_blank\">Instagram<\/a>\u00a0e\u00a0<a rel=\"noreferrer noopener\" href=\"https:\/\/www.tiktok.com\/@filmelierbr\" target=\"_blank\">TikTok<\/a>.<\/strong><\/p>\n","protected":false},"excerpt":{"rendered":"<p>O filme chega ao streaming em dezembro<\/p>\n","protected":false},"author":14,"featured_media":17287,"comment_status":"closed","ping_status":"open","sticky":false,"template":"","format":"standard","meta":{"_acf_changed":false,"footnotes":""},"categories":[3482],"tags":[3286,6014,9790,3288,6015,3290],"class_list":["post-18249","post","type-post","status-publish","format-standard","has-post-thumbnail","hentry","category-filmes-br","tag-benedict-cumberbatch","tag-drama","tag-faroeste","tag-jane-campion","tag-netflix","tag-the-power-of-the-dog"],"acf":{"subtitulo":"","id_ator":""},"yoast_head":"<!-- This site is optimized with the Yoast SEO plugin v26.1.1 - https:\/\/yoast.com\/wordpress\/plugins\/seo\/ -->\n<title>&#039;The Power of the Dog&#039;, faroeste de Jane Campion, ganha trailer e data de estreia na Netflix - News Filmelier<\/title>\n<meta name=\"robots\" content=\"index, follow, max-snippet:-1, max-image-preview:large, max-video-preview:-1\" \/>\n<link rel=\"canonical\" href=\"https:\/\/news.filmelier.com\/br\/the-power-of-the-dog-trailer-netflix\/\" \/>\n<meta property=\"og:locale\" content=\"pt_BR\" \/>\n<meta property=\"og:type\" content=\"article\" \/>\n<meta property=\"og:title\" content=\"&#039;The Power of the Dog&#039;, faroeste de Jane Campion, ganha trailer e data de estreia na Netflix - News Filmelier\" \/>\n<meta property=\"og:description\" content=\"O filme chega ao streaming em dezembro\" \/>\n<meta property=\"og:url\" content=\"https:\/\/news.filmelier.com\/br\/the-power-of-the-dog-trailer-netflix\/\" \/>\n<meta property=\"og:site_name\" content=\"News Filmelier\" \/>\n<meta property=\"article:published_time\" content=\"2021-08-26T14:27:18+00:00\" \/>\n<meta name=\"author\" content=\"Reda\u00e7\u00e3o Filmelier\" \/>\n<meta name=\"twitter:card\" content=\"summary_large_image\" \/>\n<meta name=\"twitter:label1\" content=\"Escrito por\" \/>\n\t<meta name=\"twitter:data1\" content=\"Reda\u00e7\u00e3o Filmelier\" \/>\n\t<meta name=\"twitter:label2\" content=\"Est. tempo de leitura\" \/>\n\t<meta name=\"twitter:data2\" content=\"1 minuto\" \/>\n<script type=\"application\/ld+json\" class=\"yoast-schema-graph\">{\"@context\":\"https:\/\/schema.org\",\"@graph\":[{\"@type\":\"Article\",\"@id\":\"https:\/\/news.filmelier.com\/br\/the-power-of-the-dog-trailer-netflix\/#article\",\"isPartOf\":{\"@id\":\"https:\/\/news.filmelier.com\/br\/the-power-of-the-dog-trailer-netflix\/\"},\"author\":{\"name\":\"Reda\u00e7\u00e3o Filmelier\",\"@id\":\"https:\/\/homolog.news.filmelier.com\/br\/#\/schema\/person\/a6491aa555ce96d9d1cc15f1742dbd7b\"},\"headline\":\"&#8216;The Power of the Dog&#8217;, faroeste de Jane Campion, ganha trailer e data de estreia na Netflix\",\"datePublished\":\"2021-08-26T14:27:18+00:00\",\"mainEntityOfPage\":{\"@id\":\"https:\/\/news.filmelier.com\/br\/the-power-of-the-dog-trailer-netflix\/\"},\"wordCount\":240,\"publisher\":{\"@id\":\"https:\/\/homolog.news.filmelier.com\/br\/#organization\"},\"image\":{\"@id\":\"https:\/\/news.filmelier.com\/br\/the-power-of-the-dog-trailer-netflix\/#primaryimage\"},\"thumbnailUrl\":\"\",\"keywords\":[\"Benedict Cumberbatch\",\"Drama\",\"Faroeste\",\"Jane Campion\",\"netflix\",\"The Power of the Dog\"],\"articleSection\":[\"Filmes\"],\"inLanguage\":\"pt-BR\"},{\"@type\":\"WebPage\",\"@id\":\"https:\/\/news.filmelier.com\/br\/the-power-of-the-dog-trailer-netflix\/\",\"url\":\"https:\/\/news.filmelier.com\/br\/the-power-of-the-dog-trailer-netflix\/\",\"name\":\"'The Power of the Dog', faroeste de Jane Campion, ganha trailer e data de estreia na Netflix - News Filmelier\",\"isPartOf\":{\"@id\":\"https:\/\/homolog.news.filmelier.com\/br\/#website\"},\"primaryImageOfPage\":{\"@id\":\"https:\/\/news.filmelier.com\/br\/the-power-of-the-dog-trailer-netflix\/#primaryimage\"},\"image\":{\"@id\":\"https:\/\/news.filmelier.com\/br\/the-power-of-the-dog-trailer-netflix\/#primaryimage\"},\"thumbnailUrl\":\"\",\"datePublished\":\"2021-08-26T14:27:18+00:00\",\"breadcrumb\":{\"@id\":\"https:\/\/news.filmelier.com\/br\/the-power-of-the-dog-trailer-netflix\/#breadcrumb\"},\"inLanguage\":\"pt-BR\",\"potentialAction\":[{\"@type\":\"ReadAction\",\"target\":[\"https:\/\/news.filmelier.com\/br\/the-power-of-the-dog-trailer-netflix\/\"]}]},{\"@type\":\"ImageObject\",\"inLanguage\":\"pt-BR\",\"@id\":\"https:\/\/news.filmelier.com\/br\/the-power-of-the-dog-trailer-netflix\/#primaryimage\",\"url\":\"\",\"contentUrl\":\"\"},{\"@type\":\"BreadcrumbList\",\"@id\":\"https:\/\/news.filmelier.com\/br\/the-power-of-the-dog-trailer-netflix\/#breadcrumb\",\"itemListElement\":[{\"@type\":\"ListItem\",\"position\":1,\"name\":\"In\u00edcio\",\"item\":\"https:\/\/homolog.news.filmelier.com\/br\/\"},{\"@type\":\"ListItem\",\"position\":2,\"name\":\"&#8216;The Power of the Dog&#8217;, faroeste de Jane Campion, ganha trailer e data de estreia na Netflix\"}]},{\"@type\":\"WebSite\",\"@id\":\"https:\/\/homolog.news.filmelier.com\/br\/#website\",\"url\":\"https:\/\/homolog.news.filmelier.com\/br\/\",\"name\":\"Homolog Filmelier News Rankrup\",\"description\":\"\",\"publisher\":{\"@id\":\"https:\/\/homolog.news.filmelier.com\/br\/#organization\"},\"potentialAction\":[{\"@type\":\"SearchAction\",\"target\":{\"@type\":\"EntryPoint\",\"urlTemplate\":\"https:\/\/homolog.news.filmelier.com\/br\/?s={search_term_string}\"},\"query-input\":{\"@type\":\"PropertyValueSpecification\",\"valueRequired\":true,\"valueName\":\"search_term_string\"}}],\"inLanguage\":\"pt-BR\"},{\"@type\":\"Organization\",\"@id\":\"https:\/\/homolog.news.filmelier.com\/br\/#organization\",\"name\":\"Homolog Filmelier News Rankrup\",\"url\":\"https:\/\/homolog.news.filmelier.com\/br\/\",\"logo\":{\"@type\":\"ImageObject\",\"inLanguage\":\"pt-BR\",\"@id\":\"https:\/\/homolog.news.filmelier.com\/br\/#\/schema\/logo\/image\/\",\"url\":\"https:\/\/news.filmelier.com\/wp-content\/uploads\/2024\/11\/Logo-News.png\",\"contentUrl\":\"https:\/\/news.filmelier.com\/wp-content\/uploads\/2024\/11\/Logo-News.png\",\"width\":460,\"height\":108,\"caption\":\"Homolog Filmelier News Rankrup\"},\"image\":{\"@id\":\"https:\/\/homolog.news.filmelier.com\/br\/#\/schema\/logo\/image\/\"}},{\"@type\":\"Person\",\"@id\":\"https:\/\/homolog.news.filmelier.com\/br\/#\/schema\/person\/a6491aa555ce96d9d1cc15f1742dbd7b\",\"name\":\"Reda\u00e7\u00e3o Filmelier\",\"image\":{\"@type\":\"ImageObject\",\"inLanguage\":\"pt-BR\",\"@id\":\"https:\/\/homolog.news.filmelier.com\/br\/#\/schema\/person\/image\/\",\"url\":\"https:\/\/secure.gravatar.com\/avatar\/8bf80419447553f32d821a953683c4666faca8d781f143825a02644ae3f7e2d0?s=96&d=mm&r=g\",\"contentUrl\":\"https:\/\/secure.gravatar.com\/avatar\/8bf80419447553f32d821a953683c4666faca8d781f143825a02644ae3f7e2d0?s=96&d=mm&r=g\",\"caption\":\"Reda\u00e7\u00e3o Filmelier\"},\"description\":\"Somos um time de jornalistas e cr\u00edticos que respira cinema a 24 quadros por segundo. Das estreias do circuito aos cl\u00e1ssicos restaurados, da curadoria em streamings \u00e0s entrevistas nos bastidores, nossa reda\u00e7\u00e3o transforma filmes em conte\u00fado inteligente \u2014 com an\u00e1lises afiadas, guias pr\u00e1ticos e hist\u00f3rias que fazem voc\u00ea ver a s\u00e9tima arte com outros olhos. Aqui no Filmelier, cinema n\u00e3o \u00e9 s\u00f3 lazer: \u00e9 of\u00edcio, \u00e9 expertise, \u00e9 paix\u00e3o em forma de texto.\",\"url\":\"https:\/\/news.filmelier.com\/br\/author\/contato-filmelier\/\"}]}<\/script>\n<!-- \/ Yoast SEO plugin. -->","yoast_head_json":{"title":"'The Power of the Dog', faroeste de Jane Campion, ganha trailer e data de estreia na Netflix - News Filmelier","robots":{"index":"index","follow":"follow","max-snippet":"max-snippet:-1","max-image-preview":"max-image-preview:large","max-video-preview":"max-video-preview:-1"},"canonical":"https:\/\/news.filmelier.com\/br\/the-power-of-the-dog-trailer-netflix\/","og_locale":"pt_BR","og_type":"article","og_title":"'The Power of the Dog', faroeste de Jane Campion, ganha trailer e data de estreia na Netflix - News Filmelier","og_description":"O filme chega ao streaming em dezembro","og_url":"https:\/\/news.filmelier.com\/br\/the-power-of-the-dog-trailer-netflix\/","og_site_name":"News Filmelier","article_published_time":"2021-08-26T14:27:18+00:00","author":"Reda\u00e7\u00e3o Filmelier","twitter_card":"summary_large_image","twitter_misc":{"Escrito por":"Reda\u00e7\u00e3o Filmelier","Est. tempo de leitura":"1 minuto"},"schema":{"@context":"https:\/\/schema.org","@graph":[{"@type":"Article","@id":"https:\/\/news.filmelier.com\/br\/the-power-of-the-dog-trailer-netflix\/#article","isPartOf":{"@id":"https:\/\/news.filmelier.com\/br\/the-power-of-the-dog-trailer-netflix\/"},"author":{"name":"Reda\u00e7\u00e3o Filmelier","@id":"https:\/\/homolog.news.filmelier.com\/br\/#\/schema\/person\/a6491aa555ce96d9d1cc15f1742dbd7b"},"headline":"&#8216;The Power of the Dog&#8217;, faroeste de Jane Campion, ganha trailer e data de estreia na Netflix","datePublished":"2021-08-26T14:27:18+00:00","mainEntityOfPage":{"@id":"https:\/\/news.filmelier.com\/br\/the-power-of-the-dog-trailer-netflix\/"},"wordCount":240,"publisher":{"@id":"https:\/\/homolog.news.filmelier.com\/br\/#organization"},"image":{"@id":"https:\/\/news.filmelier.com\/br\/the-power-of-the-dog-trailer-netflix\/#primaryimage"},"thumbnailUrl":"","keywords":["Benedict Cumberbatch","Drama","Faroeste","Jane Campion","netflix","The Power of the Dog"],"articleSection":["Filmes"],"inLanguage":"pt-BR"},{"@type":"WebPage","@id":"https:\/\/news.filmelier.com\/br\/the-power-of-the-dog-trailer-netflix\/","url":"https:\/\/news.filmelier.com\/br\/the-power-of-the-dog-trailer-netflix\/","name":"'The Power of the Dog', faroeste de Jane Campion, ganha trailer e data de estreia na Netflix - News Filmelier","isPartOf":{"@id":"https:\/\/homolog.news.filmelier.com\/br\/#website"},"primaryImageOfPage":{"@id":"https:\/\/news.filmelier.com\/br\/the-power-of-the-dog-trailer-netflix\/#primaryimage"},"image":{"@id":"https:\/\/news.filmelier.com\/br\/the-power-of-the-dog-trailer-netflix\/#primaryimage"},"thumbnailUrl":"","datePublished":"2021-08-26T14:27:18+00:00","breadcrumb":{"@id":"https:\/\/news.filmelier.com\/br\/the-power-of-the-dog-trailer-netflix\/#breadcrumb"},"inLanguage":"pt-BR","potentialAction":[{"@type":"ReadAction","target":["https:\/\/news.filmelier.com\/br\/the-power-of-the-dog-trailer-netflix\/"]}]},{"@type":"ImageObject","inLanguage":"pt-BR","@id":"https:\/\/news.filmelier.com\/br\/the-power-of-the-dog-trailer-netflix\/#primaryimage","url":"","contentUrl":""},{"@type":"BreadcrumbList","@id":"https:\/\/news.filmelier.com\/br\/the-power-of-the-dog-trailer-netflix\/#breadcrumb","itemListElement":[{"@type":"ListItem","position":1,"name":"In\u00edcio","item":"https:\/\/homolog.news.filmelier.com\/br\/"},{"@type":"ListItem","position":2,"name":"&#8216;The Power of the Dog&#8217;, faroeste de Jane Campion, ganha trailer e data de estreia na Netflix"}]},{"@type":"WebSite","@id":"https:\/\/homolog.news.filmelier.com\/br\/#website","url":"https:\/\/homolog.news.filmelier.com\/br\/","name":"Homolog Filmelier News Rankrup","description":"","publisher":{"@id":"https:\/\/homolog.news.filmelier.com\/br\/#organization"},"potentialAction":[{"@type":"SearchAction","target":{"@type":"EntryPoint","urlTemplate":"https:\/\/homolog.news.filmelier.com\/br\/?s={search_term_string}"},"query-input":{"@type":"PropertyValueSpecification","valueRequired":true,"valueName":"search_term_string"}}],"inLanguage":"pt-BR"},{"@type":"Organization","@id":"https:\/\/homolog.news.filmelier.com\/br\/#organization","name":"Homolog Filmelier News Rankrup","url":"https:\/\/homolog.news.filmelier.com\/br\/","logo":{"@type":"ImageObject","inLanguage":"pt-BR","@id":"https:\/\/homolog.news.filmelier.com\/br\/#\/schema\/logo\/image\/","url":"https:\/\/news.filmelier.com\/wp-content\/uploads\/2024\/11\/Logo-News.png","contentUrl":"https:\/\/news.filmelier.com\/wp-content\/uploads\/2024\/11\/Logo-News.png","width":460,"height":108,"caption":"Homolog Filmelier News Rankrup"},"image":{"@id":"https:\/\/homolog.news.filmelier.com\/br\/#\/schema\/logo\/image\/"}},{"@type":"Person","@id":"https:\/\/homolog.news.filmelier.com\/br\/#\/schema\/person\/a6491aa555ce96d9d1cc15f1742dbd7b","name":"Reda\u00e7\u00e3o Filmelier","image":{"@type":"ImageObject","inLanguage":"pt-BR","@id":"https:\/\/homolog.news.filmelier.com\/br\/#\/schema\/person\/image\/","url":"https:\/\/secure.gravatar.com\/avatar\/8bf80419447553f32d821a953683c4666faca8d781f143825a02644ae3f7e2d0?s=96&d=mm&r=g","contentUrl":"https:\/\/secure.gravatar.com\/avatar\/8bf80419447553f32d821a953683c4666faca8d781f143825a02644ae3f7e2d0?s=96&d=mm&r=g","caption":"Reda\u00e7\u00e3o Filmelier"},"description":"Somos um time de jornalistas e cr\u00edticos que respira cinema a 24 quadros por segundo. Das estreias do circuito aos cl\u00e1ssicos restaurados, da curadoria em streamings \u00e0s entrevistas nos bastidores, nossa reda\u00e7\u00e3o transforma filmes em conte\u00fado inteligente \u2014 com an\u00e1lises afiadas, guias pr\u00e1ticos e hist\u00f3rias que fazem voc\u00ea ver a s\u00e9tima arte com outros olhos. Aqui no Filmelier, cinema n\u00e3o \u00e9 s\u00f3 lazer: \u00e9 of\u00edcio, \u00e9 expertise, \u00e9 paix\u00e3o em forma de texto.","url":"https:\/\/news.filmelier.com\/br\/author\/contato-filmelier\/"}]}},"_links":{"self":[{"href":"https:\/\/news.filmelier.com\/br\/wp-json\/wp\/v2\/posts\/18249","targetHints":{"allow":["GET"]}}],"collection":[{"href":"https:\/\/news.filmelier.com\/br\/wp-json\/wp\/v2\/posts"}],"about":[{"href":"https:\/\/news.filmelier.com\/br\/wp-json\/wp\/v2\/types\/post"}],"author":[{"embeddable":true,"href":"https:\/\/news.filmelier.com\/br\/wp-json\/wp\/v2\/users\/14"}],"replies":[{"embeddable":true,"href":"https:\/\/news.filmelier.com\/br\/wp-json\/wp\/v2\/comments?post=18249"}],"version-history":[{"count":0,"href":"https:\/\/news.filmelier.com\/br\/wp-json\/wp\/v2\/posts\/18249\/revisions"}],"wp:featuredmedia":[{"embeddable":true,"href":"https:\/\/news.filmelier.com\/br\/wp-json\/"}],"wp:attachment":[{"href":"https:\/\/news.filmelier.com\/br\/wp-json\/wp\/v2\/media?parent=18249"}],"wp:term":[{"taxonomy":"category","embeddable":true,"href":"https:\/\/news.filmelier.com\/br\/wp-json\/wp\/v2\/categories?post=18249"},{"taxonomy":"post_tag","embeddable":true,"href":"https:\/\/news.filmelier.com\/br\/wp-json\/wp\/v2\/tags?post=18249"}],"curies":[{"name":"wp","href":"https:\/\/api.w.org\/{rel}","templated":true}]}}