{"id":18235,"date":"2021-08-27T10:52:53","date_gmt":"2021-08-27T13:52:53","guid":{"rendered":"https:\/\/www.filmelier.com\/br\/noticias\/?p=18235"},"modified":"2021-08-27T10:52:53","modified_gmt":"2021-08-27T13:52:53","slug":"mubi-setembro-2021","status":"publish","type":"post","link":"https:\/\/news.filmelier.com\/br\/mubi-setembro-2021\/","title":{"rendered":"Especial de Almod\u00f3var e do Festival de Veneza em setembro na MUBI"},"content":{"rendered":"\n<p>Setembro est\u00e1 chegando e com ele, as novidades no cat\u00e1logo da MUBI. Pedro Almod\u00f3var estreia seu novo filme, &#8216;Madres Paralelas&#8217;, no Festival de Veneza. Aproveitando a deixa, e o anivers\u00e1rio do realizador espanhol, a plataforma preparou um especial dele e da premia\u00e7\u00e3o italiana.<\/p>\n\n\n\n<ul class=\"wp-block-list\"><li><strong>Veja mais: <a href=\"https:\/\/www.filmelier.com\/br\/noticias\/netflix-setembro\" class=\"rank-math-link\">\u2018Schumacher\u2019, \u2018Kate\u2019, \u2018Confiss\u00f5es de uma garota exclu\u00edda\u2019 e mais na Netflix em setembro<\/a><\/strong><\/li><\/ul>\n\n\n\n<p>Ser\u00e3o ao todo 10 filmes do diretor e produtor. A plataforma abre as comemora\u00e7\u00f5es dos 72 anos de Almod\u00f3var com <a href=\"https:\/\/www.filmelier.com\/br\/film\/14164\/maus-habitos\" class=\"rank-math-link\">&#8216;Maus H\u00e1bitos&#8217;<\/a>, <a href=\"https:\/\/www.filmelier.com\/br\/film\/14228\/o-que-fiz-eu-para-merecer-isto\" class=\"rank-math-link\">&#8216;Que Fiz Eu Para Merecer Isto?&#8217;<\/a>, <a href=\"https:\/\/www.filmelier.com\/br\/film\/14176\/a-lei-do-desejo\" class=\"rank-math-link\">&#8216;A Lei do Desejo&#8217;<\/a>, e <a href=\"https:\/\/www.filmelier.com\/br\/film\/13184\/mulheres-a-beira-de-um-ataque-de-nervos\" class=\"rank-math-link\">&#8216;Mulheres \u00e0 Beira de um Ataque de Nervos&#8217;<\/a>.<\/p>\n\n\n\n<figure class=\"wp-block-image size-large\"><img decoding=\"async\" src=\"https:\/\/www.filmelier.com\/br\/noticias\/wp-content\/uploads\/2021\/08\/Women-On-The-Verge-1920x1440.jpg\" alt=\"\" class=\"wp-image-18351\"\/><figcaption><em>Cena de &#8216;Mulheres \u00e0 Beira de um Ataque de Nervos&#8217; (Cr\u00e9dito: Divulga\u00e7\u00e3o\/Synapse)<\/em><\/figcaption><\/figure>\n\n\n\n<p>E com foco no Festival de Cinema de Veneza, que come\u00e7a em setembro, a MUBI relembra alguns destaques recentes. Das diretoras Li Dongmei (&#8216;Mama&#8217;), Hannaleena Hauru (&#8216;Fucking with Nobody&#8217;) a Xavier Dolan (&#8216;Tom na Fazenda&#8217;) e Adilkhan Yerzhanov (&#8216;Yellow Cat&#8217;).<\/p>\n\n\n\n<p>A sess\u00e3o dupla deste m\u00eas traz o talentoso representante da nova gera\u00e7\u00e3o de cineastas congoleses, Dieudo Hamadi vem examinando desde 2010 as disfun\u00e7\u00f5es de seu pa\u00eds por meio de retratos filmados com uma c\u00e2mera port\u00e1til. Dois incr\u00edveis document\u00e1rios do autor:\u00a0&#8216;Kinshasa Makambo&#8217;\u00a0e\u00a0&#8216;Downstream to Kinshasa&#8217; chegam ao cat\u00e1logo.<\/p>\n\n\n\n<figure class=\"wp-block-image size-large\"><img decoding=\"async\" src=\"https:\/\/www.filmelier.com\/br\/noticias\/wp-content\/uploads\/2021\/08\/tom-at-the-farm.jpg\" alt=\"\" class=\"wp-image-18352\"\/><figcaption><em>&#8216;Tom na Fazenda&#8217;, de Xavier Dolan (Cr\u00e9dito: Divulga\u00e7\u00e3o\/Entertainment One)<\/em><\/figcaption><\/figure>\n\n\n\n<p>Entre os filmes exclusivos, temos &#8216;Visit, or Memories and Confessions&#8217; que\u00a0s\u00f3 foi exibido em 2015, ap\u00f3s o falecimento do diretor Manoel de Oliveira aos 106 anos. Da era silenciosa \u00e0 digital, Oliveira sempre teve carinho pelo grandioso e pelo \u00edntimo, \u00e0s vezes simultaneamente, e este filme \u00e9 uma elegia adequada a uma carreira saborosa e que ainda est\u00e1 sendo desembalada.<\/p>\n\n\n\n<p>Tem tamb\u00e9m &#8216;Our Defeats&#8217;, de Jean-Gabriel P\u00e9riot, que\u00a0reflete sobre como os jovens de hoje est\u00e3o lutando com ideologias que marcaram a hist\u00f3ria do s\u00e9culo 20, com uma voz original pr\u00f3pria. Um olhar vibrante e reflexivo sobre a pol\u00edtica francesa do passado e do presente.<\/p>\n\n\n\n<p>E outra novidade \u00e9 &#8216;Knives and Skin&#8217;, uma mistura de sonho psicol\u00f3gico l\u00facido, filme de amadurecimento feminista, e at\u00e9 mesmo com uma parte musical. Um trabalho surpreendente e experimental da cineasta Jennifer Reeder e um poderoso thriller adolescente.<\/p>\n\n\n\n<figure class=\"wp-block-image size-large\"><img decoding=\"async\" src=\"https:\/\/www.filmelier.com\/br\/noticias\/wp-content\/uploads\/2021\/08\/unnamed-5.jpg\" alt=\"\" class=\"wp-image-18354\"\/><figcaption><em>&#8216;Knives and Skin&#8217; \u00e9 mais um lan\u00e7amento exclusivo (Cr\u00e9dito: Divulga\u00e7\u00e3o\/MUBI)<\/em><\/figcaption><\/figure>\n\n\n\n<p>Kazik Radwanski emergiu como uma das vozes jovens mais distintas do cinema canadense, com seus retratos refrescantemente n\u00e3o adornados, mas emp\u00e1ticos, de indiv\u00edduos alienados lutando pela sanidade. Seu mais novo filme (considerado pelos cr\u00edticos como seu melhor trabalho), &#8216;Anne at 13,000 ft&#8217; narra um per\u00edodo prec\u00e1rio na vida de Anne, interpretada por Deragh Campbell em performance impressionante.<\/p>\n\n\n\n<p>E mais uma exclusividade \u00e9 a estreia mundial do novo curta-metragem de Dustin Guy Defa. &#8216;Editing&#8217; narra a vida de uma mulher confrontada por um estranho, e que acredita ter sido editada para fora de sua hist\u00f3ria.<\/p>\n\n\n\n<h2 class=\"wp-block-heading\">Confira abaixo todos os filmes que entram em setembro na MUBI:<\/h2>\n\n\n\n<ul class=\"wp-block-list\"><li>1\/9 &#8211; &#8216;Rules Don&#8217;t Apply&#8217;, Warren Beatty<\/li><li>2\/9 &#8211; &#8216;Visit, or Memories and Confessions&#8217;, Manoel de Oliveira<\/li><li>3\/9 &#8211; &#8216;I&#8217;m Still Here&#8217;, Casey Affleck<\/li><li>4\/9 &#8211; &#8216;Yellow Cat&#8217;, Adilkhan Yerzhanov<\/li><li>5\/9 &#8211; &#8216;Jacky in the Kingdom of Women&#8217;, Riad Sattouf<\/li><li>6\/9 &#8211; &#8216;Mama&#8217;, Li Dongmei<\/li><li>7\/9 &#8211; &#8216;Maus H\u00e1bitos&#8217;, Pedro Almod\u00f3var<\/li><li>8\/9 &#8211; &#8216;The Smell of Us&#8217;, Larry Clark<\/li><li>9\/9 &#8211; &#8216;Fucking with Nobody&#8217;, Hannaleena Hauru<\/li><li>10\/9 &#8211; &#8216;Tom na Fazenda&#8217;, Xavier Dolan<\/li><li>11\/9 &#8211; &#8216;Ray &amp; Liz&#8217;, Richard Billingham<\/li><li>12\/9 &#8211; &#8216;Jessica Forever&#8217;, Caroline Poggi, Jonathan Vinel<\/li><li>12\/9 &#8211; &#8216;Dead Man&#8217;s Bluff&#8217;, Aleksey Balabanov<\/li><li>13\/9 &#8211; &#8216;Kinshasa Makambo&#8217;, Dieudo Hamadi<\/li><li>13\/9 &#8211; &#8216;Downstream to Kinshasa&#8217;, Dieudo Hamadi<\/li><li>14\/9 &#8211; &#8216;The Faculties&#8217;, Eloisa Solaas<\/li><li>15\/9 &#8211; &#8216;Our Defeats&#8217;, Jean-Gabriel P\u00e9riot<\/li><li>16\/9 &#8211; &#8216;Que Fiz Eu Para Merecer Isto?&#8217;, Pedro Almod\u00f3var<\/li><li>17\/9 &#8211; &#8216;Knives and Skin&#8217;, Jennifer Reeder<\/li><li>18\/9 &#8211; <a href=\"https:\/\/www.filmelier.com\/br\/film\/1188\/a-grande-aposta\" class=\"rank-math-link\">&#8216;A Grande Aposta&#8217;<\/a>, Adam McKay<\/li><li>19\/9 &#8211; &#8216;Piripkura&#8217;, Renata Terra, Bruno Jorge, Mariana Oliva<\/li><li>19\/9 &#8211; &#8216;The Heiresses&#8217;, M\u00e1rta M\u00e9sz\u00e1ros<\/li><li>20\/9 &#8211; &#8216;Scenes with Beans&#8217;, Ott\u00f3 Foky<\/li><li>21\/9 &#8211; &#8216;Truth or Consequences&#8217;, Hannah Jayanti<\/li><li>22\/9 &#8211; &#8216;Editing&#8217;, Dustin Guy Defa<\/li><li>23\/9 &#8211; &#8216;A Lei do Desejo&#8217;, Pedro Almod\u00f3var<\/li><li>24\/9 &#8211; &#8216;Mediterranea&#8217;, Jonas Carpignano<\/li><li>25\/9 &#8211; &#8216;Fabiana&#8217;, Brunna Laboissi\u00e8re<\/li><li>26\/9 &#8211; &#8216;Cemetery of Splendour&#8217;, Apichatpong Weerasethakul<\/li><li>27\/9 &#8211; &#8216;Listen Up Philip&#8217;, Alex Ross Perry<\/li><li>28\/9 &#8211; &#8216;Cairo Time&#8217;, Ruba Nadda<\/li><li>29\/9 &#8211; &#8216;Anne at 13,000 ft&#8217;, Kazik Radwanski<\/li><li>30\/9 &#8211; &#8216;Mulheres \u00e0 Beira de um Ataque de Nervos&#8217;, Pedro Almod\u00f3var<\/li><\/ul>\n\n\n\n<p class=\"has-text-align-center\"><strong>Siga o Filmelier no\u00a0<a rel=\"noreferrer noopener\" href=\"https:\/\/www.facebook.com\/filmelierbr\" target=\"_blank\">Facebook<\/a>,\u00a0<a rel=\"noreferrer noopener\" href=\"https:\/\/www.twitter.com\/filmelierbr\" target=\"_blank\">Twitter<\/a>,\u00a0<a rel=\"noreferrer noopener\" href=\"https:\/\/www.instagram.com\/filmelierbr\" target=\"_blank\">Instagram<\/a>\u00a0e\u00a0<a rel=\"noreferrer noopener\" href=\"https:\/\/www.tiktok.com\/@filmelierbr\" target=\"_blank\">TikTok<\/a>.<\/strong><\/p>\n","protected":false},"excerpt":{"rendered":"<p>A plataforma celebra o anivers\u00e1rio de 72 anos do diretor espanhol<\/p>\n","protected":false},"author":14,"featured_media":18353,"comment_status":"closed","ping_status":"open","sticky":false,"template":"","format":"standard","meta":{"_acf_changed":false,"footnotes":""},"categories":[3482],"tags":[9786,4621,9539,3815,9787,5982,9788,6157,9789,5975],"class_list":["post-18235","post","type-post","status-publish","format-standard","has-post-thumbnail","hentry","category-filmes-br","tag-a-lei-do-desejo","tag-almodovar-br","tag-festival-de-veneza","tag-lancamentos-br","tag-maus-habitos-2","tag-mubi","tag-mulheres-a-beira-de-um-ataque-de-nervos","tag-pedro-almodovar","tag-que-fiz-eu-para-merecer-isto-2","tag-streaming"],"acf":{"subtitulo":"","id_ator":""},"yoast_head":"<!-- This site is optimized with the Yoast SEO plugin v26.1.1 - https:\/\/yoast.com\/wordpress\/plugins\/seo\/ -->\n<title>Especial de Almod\u00f3var e do Festival de Veneza em setembro na MUBI - News Filmelier<\/title>\n<meta name=\"robots\" content=\"index, follow, max-snippet:-1, max-image-preview:large, max-video-preview:-1\" \/>\n<link rel=\"canonical\" href=\"https:\/\/news.filmelier.com\/br\/mubi-setembro-2021\/\" \/>\n<meta property=\"og:locale\" content=\"pt_BR\" \/>\n<meta property=\"og:type\" content=\"article\" \/>\n<meta property=\"og:title\" content=\"Especial de Almod\u00f3var e do Festival de Veneza em setembro na MUBI - News Filmelier\" \/>\n<meta property=\"og:description\" content=\"A plataforma celebra o anivers\u00e1rio de 72 anos do diretor espanhol\" \/>\n<meta property=\"og:url\" content=\"https:\/\/news.filmelier.com\/br\/mubi-setembro-2021\/\" \/>\n<meta property=\"og:site_name\" content=\"News Filmelier\" \/>\n<meta property=\"article:published_time\" content=\"2021-08-27T13:52:53+00:00\" \/>\n<meta name=\"author\" content=\"Reda\u00e7\u00e3o Filmelier\" \/>\n<meta name=\"twitter:card\" content=\"summary_large_image\" \/>\n<meta name=\"twitter:label1\" content=\"Escrito por\" \/>\n\t<meta name=\"twitter:data1\" content=\"Reda\u00e7\u00e3o Filmelier\" \/>\n\t<meta name=\"twitter:label2\" content=\"Est. tempo de leitura\" \/>\n\t<meta name=\"twitter:data2\" content=\"4 minutos\" \/>\n<script type=\"application\/ld+json\" class=\"yoast-schema-graph\">{\"@context\":\"https:\/\/schema.org\",\"@graph\":[{\"@type\":\"Article\",\"@id\":\"https:\/\/news.filmelier.com\/br\/mubi-setembro-2021\/#article\",\"isPartOf\":{\"@id\":\"https:\/\/news.filmelier.com\/br\/mubi-setembro-2021\/\"},\"author\":{\"name\":\"Reda\u00e7\u00e3o Filmelier\",\"@id\":\"https:\/\/homolog.news.filmelier.com\/br\/#\/schema\/person\/a6491aa555ce96d9d1cc15f1742dbd7b\"},\"headline\":\"Especial de Almod\u00f3var e do Festival de Veneza em setembro na MUBI\",\"datePublished\":\"2021-08-27T13:52:53+00:00\",\"mainEntityOfPage\":{\"@id\":\"https:\/\/news.filmelier.com\/br\/mubi-setembro-2021\/\"},\"wordCount\":740,\"publisher\":{\"@id\":\"https:\/\/homolog.news.filmelier.com\/br\/#organization\"},\"image\":{\"@id\":\"https:\/\/news.filmelier.com\/br\/mubi-setembro-2021\/#primaryimage\"},\"thumbnailUrl\":\"\",\"keywords\":[\"A Lei do Desejo\",\"Almod\u00f3var\",\"Festival de Veneza\",\"lan\u00e7amentos\",\"Maus H\u00e1bitos\",\"MUBI\",\"Mulheres A beira de um ataque de nervos\",\"Pedro Almod\u00f3var\",\"Que Fiz Eu Para Merecer Isto?\",\"streaming\"],\"articleSection\":[\"Filmes\"],\"inLanguage\":\"pt-BR\"},{\"@type\":\"WebPage\",\"@id\":\"https:\/\/news.filmelier.com\/br\/mubi-setembro-2021\/\",\"url\":\"https:\/\/news.filmelier.com\/br\/mubi-setembro-2021\/\",\"name\":\"Especial de Almod\u00f3var e do Festival de Veneza em setembro na MUBI - News Filmelier\",\"isPartOf\":{\"@id\":\"https:\/\/homolog.news.filmelier.com\/br\/#website\"},\"primaryImageOfPage\":{\"@id\":\"https:\/\/news.filmelier.com\/br\/mubi-setembro-2021\/#primaryimage\"},\"image\":{\"@id\":\"https:\/\/news.filmelier.com\/br\/mubi-setembro-2021\/#primaryimage\"},\"thumbnailUrl\":\"\",\"datePublished\":\"2021-08-27T13:52:53+00:00\",\"breadcrumb\":{\"@id\":\"https:\/\/news.filmelier.com\/br\/mubi-setembro-2021\/#breadcrumb\"},\"inLanguage\":\"pt-BR\",\"potentialAction\":[{\"@type\":\"ReadAction\",\"target\":[\"https:\/\/news.filmelier.com\/br\/mubi-setembro-2021\/\"]}]},{\"@type\":\"ImageObject\",\"inLanguage\":\"pt-BR\",\"@id\":\"https:\/\/news.filmelier.com\/br\/mubi-setembro-2021\/#primaryimage\",\"url\":\"\",\"contentUrl\":\"\"},{\"@type\":\"BreadcrumbList\",\"@id\":\"https:\/\/news.filmelier.com\/br\/mubi-setembro-2021\/#breadcrumb\",\"itemListElement\":[{\"@type\":\"ListItem\",\"position\":1,\"name\":\"In\u00edcio\",\"item\":\"https:\/\/homolog.news.filmelier.com\/br\/\"},{\"@type\":\"ListItem\",\"position\":2,\"name\":\"Especial de Almod\u00f3var e do Festival de Veneza em setembro na MUBI\"}]},{\"@type\":\"WebSite\",\"@id\":\"https:\/\/homolog.news.filmelier.com\/br\/#website\",\"url\":\"https:\/\/homolog.news.filmelier.com\/br\/\",\"name\":\"Homolog Filmelier News Rankrup\",\"description\":\"\",\"publisher\":{\"@id\":\"https:\/\/homolog.news.filmelier.com\/br\/#organization\"},\"potentialAction\":[{\"@type\":\"SearchAction\",\"target\":{\"@type\":\"EntryPoint\",\"urlTemplate\":\"https:\/\/homolog.news.filmelier.com\/br\/?s={search_term_string}\"},\"query-input\":{\"@type\":\"PropertyValueSpecification\",\"valueRequired\":true,\"valueName\":\"search_term_string\"}}],\"inLanguage\":\"pt-BR\"},{\"@type\":\"Organization\",\"@id\":\"https:\/\/homolog.news.filmelier.com\/br\/#organization\",\"name\":\"Homolog Filmelier News Rankrup\",\"url\":\"https:\/\/homolog.news.filmelier.com\/br\/\",\"logo\":{\"@type\":\"ImageObject\",\"inLanguage\":\"pt-BR\",\"@id\":\"https:\/\/homolog.news.filmelier.com\/br\/#\/schema\/logo\/image\/\",\"url\":\"https:\/\/news.filmelier.com\/wp-content\/uploads\/2024\/11\/Logo-News.png\",\"contentUrl\":\"https:\/\/news.filmelier.com\/wp-content\/uploads\/2024\/11\/Logo-News.png\",\"width\":460,\"height\":108,\"caption\":\"Homolog Filmelier News Rankrup\"},\"image\":{\"@id\":\"https:\/\/homolog.news.filmelier.com\/br\/#\/schema\/logo\/image\/\"}},{\"@type\":\"Person\",\"@id\":\"https:\/\/homolog.news.filmelier.com\/br\/#\/schema\/person\/a6491aa555ce96d9d1cc15f1742dbd7b\",\"name\":\"Reda\u00e7\u00e3o Filmelier\",\"image\":{\"@type\":\"ImageObject\",\"inLanguage\":\"pt-BR\",\"@id\":\"https:\/\/homolog.news.filmelier.com\/br\/#\/schema\/person\/image\/\",\"url\":\"https:\/\/secure.gravatar.com\/avatar\/8bf80419447553f32d821a953683c4666faca8d781f143825a02644ae3f7e2d0?s=96&d=mm&r=g\",\"contentUrl\":\"https:\/\/secure.gravatar.com\/avatar\/8bf80419447553f32d821a953683c4666faca8d781f143825a02644ae3f7e2d0?s=96&d=mm&r=g\",\"caption\":\"Reda\u00e7\u00e3o Filmelier\"},\"description\":\"Somos um time de jornalistas e cr\u00edticos que respira cinema a 24 quadros por segundo. Das estreias do circuito aos cl\u00e1ssicos restaurados, da curadoria em streamings \u00e0s entrevistas nos bastidores, nossa reda\u00e7\u00e3o transforma filmes em conte\u00fado inteligente \u2014 com an\u00e1lises afiadas, guias pr\u00e1ticos e hist\u00f3rias que fazem voc\u00ea ver a s\u00e9tima arte com outros olhos. Aqui no Filmelier, cinema n\u00e3o \u00e9 s\u00f3 lazer: \u00e9 of\u00edcio, \u00e9 expertise, \u00e9 paix\u00e3o em forma de texto.\",\"url\":\"https:\/\/news.filmelier.com\/br\/author\/contato-filmelier\/\"}]}<\/script>\n<!-- \/ Yoast SEO plugin. -->","yoast_head_json":{"title":"Especial de Almod\u00f3var e do Festival de Veneza em setembro na MUBI - News Filmelier","robots":{"index":"index","follow":"follow","max-snippet":"max-snippet:-1","max-image-preview":"max-image-preview:large","max-video-preview":"max-video-preview:-1"},"canonical":"https:\/\/news.filmelier.com\/br\/mubi-setembro-2021\/","og_locale":"pt_BR","og_type":"article","og_title":"Especial de Almod\u00f3var e do Festival de Veneza em setembro na MUBI - News Filmelier","og_description":"A plataforma celebra o anivers\u00e1rio de 72 anos do diretor espanhol","og_url":"https:\/\/news.filmelier.com\/br\/mubi-setembro-2021\/","og_site_name":"News Filmelier","article_published_time":"2021-08-27T13:52:53+00:00","author":"Reda\u00e7\u00e3o Filmelier","twitter_card":"summary_large_image","twitter_misc":{"Escrito por":"Reda\u00e7\u00e3o Filmelier","Est. tempo de leitura":"4 minutos"},"schema":{"@context":"https:\/\/schema.org","@graph":[{"@type":"Article","@id":"https:\/\/news.filmelier.com\/br\/mubi-setembro-2021\/#article","isPartOf":{"@id":"https:\/\/news.filmelier.com\/br\/mubi-setembro-2021\/"},"author":{"name":"Reda\u00e7\u00e3o Filmelier","@id":"https:\/\/homolog.news.filmelier.com\/br\/#\/schema\/person\/a6491aa555ce96d9d1cc15f1742dbd7b"},"headline":"Especial de Almod\u00f3var e do Festival de Veneza em setembro na MUBI","datePublished":"2021-08-27T13:52:53+00:00","mainEntityOfPage":{"@id":"https:\/\/news.filmelier.com\/br\/mubi-setembro-2021\/"},"wordCount":740,"publisher":{"@id":"https:\/\/homolog.news.filmelier.com\/br\/#organization"},"image":{"@id":"https:\/\/news.filmelier.com\/br\/mubi-setembro-2021\/#primaryimage"},"thumbnailUrl":"","keywords":["A Lei do Desejo","Almod\u00f3var","Festival de Veneza","lan\u00e7amentos","Maus H\u00e1bitos","MUBI","Mulheres A beira de um ataque de nervos","Pedro Almod\u00f3var","Que Fiz Eu Para Merecer Isto?","streaming"],"articleSection":["Filmes"],"inLanguage":"pt-BR"},{"@type":"WebPage","@id":"https:\/\/news.filmelier.com\/br\/mubi-setembro-2021\/","url":"https:\/\/news.filmelier.com\/br\/mubi-setembro-2021\/","name":"Especial de Almod\u00f3var e do Festival de Veneza em setembro na MUBI - News Filmelier","isPartOf":{"@id":"https:\/\/homolog.news.filmelier.com\/br\/#website"},"primaryImageOfPage":{"@id":"https:\/\/news.filmelier.com\/br\/mubi-setembro-2021\/#primaryimage"},"image":{"@id":"https:\/\/news.filmelier.com\/br\/mubi-setembro-2021\/#primaryimage"},"thumbnailUrl":"","datePublished":"2021-08-27T13:52:53+00:00","breadcrumb":{"@id":"https:\/\/news.filmelier.com\/br\/mubi-setembro-2021\/#breadcrumb"},"inLanguage":"pt-BR","potentialAction":[{"@type":"ReadAction","target":["https:\/\/news.filmelier.com\/br\/mubi-setembro-2021\/"]}]},{"@type":"ImageObject","inLanguage":"pt-BR","@id":"https:\/\/news.filmelier.com\/br\/mubi-setembro-2021\/#primaryimage","url":"","contentUrl":""},{"@type":"BreadcrumbList","@id":"https:\/\/news.filmelier.com\/br\/mubi-setembro-2021\/#breadcrumb","itemListElement":[{"@type":"ListItem","position":1,"name":"In\u00edcio","item":"https:\/\/homolog.news.filmelier.com\/br\/"},{"@type":"ListItem","position":2,"name":"Especial de Almod\u00f3var e do Festival de Veneza em setembro na MUBI"}]},{"@type":"WebSite","@id":"https:\/\/homolog.news.filmelier.com\/br\/#website","url":"https:\/\/homolog.news.filmelier.com\/br\/","name":"Homolog Filmelier News Rankrup","description":"","publisher":{"@id":"https:\/\/homolog.news.filmelier.com\/br\/#organization"},"potentialAction":[{"@type":"SearchAction","target":{"@type":"EntryPoint","urlTemplate":"https:\/\/homolog.news.filmelier.com\/br\/?s={search_term_string}"},"query-input":{"@type":"PropertyValueSpecification","valueRequired":true,"valueName":"search_term_string"}}],"inLanguage":"pt-BR"},{"@type":"Organization","@id":"https:\/\/homolog.news.filmelier.com\/br\/#organization","name":"Homolog Filmelier News Rankrup","url":"https:\/\/homolog.news.filmelier.com\/br\/","logo":{"@type":"ImageObject","inLanguage":"pt-BR","@id":"https:\/\/homolog.news.filmelier.com\/br\/#\/schema\/logo\/image\/","url":"https:\/\/news.filmelier.com\/wp-content\/uploads\/2024\/11\/Logo-News.png","contentUrl":"https:\/\/news.filmelier.com\/wp-content\/uploads\/2024\/11\/Logo-News.png","width":460,"height":108,"caption":"Homolog Filmelier News Rankrup"},"image":{"@id":"https:\/\/homolog.news.filmelier.com\/br\/#\/schema\/logo\/image\/"}},{"@type":"Person","@id":"https:\/\/homolog.news.filmelier.com\/br\/#\/schema\/person\/a6491aa555ce96d9d1cc15f1742dbd7b","name":"Reda\u00e7\u00e3o Filmelier","image":{"@type":"ImageObject","inLanguage":"pt-BR","@id":"https:\/\/homolog.news.filmelier.com\/br\/#\/schema\/person\/image\/","url":"https:\/\/secure.gravatar.com\/avatar\/8bf80419447553f32d821a953683c4666faca8d781f143825a02644ae3f7e2d0?s=96&d=mm&r=g","contentUrl":"https:\/\/secure.gravatar.com\/avatar\/8bf80419447553f32d821a953683c4666faca8d781f143825a02644ae3f7e2d0?s=96&d=mm&r=g","caption":"Reda\u00e7\u00e3o Filmelier"},"description":"Somos um time de jornalistas e cr\u00edticos que respira cinema a 24 quadros por segundo. Das estreias do circuito aos cl\u00e1ssicos restaurados, da curadoria em streamings \u00e0s entrevistas nos bastidores, nossa reda\u00e7\u00e3o transforma filmes em conte\u00fado inteligente \u2014 com an\u00e1lises afiadas, guias pr\u00e1ticos e hist\u00f3rias que fazem voc\u00ea ver a s\u00e9tima arte com outros olhos. Aqui no Filmelier, cinema n\u00e3o \u00e9 s\u00f3 lazer: \u00e9 of\u00edcio, \u00e9 expertise, \u00e9 paix\u00e3o em forma de texto.","url":"https:\/\/news.filmelier.com\/br\/author\/contato-filmelier\/"}]}},"_links":{"self":[{"href":"https:\/\/news.filmelier.com\/br\/wp-json\/wp\/v2\/posts\/18235","targetHints":{"allow":["GET"]}}],"collection":[{"href":"https:\/\/news.filmelier.com\/br\/wp-json\/wp\/v2\/posts"}],"about":[{"href":"https:\/\/news.filmelier.com\/br\/wp-json\/wp\/v2\/types\/post"}],"author":[{"embeddable":true,"href":"https:\/\/news.filmelier.com\/br\/wp-json\/wp\/v2\/users\/14"}],"replies":[{"embeddable":true,"href":"https:\/\/news.filmelier.com\/br\/wp-json\/wp\/v2\/comments?post=18235"}],"version-history":[{"count":0,"href":"https:\/\/news.filmelier.com\/br\/wp-json\/wp\/v2\/posts\/18235\/revisions"}],"wp:featuredmedia":[{"embeddable":true,"href":"https:\/\/news.filmelier.com\/br\/wp-json\/"}],"wp:attachment":[{"href":"https:\/\/news.filmelier.com\/br\/wp-json\/wp\/v2\/media?parent=18235"}],"wp:term":[{"taxonomy":"category","embeddable":true,"href":"https:\/\/news.filmelier.com\/br\/wp-json\/wp\/v2\/categories?post=18235"},{"taxonomy":"post_tag","embeddable":true,"href":"https:\/\/news.filmelier.com\/br\/wp-json\/wp\/v2\/tags?post=18235"}],"curies":[{"name":"wp","href":"https:\/\/api.w.org\/{rel}","templated":true}]}}