{"id":18196,"date":"2021-08-25T09:36:46","date_gmt":"2021-08-25T12:36:46","guid":{"rendered":"https:\/\/www.filmelier.com\/br\/noticias\/?p=18196"},"modified":"2021-08-25T09:36:46","modified_gmt":"2021-08-25T12:36:46","slug":"melissa-mccarthy-the-starling-trailer-netflix","status":"publish","type":"post","link":"https:\/\/news.filmelier.com\/br\/melissa-mccarthy-the-starling-trailer-netflix\/","title":{"rendered":"Melissa McCarthy estrela trailer de &#8216;The Starling&#8217;, novo drama da Netflix"},"content":{"rendered":"\n<p><a href=\"https:\/\/www.filmelier.com\/br\/noticias\/schumacher-trailer-netflix\" class=\"rank-math-link\">Al\u00e9m de \u2018Schumacher\u2019<\/a>, a Netflix aproveitou o dia para divulgar tamb\u00e9m o trailer de &#8216;The Starling&#8217;. O drama protagonizado por Melissa McCarthy (<a href=\"https:\/\/www.filmelier.com\/br\/film\/14456\/esquadrao-trovao\" class=\"rank-math-link\">&#8216;Esquadr\u00e3o Trov\u00e3o&#8217;<\/a>) e Chris O\u2019Dowd (<a href=\"https:\/\/www.filmelier.com\/br\/film\/13295\/how-to-build-a-girl\" class=\"rank-math-link\">&#8216;How to Build a Girl&#8217;<\/a>), deve chegar {a Netflix em 24 de setembro.<\/p>\n\n\n\n<p>Na hist\u00f3ria, depois que Lilly (McCarthy) sofre uma perda, ela trava uma batalha com um p\u00e1ssaro territorial (que d\u00e1 t\u00edtulo ao filme, o animal \u00e9 da esp\u00e9cie Starling, no Brasil, o nome \u00e9 estorninho-preto) pelo dom\u00ednio de seu jardim. Essa situa\u00e7\u00e3o inesperada acaba ajudando Lilly a redescobrir sua capacidade de amar.<\/p>\n\n\n\n<p>Assista ao trailer abaixo (em ingl\u00eas) :<\/p>\n\n\n\n<figure class=\"wp-block-embed-youtube wp-block-embed is-type-video is-provider-youtube wp-embed-aspect-16-9 wp-has-aspect-ratio\"><div class=\"wp-block-embed__wrapper\">\n<iframe title=\"The Starling | Official Trailer | Netflix\" width=\"800\" height=\"450\" src=\"https:\/\/www.youtube.com\/embed\/fYyImx_KXm4?feature=oembed\" frameborder=\"0\" allow=\"accelerometer; autoplay; clipboard-write; encrypted-media; gyroscope; picture-in-picture; web-share\" referrerpolicy=\"strict-origin-when-cross-origin\" allowfullscreen><\/iframe>\n<\/div><\/figure>\n\n\n\n<p>&#8216;The Starling&#8217; tem dire\u00e7\u00e3o de Theodore Melfi (<a href=\"https:\/\/www.filmelier.com\/br\/film\/1365\/estrelas-alem-do-tempo\" class=\"rank-math-link\">&#8216;Estrelas Al\u00e9m do Tempo&#8217;<\/a>) e roteiro de Matt Harris. O longa-metragem est\u00e1 na sele\u00e7\u00e3o oficial do Festival Internacional de Cinema de Toronto 2021, que ser\u00e1 realizado de 9 a 18 de setembro.<\/p>\n\n\n\n<p>Antes de ser lan\u00e7amento na Netflix, o filme deve ser exibido em cinemas selecionados nos Estados Unidos, e no dia 24 de setembro chega ao streaming mundialmente.<\/p>\n\n\n\n<p class=\"has-text-align-center\"><strong>Siga o Filmelier no\u00a0<a rel=\"noreferrer noopener\" href=\"https:\/\/www.facebook.com\/filmelierbr\" target=\"_blank\">Facebook<\/a>,\u00a0<a rel=\"noreferrer noopener\" href=\"https:\/\/www.twitter.com\/filmelierbr\" target=\"_blank\">Twitter<\/a>,\u00a0<a rel=\"noreferrer noopener\" href=\"https:\/\/www.instagram.com\/filmelierbr\" target=\"_blank\">Instagram<\/a>\u00a0e\u00a0<a rel=\"noreferrer noopener\" href=\"https:\/\/www.tiktok.com\/@filmelierbr\" target=\"_blank\">TikTok<\/a>.<\/strong><\/p>\n","protected":false},"excerpt":{"rendered":"<p>O filme foi selecionado para o Festival Internacional de Cinema de Toronto 2021, que acontece em setembro<\/p>\n","protected":false},"author":14,"featured_media":18197,"comment_status":"closed","ping_status":"open","sticky":false,"template":"","format":"standard","meta":{"_acf_changed":false,"footnotes":""},"categories":[3482],"tags":[3815,7754,6015,9785],"class_list":["post-18196","post","type-post","status-publish","format-standard","has-post-thumbnail","hentry","category-filmes-br","tag-lancamentos-br","tag-melissa-mccarthy","tag-netflix","tag-the-starling"],"acf":{"subtitulo":"","id_ator":""},"yoast_head":"<!-- This site is optimized with the Yoast SEO plugin v26.1.1 - https:\/\/yoast.com\/wordpress\/plugins\/seo\/ -->\n<title>Melissa McCarthy estrela trailer de &#039;The Starling&#039;, novo drama da Netflix - News Filmelier<\/title>\n<meta name=\"robots\" content=\"index, follow, max-snippet:-1, max-image-preview:large, max-video-preview:-1\" \/>\n<link rel=\"canonical\" href=\"https:\/\/news.filmelier.com\/br\/melissa-mccarthy-the-starling-trailer-netflix\/\" \/>\n<meta property=\"og:locale\" content=\"pt_BR\" \/>\n<meta property=\"og:type\" content=\"article\" \/>\n<meta property=\"og:title\" content=\"Melissa McCarthy estrela trailer de &#039;The Starling&#039;, novo drama da Netflix - News Filmelier\" \/>\n<meta property=\"og:description\" content=\"O filme foi selecionado para o Festival Internacional de Cinema de Toronto 2021, que acontece em setembro\" \/>\n<meta property=\"og:url\" content=\"https:\/\/news.filmelier.com\/br\/melissa-mccarthy-the-starling-trailer-netflix\/\" \/>\n<meta property=\"og:site_name\" content=\"News Filmelier\" \/>\n<meta property=\"article:published_time\" content=\"2021-08-25T12:36:46+00:00\" \/>\n<meta name=\"author\" content=\"Reda\u00e7\u00e3o Filmelier\" \/>\n<meta name=\"twitter:card\" content=\"summary_large_image\" \/>\n<meta name=\"twitter:label1\" content=\"Escrito por\" \/>\n\t<meta name=\"twitter:data1\" content=\"Reda\u00e7\u00e3o Filmelier\" \/>\n\t<meta name=\"twitter:label2\" content=\"Est. tempo de leitura\" \/>\n\t<meta name=\"twitter:data2\" content=\"1 minuto\" \/>\n<script type=\"application\/ld+json\" class=\"yoast-schema-graph\">{\"@context\":\"https:\/\/schema.org\",\"@graph\":[{\"@type\":\"Article\",\"@id\":\"https:\/\/news.filmelier.com\/br\/melissa-mccarthy-the-starling-trailer-netflix\/#article\",\"isPartOf\":{\"@id\":\"https:\/\/news.filmelier.com\/br\/melissa-mccarthy-the-starling-trailer-netflix\/\"},\"author\":{\"name\":\"Reda\u00e7\u00e3o Filmelier\",\"@id\":\"https:\/\/homolog.news.filmelier.com\/br\/#\/schema\/person\/a6491aa555ce96d9d1cc15f1742dbd7b\"},\"headline\":\"Melissa McCarthy estrela trailer de &#8216;The Starling&#8217;, novo drama da Netflix\",\"datePublished\":\"2021-08-25T12:36:46+00:00\",\"mainEntityOfPage\":{\"@id\":\"https:\/\/news.filmelier.com\/br\/melissa-mccarthy-the-starling-trailer-netflix\/\"},\"wordCount\":200,\"publisher\":{\"@id\":\"https:\/\/homolog.news.filmelier.com\/br\/#organization\"},\"image\":{\"@id\":\"https:\/\/news.filmelier.com\/br\/melissa-mccarthy-the-starling-trailer-netflix\/#primaryimage\"},\"thumbnailUrl\":\"\",\"keywords\":[\"lan\u00e7amentos\",\"Melissa McCarthy\",\"netflix\",\"The Starling\"],\"articleSection\":[\"Filmes\"],\"inLanguage\":\"pt-BR\"},{\"@type\":\"WebPage\",\"@id\":\"https:\/\/news.filmelier.com\/br\/melissa-mccarthy-the-starling-trailer-netflix\/\",\"url\":\"https:\/\/news.filmelier.com\/br\/melissa-mccarthy-the-starling-trailer-netflix\/\",\"name\":\"Melissa McCarthy estrela trailer de 'The Starling', novo drama da Netflix - News Filmelier\",\"isPartOf\":{\"@id\":\"https:\/\/homolog.news.filmelier.com\/br\/#website\"},\"primaryImageOfPage\":{\"@id\":\"https:\/\/news.filmelier.com\/br\/melissa-mccarthy-the-starling-trailer-netflix\/#primaryimage\"},\"image\":{\"@id\":\"https:\/\/news.filmelier.com\/br\/melissa-mccarthy-the-starling-trailer-netflix\/#primaryimage\"},\"thumbnailUrl\":\"\",\"datePublished\":\"2021-08-25T12:36:46+00:00\",\"breadcrumb\":{\"@id\":\"https:\/\/news.filmelier.com\/br\/melissa-mccarthy-the-starling-trailer-netflix\/#breadcrumb\"},\"inLanguage\":\"pt-BR\",\"potentialAction\":[{\"@type\":\"ReadAction\",\"target\":[\"https:\/\/news.filmelier.com\/br\/melissa-mccarthy-the-starling-trailer-netflix\/\"]}]},{\"@type\":\"ImageObject\",\"inLanguage\":\"pt-BR\",\"@id\":\"https:\/\/news.filmelier.com\/br\/melissa-mccarthy-the-starling-trailer-netflix\/#primaryimage\",\"url\":\"\",\"contentUrl\":\"\"},{\"@type\":\"BreadcrumbList\",\"@id\":\"https:\/\/news.filmelier.com\/br\/melissa-mccarthy-the-starling-trailer-netflix\/#breadcrumb\",\"itemListElement\":[{\"@type\":\"ListItem\",\"position\":1,\"name\":\"In\u00edcio\",\"item\":\"https:\/\/homolog.news.filmelier.com\/br\/\"},{\"@type\":\"ListItem\",\"position\":2,\"name\":\"Melissa McCarthy estrela trailer de &#8216;The Starling&#8217;, novo drama da Netflix\"}]},{\"@type\":\"WebSite\",\"@id\":\"https:\/\/homolog.news.filmelier.com\/br\/#website\",\"url\":\"https:\/\/homolog.news.filmelier.com\/br\/\",\"name\":\"Homolog Filmelier News Rankrup\",\"description\":\"\",\"publisher\":{\"@id\":\"https:\/\/homolog.news.filmelier.com\/br\/#organization\"},\"potentialAction\":[{\"@type\":\"SearchAction\",\"target\":{\"@type\":\"EntryPoint\",\"urlTemplate\":\"https:\/\/homolog.news.filmelier.com\/br\/?s={search_term_string}\"},\"query-input\":{\"@type\":\"PropertyValueSpecification\",\"valueRequired\":true,\"valueName\":\"search_term_string\"}}],\"inLanguage\":\"pt-BR\"},{\"@type\":\"Organization\",\"@id\":\"https:\/\/homolog.news.filmelier.com\/br\/#organization\",\"name\":\"Homolog Filmelier News Rankrup\",\"url\":\"https:\/\/homolog.news.filmelier.com\/br\/\",\"logo\":{\"@type\":\"ImageObject\",\"inLanguage\":\"pt-BR\",\"@id\":\"https:\/\/homolog.news.filmelier.com\/br\/#\/schema\/logo\/image\/\",\"url\":\"https:\/\/news.filmelier.com\/wp-content\/uploads\/2024\/11\/Logo-News.png\",\"contentUrl\":\"https:\/\/news.filmelier.com\/wp-content\/uploads\/2024\/11\/Logo-News.png\",\"width\":460,\"height\":108,\"caption\":\"Homolog Filmelier News Rankrup\"},\"image\":{\"@id\":\"https:\/\/homolog.news.filmelier.com\/br\/#\/schema\/logo\/image\/\"}},{\"@type\":\"Person\",\"@id\":\"https:\/\/homolog.news.filmelier.com\/br\/#\/schema\/person\/a6491aa555ce96d9d1cc15f1742dbd7b\",\"name\":\"Reda\u00e7\u00e3o Filmelier\",\"image\":{\"@type\":\"ImageObject\",\"inLanguage\":\"pt-BR\",\"@id\":\"https:\/\/homolog.news.filmelier.com\/br\/#\/schema\/person\/image\/\",\"url\":\"https:\/\/secure.gravatar.com\/avatar\/8bf80419447553f32d821a953683c4666faca8d781f143825a02644ae3f7e2d0?s=96&d=mm&r=g\",\"contentUrl\":\"https:\/\/secure.gravatar.com\/avatar\/8bf80419447553f32d821a953683c4666faca8d781f143825a02644ae3f7e2d0?s=96&d=mm&r=g\",\"caption\":\"Reda\u00e7\u00e3o Filmelier\"},\"description\":\"Somos um time de jornalistas e cr\u00edticos que respira cinema a 24 quadros por segundo. Das estreias do circuito aos cl\u00e1ssicos restaurados, da curadoria em streamings \u00e0s entrevistas nos bastidores, nossa reda\u00e7\u00e3o transforma filmes em conte\u00fado inteligente \u2014 com an\u00e1lises afiadas, guias pr\u00e1ticos e hist\u00f3rias que fazem voc\u00ea ver a s\u00e9tima arte com outros olhos. Aqui no Filmelier, cinema n\u00e3o \u00e9 s\u00f3 lazer: \u00e9 of\u00edcio, \u00e9 expertise, \u00e9 paix\u00e3o em forma de texto.\",\"url\":\"https:\/\/news.filmelier.com\/br\/author\/contato-filmelier\/\"}]}<\/script>\n<!-- \/ Yoast SEO plugin. -->","yoast_head_json":{"title":"Melissa McCarthy estrela trailer de 'The Starling', novo drama da Netflix - News Filmelier","robots":{"index":"index","follow":"follow","max-snippet":"max-snippet:-1","max-image-preview":"max-image-preview:large","max-video-preview":"max-video-preview:-1"},"canonical":"https:\/\/news.filmelier.com\/br\/melissa-mccarthy-the-starling-trailer-netflix\/","og_locale":"pt_BR","og_type":"article","og_title":"Melissa McCarthy estrela trailer de 'The Starling', novo drama da Netflix - News Filmelier","og_description":"O filme foi selecionado para o Festival Internacional de Cinema de Toronto 2021, que acontece em setembro","og_url":"https:\/\/news.filmelier.com\/br\/melissa-mccarthy-the-starling-trailer-netflix\/","og_site_name":"News Filmelier","article_published_time":"2021-08-25T12:36:46+00:00","author":"Reda\u00e7\u00e3o Filmelier","twitter_card":"summary_large_image","twitter_misc":{"Escrito por":"Reda\u00e7\u00e3o Filmelier","Est. tempo de leitura":"1 minuto"},"schema":{"@context":"https:\/\/schema.org","@graph":[{"@type":"Article","@id":"https:\/\/news.filmelier.com\/br\/melissa-mccarthy-the-starling-trailer-netflix\/#article","isPartOf":{"@id":"https:\/\/news.filmelier.com\/br\/melissa-mccarthy-the-starling-trailer-netflix\/"},"author":{"name":"Reda\u00e7\u00e3o Filmelier","@id":"https:\/\/homolog.news.filmelier.com\/br\/#\/schema\/person\/a6491aa555ce96d9d1cc15f1742dbd7b"},"headline":"Melissa McCarthy estrela trailer de &#8216;The Starling&#8217;, novo drama da Netflix","datePublished":"2021-08-25T12:36:46+00:00","mainEntityOfPage":{"@id":"https:\/\/news.filmelier.com\/br\/melissa-mccarthy-the-starling-trailer-netflix\/"},"wordCount":200,"publisher":{"@id":"https:\/\/homolog.news.filmelier.com\/br\/#organization"},"image":{"@id":"https:\/\/news.filmelier.com\/br\/melissa-mccarthy-the-starling-trailer-netflix\/#primaryimage"},"thumbnailUrl":"","keywords":["lan\u00e7amentos","Melissa McCarthy","netflix","The Starling"],"articleSection":["Filmes"],"inLanguage":"pt-BR"},{"@type":"WebPage","@id":"https:\/\/news.filmelier.com\/br\/melissa-mccarthy-the-starling-trailer-netflix\/","url":"https:\/\/news.filmelier.com\/br\/melissa-mccarthy-the-starling-trailer-netflix\/","name":"Melissa McCarthy estrela trailer de 'The Starling', novo drama da Netflix - News Filmelier","isPartOf":{"@id":"https:\/\/homolog.news.filmelier.com\/br\/#website"},"primaryImageOfPage":{"@id":"https:\/\/news.filmelier.com\/br\/melissa-mccarthy-the-starling-trailer-netflix\/#primaryimage"},"image":{"@id":"https:\/\/news.filmelier.com\/br\/melissa-mccarthy-the-starling-trailer-netflix\/#primaryimage"},"thumbnailUrl":"","datePublished":"2021-08-25T12:36:46+00:00","breadcrumb":{"@id":"https:\/\/news.filmelier.com\/br\/melissa-mccarthy-the-starling-trailer-netflix\/#breadcrumb"},"inLanguage":"pt-BR","potentialAction":[{"@type":"ReadAction","target":["https:\/\/news.filmelier.com\/br\/melissa-mccarthy-the-starling-trailer-netflix\/"]}]},{"@type":"ImageObject","inLanguage":"pt-BR","@id":"https:\/\/news.filmelier.com\/br\/melissa-mccarthy-the-starling-trailer-netflix\/#primaryimage","url":"","contentUrl":""},{"@type":"BreadcrumbList","@id":"https:\/\/news.filmelier.com\/br\/melissa-mccarthy-the-starling-trailer-netflix\/#breadcrumb","itemListElement":[{"@type":"ListItem","position":1,"name":"In\u00edcio","item":"https:\/\/homolog.news.filmelier.com\/br\/"},{"@type":"ListItem","position":2,"name":"Melissa McCarthy estrela trailer de &#8216;The Starling&#8217;, novo drama da Netflix"}]},{"@type":"WebSite","@id":"https:\/\/homolog.news.filmelier.com\/br\/#website","url":"https:\/\/homolog.news.filmelier.com\/br\/","name":"Homolog Filmelier News Rankrup","description":"","publisher":{"@id":"https:\/\/homolog.news.filmelier.com\/br\/#organization"},"potentialAction":[{"@type":"SearchAction","target":{"@type":"EntryPoint","urlTemplate":"https:\/\/homolog.news.filmelier.com\/br\/?s={search_term_string}"},"query-input":{"@type":"PropertyValueSpecification","valueRequired":true,"valueName":"search_term_string"}}],"inLanguage":"pt-BR"},{"@type":"Organization","@id":"https:\/\/homolog.news.filmelier.com\/br\/#organization","name":"Homolog Filmelier News Rankrup","url":"https:\/\/homolog.news.filmelier.com\/br\/","logo":{"@type":"ImageObject","inLanguage":"pt-BR","@id":"https:\/\/homolog.news.filmelier.com\/br\/#\/schema\/logo\/image\/","url":"https:\/\/news.filmelier.com\/wp-content\/uploads\/2024\/11\/Logo-News.png","contentUrl":"https:\/\/news.filmelier.com\/wp-content\/uploads\/2024\/11\/Logo-News.png","width":460,"height":108,"caption":"Homolog Filmelier News Rankrup"},"image":{"@id":"https:\/\/homolog.news.filmelier.com\/br\/#\/schema\/logo\/image\/"}},{"@type":"Person","@id":"https:\/\/homolog.news.filmelier.com\/br\/#\/schema\/person\/a6491aa555ce96d9d1cc15f1742dbd7b","name":"Reda\u00e7\u00e3o Filmelier","image":{"@type":"ImageObject","inLanguage":"pt-BR","@id":"https:\/\/homolog.news.filmelier.com\/br\/#\/schema\/person\/image\/","url":"https:\/\/secure.gravatar.com\/avatar\/8bf80419447553f32d821a953683c4666faca8d781f143825a02644ae3f7e2d0?s=96&d=mm&r=g","contentUrl":"https:\/\/secure.gravatar.com\/avatar\/8bf80419447553f32d821a953683c4666faca8d781f143825a02644ae3f7e2d0?s=96&d=mm&r=g","caption":"Reda\u00e7\u00e3o Filmelier"},"description":"Somos um time de jornalistas e cr\u00edticos que respira cinema a 24 quadros por segundo. Das estreias do circuito aos cl\u00e1ssicos restaurados, da curadoria em streamings \u00e0s entrevistas nos bastidores, nossa reda\u00e7\u00e3o transforma filmes em conte\u00fado inteligente \u2014 com an\u00e1lises afiadas, guias pr\u00e1ticos e hist\u00f3rias que fazem voc\u00ea ver a s\u00e9tima arte com outros olhos. Aqui no Filmelier, cinema n\u00e3o \u00e9 s\u00f3 lazer: \u00e9 of\u00edcio, \u00e9 expertise, \u00e9 paix\u00e3o em forma de texto.","url":"https:\/\/news.filmelier.com\/br\/author\/contato-filmelier\/"}]}},"_links":{"self":[{"href":"https:\/\/news.filmelier.com\/br\/wp-json\/wp\/v2\/posts\/18196","targetHints":{"allow":["GET"]}}],"collection":[{"href":"https:\/\/news.filmelier.com\/br\/wp-json\/wp\/v2\/posts"}],"about":[{"href":"https:\/\/news.filmelier.com\/br\/wp-json\/wp\/v2\/types\/post"}],"author":[{"embeddable":true,"href":"https:\/\/news.filmelier.com\/br\/wp-json\/wp\/v2\/users\/14"}],"replies":[{"embeddable":true,"href":"https:\/\/news.filmelier.com\/br\/wp-json\/wp\/v2\/comments?post=18196"}],"version-history":[{"count":0,"href":"https:\/\/news.filmelier.com\/br\/wp-json\/wp\/v2\/posts\/18196\/revisions"}],"wp:featuredmedia":[{"embeddable":true,"href":"https:\/\/news.filmelier.com\/br\/wp-json\/"}],"wp:attachment":[{"href":"https:\/\/news.filmelier.com\/br\/wp-json\/wp\/v2\/media?parent=18196"}],"wp:term":[{"taxonomy":"category","embeddable":true,"href":"https:\/\/news.filmelier.com\/br\/wp-json\/wp\/v2\/categories?post=18196"},{"taxonomy":"post_tag","embeddable":true,"href":"https:\/\/news.filmelier.com\/br\/wp-json\/wp\/v2\/tags?post=18196"}],"curies":[{"name":"wp","href":"https:\/\/api.w.org\/{rel}","templated":true}]}}