{"id":18100,"date":"2021-08-24T13:24:38","date_gmt":"2021-08-24T16:24:38","guid":{"rendered":"https:\/\/www.filmelier.com\/br\/noticias\/?p=18100"},"modified":"2021-08-24T13:24:38","modified_gmt":"2021-08-24T16:24:38","slug":"um-ano-inesquecivel-prime-video","status":"publish","type":"post","link":"https:\/\/news.filmelier.com\/br\/um-ano-inesquecivel-prime-video\/","title":{"rendered":"&#8216;Um Ano Inesquec\u00edvel&#8217;: Prime Video anuncia primeira franquia original de filmes"},"content":{"rendered":"\n<p>Amazon Prime Video decidiu explorar o universo das franquias. Nesta ter\u00e7a-feira, 24, o streaming divulgou que vai adaptar as hist\u00f3rias do livro &#8216;Um Ano Inesquec\u00edvel&#8217;, que t\u00eam contos de Thalita Rebou\u00e7as, Paula Pimenta, Bruna Vieira e Babi Dewet.<\/p>\n\n\n\n<ul class=\"wp-block-list\"><li><strong>Leia tamb\u00e9m: <a href=\"https:\/\/www.filmelier.com\/br\/noticias\/hotel-transilvania-4-amazon-netflix\" class=\"rank-math-link\">Por que \u2018Hotel Transilv\u00e2nia 4\u2019 vai para o Amazon Prime Video e n\u00e3o para a Netflix?<\/a><\/strong><\/li><\/ul>\n\n\n\n<p><br>O primeiro longa a ser filmado \u00e9 baseado na narrativa de Paula Pimenta e gira em torno de Mabel, uma garota que quer passar seus \u00faltimos momentos antes da formatura viajando com seus amigos de inf\u00e2ncia, mas o inverno chega mais cedo para atrapalhar seus planos. <\/p>\n\n\n\n<figure class=\"wp-block-image size-large\"><img decoding=\"async\" src=\"https:\/\/www.filmelier.com\/br\/noticias\/wp-content\/uploads\/2021\/08\/maxresdefault.jpg\" alt=\"\" class=\"wp-image-18161\"\/><figcaption><em>Mait\u00ea Padilha de &#8216;Gaby Estrella&#8217; ser\u00e1 a protagonista do primeiro filme (Cr\u00e9dito: Divulga\u00e7\u00e3o\/Gloob)<\/em><\/figcaption><\/figure>\n\n\n\n<p><br>Mabel fica furiosa quando \u00e9 for\u00e7ada a viajar para uma esta\u00e7\u00e3o de esqui no Chile com seus pais, mas nessa paisagem monocrom\u00e1tica ela enfrenta seus sentimentos mais profundos, encontra um novo amor e descobre sua verdadeira identidade.<\/p>\n\n\n\n<p>Come\u00e7ando por &#8216;Um Ano Inesquec\u00edvel: Inverno&#8217;, a saga contar\u00e1 tamb\u00e9m com &#8216;Um Ano Inesquec\u00edvel: Outono&#8217;, &#8216;Um Ano Inesquec\u00edvel: Primavera&#8217; e o \u00faltimo volume &#8216;Um Ano Inesquec\u00edvel: Ver\u00e3o&#8217;. A produ\u00e7\u00e3o e a supervis\u00e3o art\u00edstica da franquia s\u00e3o de Rodrigo Montenegro e Mara Lob\u00e3o, da Panor\u00e2mica.<\/p>\n\n\n\n<div class=\"wp-block-image\"><figure class=\"aligncenter size-large\"><img decoding=\"async\" src=\"https:\/\/www.filmelier.com\/br\/noticias\/wp-content\/uploads\/2021\/08\/ano-inesquecivel.jpg\" alt=\"'Um Ano Inesquec\u00edvel': Prime Video anuncia primeira franquia original\" class=\"wp-image-18153\"\/><figcaption><em>Capa de &#8216;Um Ano Inesquec\u00edvel&#8217; (Cr\u00e9dito: Divulga\u00e7\u00e3o\/Gutenberg Editora)<\/em><\/figcaption><\/figure><\/div>\n\n\n\n<p>O primeiro filme ter\u00e1 dire\u00e7\u00e3o de Caroline Fioratti e roteiro de \u00c2ngela Fabri, tendo Marcelo Saback e Vince Marcello, autor e diretor da franquia &#8216;A Barraca do Beijo&#8217;, como consultores.<\/p>\n\n\n\n<p>O elenco conta com Mait\u00ea Padilha, Michel Joelsas, Let\u00edcia Spiller, Marcelo Laham e Miguel Trajano como Mabel e sua fam\u00edlia, enquanto Larissa Murai, Catarina de Carvalho, Julia Gomes e Victorinha interpretar\u00e3o os amigos de Mabel. Tamb\u00e9m participam do elenco Guilherme Terrei (conhecido nas redes como a drag queen Rita Von Hunty), Jo\u00e3o Manoel e Diego Martins.<\/p>\n\n\n\n<p>A franquia &#8216;Um Ano Inesquec\u00edvel&#8217; ainda n\u00e3o tem previs\u00e3o de lan\u00e7amento.<\/p>\n\n\n\n<p class=\"has-text-align-center\"><strong>Siga o Filmelier no\u00a0<a rel=\"noreferrer noopener\" href=\"https:\/\/www.facebook.com\/filmelierbr\" target=\"_blank\">Facebook<\/a>,\u00a0<a rel=\"noreferrer noopener\" href=\"https:\/\/www.twitter.com\/filmelierbr\" target=\"_blank\">Twitter<\/a>,\u00a0<a rel=\"noreferrer noopener\" href=\"https:\/\/www.instagram.com\/filmelierbr\" target=\"_blank\">Instagram<\/a>\u00a0e\u00a0<a rel=\"noreferrer noopener\" href=\"https:\/\/www.tiktok.com\/@filmelierbr\" target=\"_blank\">TikTok<\/a>.<\/strong><br><\/p>\n\n\n\n<p><br><br><\/p>\n","protected":false},"excerpt":{"rendered":"<p>A saga de filmes contar\u00e1 diferentes hist\u00f3rias baseadas nos contos de Thalita Rebou\u00e7as, Paula Pimenta, Bruna Vieira e Babi Dewet<\/p>\n","protected":false},"author":14,"featured_media":18163,"comment_status":"closed","ping_status":"open","sticky":false,"template":"","format":"standard","meta":{"_acf_changed":false,"footnotes":""},"categories":[3482],"tags":[6107,9776,9684,9777,6019,5975,9778,9779,9780,9781,9782,9783,9784],"class_list":["post-18100","post","type-post","status-publish","format-standard","has-post-thumbnail","hentry","category-filmes-br","tag-amazon-prime-video","tag-babi-dewet","tag-cinema-nacional","tag-paula-pimenta","tag-prime-video","tag-streaming","tag-thalita-reboucas","tag-um-ano-inesquecivel","tag-um-ano-inesquecivel-inverno","tag-um-ano-inesquecivel-outono","tag-um-ano-inesquecivel-primavera","tag-um-ano-inesquecivel-verao","tag-vince-marcello"],"acf":{"subtitulo":"","id_ator":""},"yoast_head":"<!-- This site is optimized with the Yoast SEO plugin v26.1.1 - https:\/\/yoast.com\/wordpress\/plugins\/seo\/ -->\n<title>&#039;Um Ano Inesquec\u00edvel&#039;: Prime Video anuncia primeira franquia original de filmes - News Filmelier<\/title>\n<meta name=\"robots\" content=\"index, follow, max-snippet:-1, max-image-preview:large, max-video-preview:-1\" \/>\n<link rel=\"canonical\" href=\"https:\/\/news.filmelier.com\/br\/um-ano-inesquecivel-prime-video\/\" \/>\n<meta property=\"og:locale\" content=\"pt_BR\" \/>\n<meta property=\"og:type\" content=\"article\" \/>\n<meta property=\"og:title\" content=\"&#039;Um Ano Inesquec\u00edvel&#039;: Prime Video anuncia primeira franquia original de filmes - News Filmelier\" \/>\n<meta property=\"og:description\" content=\"A saga de filmes contar\u00e1 diferentes hist\u00f3rias baseadas nos contos de Thalita Rebou\u00e7as, Paula Pimenta, Bruna Vieira e Babi Dewet\" \/>\n<meta property=\"og:url\" content=\"https:\/\/news.filmelier.com\/br\/um-ano-inesquecivel-prime-video\/\" \/>\n<meta property=\"og:site_name\" content=\"News Filmelier\" \/>\n<meta property=\"article:published_time\" content=\"2021-08-24T16:24:38+00:00\" \/>\n<meta name=\"author\" content=\"Reda\u00e7\u00e3o Filmelier\" \/>\n<meta name=\"twitter:card\" content=\"summary_large_image\" \/>\n<meta name=\"twitter:label1\" content=\"Escrito por\" \/>\n\t<meta name=\"twitter:data1\" content=\"Reda\u00e7\u00e3o Filmelier\" \/>\n\t<meta name=\"twitter:label2\" content=\"Est. tempo de leitura\" \/>\n\t<meta name=\"twitter:data2\" content=\"2 minutos\" \/>\n<script type=\"application\/ld+json\" class=\"yoast-schema-graph\">{\"@context\":\"https:\/\/schema.org\",\"@graph\":[{\"@type\":\"Article\",\"@id\":\"https:\/\/news.filmelier.com\/br\/um-ano-inesquecivel-prime-video\/#article\",\"isPartOf\":{\"@id\":\"https:\/\/news.filmelier.com\/br\/um-ano-inesquecivel-prime-video\/\"},\"author\":{\"name\":\"Reda\u00e7\u00e3o Filmelier\",\"@id\":\"https:\/\/homolog.news.filmelier.com\/br\/#\/schema\/person\/a6491aa555ce96d9d1cc15f1742dbd7b\"},\"headline\":\"&#8216;Um Ano Inesquec\u00edvel&#8217;: Prime Video anuncia primeira franquia original de filmes\",\"datePublished\":\"2021-08-24T16:24:38+00:00\",\"mainEntityOfPage\":{\"@id\":\"https:\/\/news.filmelier.com\/br\/um-ano-inesquecivel-prime-video\/\"},\"wordCount\":360,\"publisher\":{\"@id\":\"https:\/\/homolog.news.filmelier.com\/br\/#organization\"},\"image\":{\"@id\":\"https:\/\/news.filmelier.com\/br\/um-ano-inesquecivel-prime-video\/#primaryimage\"},\"thumbnailUrl\":\"\",\"keywords\":[\"Amazon Prime Video\",\"Babi Dewet\",\"cinema nacional\",\"Paula Pimenta\",\"Prime Video\",\"streaming\",\"Thalita Rebou\u00e7as\",\"Um Ano Inesquec\u00edvel\",\"Um Ano Inesquec\u00edvel: Inverno\",\"Um Ano Inesquec\u00edvel: Outono\",\"Um Ano Inesquec\u00edvel: Primavera\",\"Um Ano Inesquec\u00edvel: Ver\u00e3o\",\"Vince Marcello\"],\"articleSection\":[\"Filmes\"],\"inLanguage\":\"pt-BR\"},{\"@type\":\"WebPage\",\"@id\":\"https:\/\/news.filmelier.com\/br\/um-ano-inesquecivel-prime-video\/\",\"url\":\"https:\/\/news.filmelier.com\/br\/um-ano-inesquecivel-prime-video\/\",\"name\":\"'Um Ano Inesquec\u00edvel': Prime Video anuncia primeira franquia original de filmes - News Filmelier\",\"isPartOf\":{\"@id\":\"https:\/\/homolog.news.filmelier.com\/br\/#website\"},\"primaryImageOfPage\":{\"@id\":\"https:\/\/news.filmelier.com\/br\/um-ano-inesquecivel-prime-video\/#primaryimage\"},\"image\":{\"@id\":\"https:\/\/news.filmelier.com\/br\/um-ano-inesquecivel-prime-video\/#primaryimage\"},\"thumbnailUrl\":\"\",\"datePublished\":\"2021-08-24T16:24:38+00:00\",\"breadcrumb\":{\"@id\":\"https:\/\/news.filmelier.com\/br\/um-ano-inesquecivel-prime-video\/#breadcrumb\"},\"inLanguage\":\"pt-BR\",\"potentialAction\":[{\"@type\":\"ReadAction\",\"target\":[\"https:\/\/news.filmelier.com\/br\/um-ano-inesquecivel-prime-video\/\"]}]},{\"@type\":\"ImageObject\",\"inLanguage\":\"pt-BR\",\"@id\":\"https:\/\/news.filmelier.com\/br\/um-ano-inesquecivel-prime-video\/#primaryimage\",\"url\":\"\",\"contentUrl\":\"\"},{\"@type\":\"BreadcrumbList\",\"@id\":\"https:\/\/news.filmelier.com\/br\/um-ano-inesquecivel-prime-video\/#breadcrumb\",\"itemListElement\":[{\"@type\":\"ListItem\",\"position\":1,\"name\":\"In\u00edcio\",\"item\":\"https:\/\/homolog.news.filmelier.com\/br\/\"},{\"@type\":\"ListItem\",\"position\":2,\"name\":\"&#8216;Um Ano Inesquec\u00edvel&#8217;: Prime Video anuncia primeira franquia original de filmes\"}]},{\"@type\":\"WebSite\",\"@id\":\"https:\/\/homolog.news.filmelier.com\/br\/#website\",\"url\":\"https:\/\/homolog.news.filmelier.com\/br\/\",\"name\":\"Homolog Filmelier News Rankrup\",\"description\":\"\",\"publisher\":{\"@id\":\"https:\/\/homolog.news.filmelier.com\/br\/#organization\"},\"potentialAction\":[{\"@type\":\"SearchAction\",\"target\":{\"@type\":\"EntryPoint\",\"urlTemplate\":\"https:\/\/homolog.news.filmelier.com\/br\/?s={search_term_string}\"},\"query-input\":{\"@type\":\"PropertyValueSpecification\",\"valueRequired\":true,\"valueName\":\"search_term_string\"}}],\"inLanguage\":\"pt-BR\"},{\"@type\":\"Organization\",\"@id\":\"https:\/\/homolog.news.filmelier.com\/br\/#organization\",\"name\":\"Homolog Filmelier News Rankrup\",\"url\":\"https:\/\/homolog.news.filmelier.com\/br\/\",\"logo\":{\"@type\":\"ImageObject\",\"inLanguage\":\"pt-BR\",\"@id\":\"https:\/\/homolog.news.filmelier.com\/br\/#\/schema\/logo\/image\/\",\"url\":\"https:\/\/news.filmelier.com\/wp-content\/uploads\/2024\/11\/Logo-News.png\",\"contentUrl\":\"https:\/\/news.filmelier.com\/wp-content\/uploads\/2024\/11\/Logo-News.png\",\"width\":460,\"height\":108,\"caption\":\"Homolog Filmelier News Rankrup\"},\"image\":{\"@id\":\"https:\/\/homolog.news.filmelier.com\/br\/#\/schema\/logo\/image\/\"}},{\"@type\":\"Person\",\"@id\":\"https:\/\/homolog.news.filmelier.com\/br\/#\/schema\/person\/a6491aa555ce96d9d1cc15f1742dbd7b\",\"name\":\"Reda\u00e7\u00e3o Filmelier\",\"image\":{\"@type\":\"ImageObject\",\"inLanguage\":\"pt-BR\",\"@id\":\"https:\/\/homolog.news.filmelier.com\/br\/#\/schema\/person\/image\/\",\"url\":\"https:\/\/secure.gravatar.com\/avatar\/8bf80419447553f32d821a953683c4666faca8d781f143825a02644ae3f7e2d0?s=96&d=mm&r=g\",\"contentUrl\":\"https:\/\/secure.gravatar.com\/avatar\/8bf80419447553f32d821a953683c4666faca8d781f143825a02644ae3f7e2d0?s=96&d=mm&r=g\",\"caption\":\"Reda\u00e7\u00e3o Filmelier\"},\"description\":\"Somos um time de jornalistas e cr\u00edticos que respira cinema a 24 quadros por segundo. Das estreias do circuito aos cl\u00e1ssicos restaurados, da curadoria em streamings \u00e0s entrevistas nos bastidores, nossa reda\u00e7\u00e3o transforma filmes em conte\u00fado inteligente \u2014 com an\u00e1lises afiadas, guias pr\u00e1ticos e hist\u00f3rias que fazem voc\u00ea ver a s\u00e9tima arte com outros olhos. Aqui no Filmelier, cinema n\u00e3o \u00e9 s\u00f3 lazer: \u00e9 of\u00edcio, \u00e9 expertise, \u00e9 paix\u00e3o em forma de texto.\",\"url\":\"https:\/\/news.filmelier.com\/br\/author\/contato-filmelier\/\"}]}<\/script>\n<!-- \/ Yoast SEO plugin. -->","yoast_head_json":{"title":"'Um Ano Inesquec\u00edvel': Prime Video anuncia primeira franquia original de filmes - News Filmelier","robots":{"index":"index","follow":"follow","max-snippet":"max-snippet:-1","max-image-preview":"max-image-preview:large","max-video-preview":"max-video-preview:-1"},"canonical":"https:\/\/news.filmelier.com\/br\/um-ano-inesquecivel-prime-video\/","og_locale":"pt_BR","og_type":"article","og_title":"'Um Ano Inesquec\u00edvel': Prime Video anuncia primeira franquia original de filmes - News Filmelier","og_description":"A saga de filmes contar\u00e1 diferentes hist\u00f3rias baseadas nos contos de Thalita Rebou\u00e7as, Paula Pimenta, Bruna Vieira e Babi Dewet","og_url":"https:\/\/news.filmelier.com\/br\/um-ano-inesquecivel-prime-video\/","og_site_name":"News Filmelier","article_published_time":"2021-08-24T16:24:38+00:00","author":"Reda\u00e7\u00e3o Filmelier","twitter_card":"summary_large_image","twitter_misc":{"Escrito por":"Reda\u00e7\u00e3o Filmelier","Est. tempo de leitura":"2 minutos"},"schema":{"@context":"https:\/\/schema.org","@graph":[{"@type":"Article","@id":"https:\/\/news.filmelier.com\/br\/um-ano-inesquecivel-prime-video\/#article","isPartOf":{"@id":"https:\/\/news.filmelier.com\/br\/um-ano-inesquecivel-prime-video\/"},"author":{"name":"Reda\u00e7\u00e3o Filmelier","@id":"https:\/\/homolog.news.filmelier.com\/br\/#\/schema\/person\/a6491aa555ce96d9d1cc15f1742dbd7b"},"headline":"&#8216;Um Ano Inesquec\u00edvel&#8217;: Prime Video anuncia primeira franquia original de filmes","datePublished":"2021-08-24T16:24:38+00:00","mainEntityOfPage":{"@id":"https:\/\/news.filmelier.com\/br\/um-ano-inesquecivel-prime-video\/"},"wordCount":360,"publisher":{"@id":"https:\/\/homolog.news.filmelier.com\/br\/#organization"},"image":{"@id":"https:\/\/news.filmelier.com\/br\/um-ano-inesquecivel-prime-video\/#primaryimage"},"thumbnailUrl":"","keywords":["Amazon Prime Video","Babi Dewet","cinema nacional","Paula Pimenta","Prime Video","streaming","Thalita Rebou\u00e7as","Um Ano Inesquec\u00edvel","Um Ano Inesquec\u00edvel: Inverno","Um Ano Inesquec\u00edvel: Outono","Um Ano Inesquec\u00edvel: Primavera","Um Ano Inesquec\u00edvel: Ver\u00e3o","Vince Marcello"],"articleSection":["Filmes"],"inLanguage":"pt-BR"},{"@type":"WebPage","@id":"https:\/\/news.filmelier.com\/br\/um-ano-inesquecivel-prime-video\/","url":"https:\/\/news.filmelier.com\/br\/um-ano-inesquecivel-prime-video\/","name":"'Um Ano Inesquec\u00edvel': Prime Video anuncia primeira franquia original de filmes - News Filmelier","isPartOf":{"@id":"https:\/\/homolog.news.filmelier.com\/br\/#website"},"primaryImageOfPage":{"@id":"https:\/\/news.filmelier.com\/br\/um-ano-inesquecivel-prime-video\/#primaryimage"},"image":{"@id":"https:\/\/news.filmelier.com\/br\/um-ano-inesquecivel-prime-video\/#primaryimage"},"thumbnailUrl":"","datePublished":"2021-08-24T16:24:38+00:00","breadcrumb":{"@id":"https:\/\/news.filmelier.com\/br\/um-ano-inesquecivel-prime-video\/#breadcrumb"},"inLanguage":"pt-BR","potentialAction":[{"@type":"ReadAction","target":["https:\/\/news.filmelier.com\/br\/um-ano-inesquecivel-prime-video\/"]}]},{"@type":"ImageObject","inLanguage":"pt-BR","@id":"https:\/\/news.filmelier.com\/br\/um-ano-inesquecivel-prime-video\/#primaryimage","url":"","contentUrl":""},{"@type":"BreadcrumbList","@id":"https:\/\/news.filmelier.com\/br\/um-ano-inesquecivel-prime-video\/#breadcrumb","itemListElement":[{"@type":"ListItem","position":1,"name":"In\u00edcio","item":"https:\/\/homolog.news.filmelier.com\/br\/"},{"@type":"ListItem","position":2,"name":"&#8216;Um Ano Inesquec\u00edvel&#8217;: Prime Video anuncia primeira franquia original de filmes"}]},{"@type":"WebSite","@id":"https:\/\/homolog.news.filmelier.com\/br\/#website","url":"https:\/\/homolog.news.filmelier.com\/br\/","name":"Homolog Filmelier News Rankrup","description":"","publisher":{"@id":"https:\/\/homolog.news.filmelier.com\/br\/#organization"},"potentialAction":[{"@type":"SearchAction","target":{"@type":"EntryPoint","urlTemplate":"https:\/\/homolog.news.filmelier.com\/br\/?s={search_term_string}"},"query-input":{"@type":"PropertyValueSpecification","valueRequired":true,"valueName":"search_term_string"}}],"inLanguage":"pt-BR"},{"@type":"Organization","@id":"https:\/\/homolog.news.filmelier.com\/br\/#organization","name":"Homolog Filmelier News Rankrup","url":"https:\/\/homolog.news.filmelier.com\/br\/","logo":{"@type":"ImageObject","inLanguage":"pt-BR","@id":"https:\/\/homolog.news.filmelier.com\/br\/#\/schema\/logo\/image\/","url":"https:\/\/news.filmelier.com\/wp-content\/uploads\/2024\/11\/Logo-News.png","contentUrl":"https:\/\/news.filmelier.com\/wp-content\/uploads\/2024\/11\/Logo-News.png","width":460,"height":108,"caption":"Homolog Filmelier News Rankrup"},"image":{"@id":"https:\/\/homolog.news.filmelier.com\/br\/#\/schema\/logo\/image\/"}},{"@type":"Person","@id":"https:\/\/homolog.news.filmelier.com\/br\/#\/schema\/person\/a6491aa555ce96d9d1cc15f1742dbd7b","name":"Reda\u00e7\u00e3o Filmelier","image":{"@type":"ImageObject","inLanguage":"pt-BR","@id":"https:\/\/homolog.news.filmelier.com\/br\/#\/schema\/person\/image\/","url":"https:\/\/secure.gravatar.com\/avatar\/8bf80419447553f32d821a953683c4666faca8d781f143825a02644ae3f7e2d0?s=96&d=mm&r=g","contentUrl":"https:\/\/secure.gravatar.com\/avatar\/8bf80419447553f32d821a953683c4666faca8d781f143825a02644ae3f7e2d0?s=96&d=mm&r=g","caption":"Reda\u00e7\u00e3o Filmelier"},"description":"Somos um time de jornalistas e cr\u00edticos que respira cinema a 24 quadros por segundo. Das estreias do circuito aos cl\u00e1ssicos restaurados, da curadoria em streamings \u00e0s entrevistas nos bastidores, nossa reda\u00e7\u00e3o transforma filmes em conte\u00fado inteligente \u2014 com an\u00e1lises afiadas, guias pr\u00e1ticos e hist\u00f3rias que fazem voc\u00ea ver a s\u00e9tima arte com outros olhos. Aqui no Filmelier, cinema n\u00e3o \u00e9 s\u00f3 lazer: \u00e9 of\u00edcio, \u00e9 expertise, \u00e9 paix\u00e3o em forma de texto.","url":"https:\/\/news.filmelier.com\/br\/author\/contato-filmelier\/"}]}},"_links":{"self":[{"href":"https:\/\/news.filmelier.com\/br\/wp-json\/wp\/v2\/posts\/18100","targetHints":{"allow":["GET"]}}],"collection":[{"href":"https:\/\/news.filmelier.com\/br\/wp-json\/wp\/v2\/posts"}],"about":[{"href":"https:\/\/news.filmelier.com\/br\/wp-json\/wp\/v2\/types\/post"}],"author":[{"embeddable":true,"href":"https:\/\/news.filmelier.com\/br\/wp-json\/wp\/v2\/users\/14"}],"replies":[{"embeddable":true,"href":"https:\/\/news.filmelier.com\/br\/wp-json\/wp\/v2\/comments?post=18100"}],"version-history":[{"count":0,"href":"https:\/\/news.filmelier.com\/br\/wp-json\/wp\/v2\/posts\/18100\/revisions"}],"wp:featuredmedia":[{"embeddable":true,"href":"https:\/\/news.filmelier.com\/br\/wp-json\/"}],"wp:attachment":[{"href":"https:\/\/news.filmelier.com\/br\/wp-json\/wp\/v2\/media?parent=18100"}],"wp:term":[{"taxonomy":"category","embeddable":true,"href":"https:\/\/news.filmelier.com\/br\/wp-json\/wp\/v2\/categories?post=18100"},{"taxonomy":"post_tag","embeddable":true,"href":"https:\/\/news.filmelier.com\/br\/wp-json\/wp\/v2\/tags?post=18100"}],"curies":[{"name":"wp","href":"https:\/\/api.w.org\/{rel}","templated":true}]}}