{"id":18065,"date":"2021-08-19T15:10:48","date_gmt":"2021-08-19T18:10:48","guid":{"rendered":"https:\/\/www.filmelier.com\/br\/noticias\/?p=18065"},"modified":"2021-08-19T15:10:48","modified_gmt":"2021-08-19T18:10:48","slug":"suzane-von-richthofen-prime-video-filmes","status":"publish","type":"post","link":"https:\/\/news.filmelier.com\/br\/suzane-von-richthofen-prime-video-filmes\/","title":{"rendered":"Filmes sobre Suzane von Richthofen chegam ao Amazon Prime Video em setembro"},"content":{"rendered":"\n<p>&#8216;A Menina Que Matou os Pais&#8217; e &#8216;O Menino Que Matou Meus Pais&#8217; ganharam data de lan\u00e7amento na <a href=\"https:\/\/www.filmelier.com\/br\/platforms\/amazon-prime-video\" class=\"rank-math-link\">Amazon Prime Video<\/a>. Os dois filmes, que contam as vers\u00f5es de Suzane von Richthofen e dos irm\u00e3os Cravinhos sobre o crime que chocou o Brasil nos anos 2000, chegam ao streaming em 24 de setembro.<\/p>\n\n\n\n<p>As produ\u00e7\u00f5es estavam previstas para estrear primeiro nos cinemas, mas acabaram ficando sem data por conta da pandemia da covid-19. Chegam, assim, direto para o video on demand por assinatura.<\/p>\n\n\n\n<p>Cada longa tem aproximadamente 80 minutos de dura\u00e7\u00e3o e contam diferentes pontos de vista da hist\u00f3ria do casal de namorados Suzane e Daniel. Os roteiros t\u00eam como base informa\u00e7\u00f5es contidas nos autos do processo que terminou com a condena\u00e7\u00e3o dos dois pela morte dos pais de da mo\u00e7a.<\/p>\n\n\n\n<ul class=\"wp-block-list\"><li><strong>Leia tamb\u00e9m:&nbsp;<a href=\"https:\/\/www.filmelier.com\/br\/noticias\/filmes-suzane-von-richthofen-ccxp\/\">Carla Diaz diz que se isentou de julgamento pessoal para interpretar Suzane von Richthofen<\/a><\/strong><\/li><\/ul>\n\n\n\n<figure class=\"wp-block-image size-large\"><img decoding=\"async\" src=\"https:\/\/www.filmelier.com\/br\/noticias\/wp-content\/uploads\/2021\/08\/carla-1024x615-1.jpg\" alt=\"\" class=\"wp-image-18068\"\/><\/figure>\n\n\n\n<p>Para quem sabe do crime, em 2002, o casal se declarou culpado pelo brutal assassinato de Manfred e Marisia von Richthofen, pais de Suzane. Ao longo dos filmes s\u00e3o apresentados o caso e poss\u00edveis motivos do casal para cometer essa atrocidade. &#8216;A Menina Que Matou os Pais&#8217; \u00e9 inspirado no depoimento de Daniel, e &#8216;O Menino Que Matou Meus Pais&#8217; baseia-se no de Suzane.<\/p>\n\n\n\n<p>Com dire\u00e7\u00e3o de Mauricio E\u00e7a e roteiros de Ilana Casoy e Raphael Montes, os filmes s\u00e3o estrelados por Carla Diaz, Leonardo Bittencourt, Allan Souza Lima, Kauan Ceglio, Leonardo Medeiros, Vera Zimmermann, Augusto Madeira, Debora Duboc, Marcelo V\u00e1rzea, Fernanda Viacava, Gabi Lopes e Taiguara Nazareth. <\/p>\n\n\n\n<p>Assista ao trailer do filme:<\/p>\n\n\n\n<figure class=\"wp-block-embed-youtube wp-block-embed is-type-video is-provider-youtube wp-embed-aspect-16-9 wp-has-aspect-ratio\"><div class=\"wp-block-embed__wrapper\">\n<iframe title=\"CLIPE OFICIAL - A MENINA QUE MATOU OS PAIS | O MENINO QUE MATOU MEUS PAIS\" width=\"800\" height=\"450\" src=\"https:\/\/www.youtube.com\/embed\/yyxdrX8sTQ0?feature=oembed\" frameborder=\"0\" allow=\"accelerometer; autoplay; clipboard-write; encrypted-media; gyroscope; picture-in-picture; web-share\" referrerpolicy=\"strict-origin-when-cross-origin\" allowfullscreen><\/iframe>\n<\/div><\/figure>\n\n\n\n<p>Os dois longas chegam ao Prime Video de forma simult\u00e2nea, no dia 24 de setembro.<\/p>\n\n\n\n<p class=\"has-text-align-center\"><strong>Siga o Filmelier no&nbsp;<a rel=\"noreferrer noopener\" href=\"https:\/\/www.facebook.com\/filmelierbr\" target=\"_blank\">Facebook<\/a>,&nbsp;<a rel=\"noreferrer noopener\" href=\"https:\/\/www.twitter.com\/filmelierbr\" target=\"_blank\">Twitter<\/a>,&nbsp;<a rel=\"noreferrer noopener\" href=\"https:\/\/www.instagram.com\/filmelierbr\" target=\"_blank\">Instagram<\/a>&nbsp;e&nbsp;<a rel=\"noreferrer noopener\" href=\"https:\/\/www.tiktok.com\/@filmelierbr\" target=\"_blank\">TikTok<\/a>.<\/strong><\/p>\n","protected":false},"excerpt":{"rendered":"<p>&#8216;A Menina Que Matou os Pais&#8217; e &#8216;O Menino Que Matou Meus Pais&#8217; chegam ao streaming em setembro<\/p>\n","protected":false},"author":14,"featured_media":18067,"comment_status":"closed","ping_status":"open","sticky":false,"template":"","format":"standard","meta":{"_acf_changed":false,"footnotes":""},"categories":[3482],"tags":[9770,6107,9684,9771,9772,6014,9773,9774,9775],"class_list":["post-18065","post","type-post","status-publish","format-standard","has-post-thumbnail","hentry","category-filmes-br","tag-a-menina-que-matou-os-pais","tag-amazon-prime-video","tag-cinema-nacional","tag-crime","tag-daniel-cravinhos","tag-drama","tag-irmaos-cravinhos","tag-o-menino-que-matou-meus-pais","tag-suzane-von-richthofen"],"acf":{"subtitulo":"","id_ator":""},"yoast_head":"<!-- This site is optimized with the Yoast SEO plugin v26.1.1 - https:\/\/yoast.com\/wordpress\/plugins\/seo\/ -->\n<title>Filmes sobre Suzane von Richthofen chegam ao Amazon Prime Video em setembro - News Filmelier<\/title>\n<meta name=\"robots\" content=\"index, follow, max-snippet:-1, max-image-preview:large, max-video-preview:-1\" \/>\n<link rel=\"canonical\" href=\"https:\/\/news.filmelier.com\/br\/suzane-von-richthofen-prime-video-filmes\/\" \/>\n<meta property=\"og:locale\" content=\"pt_BR\" \/>\n<meta property=\"og:type\" content=\"article\" \/>\n<meta property=\"og:title\" content=\"Filmes sobre Suzane von Richthofen chegam ao Amazon Prime Video em setembro - News Filmelier\" \/>\n<meta property=\"og:description\" content=\"&#039;A Menina Que Matou os Pais&#039; e &#039;O Menino Que Matou Meus Pais&#039; chegam ao streaming em setembro\" \/>\n<meta property=\"og:url\" content=\"https:\/\/news.filmelier.com\/br\/suzane-von-richthofen-prime-video-filmes\/\" \/>\n<meta property=\"og:site_name\" content=\"News Filmelier\" \/>\n<meta property=\"article:published_time\" content=\"2021-08-19T18:10:48+00:00\" \/>\n<meta name=\"author\" content=\"Reda\u00e7\u00e3o Filmelier\" \/>\n<meta name=\"twitter:card\" content=\"summary_large_image\" \/>\n<meta name=\"twitter:label1\" content=\"Escrito por\" \/>\n\t<meta name=\"twitter:data1\" content=\"Reda\u00e7\u00e3o Filmelier\" \/>\n\t<meta name=\"twitter:label2\" content=\"Est. tempo de leitura\" \/>\n\t<meta name=\"twitter:data2\" content=\"2 minutos\" \/>\n<script type=\"application\/ld+json\" class=\"yoast-schema-graph\">{\"@context\":\"https:\/\/schema.org\",\"@graph\":[{\"@type\":\"Article\",\"@id\":\"https:\/\/news.filmelier.com\/br\/suzane-von-richthofen-prime-video-filmes\/#article\",\"isPartOf\":{\"@id\":\"https:\/\/news.filmelier.com\/br\/suzane-von-richthofen-prime-video-filmes\/\"},\"author\":{\"name\":\"Reda\u00e7\u00e3o Filmelier\",\"@id\":\"https:\/\/homolog.news.filmelier.com\/br\/#\/schema\/person\/a6491aa555ce96d9d1cc15f1742dbd7b\"},\"headline\":\"Filmes sobre Suzane von Richthofen chegam ao Amazon Prime Video em setembro\",\"datePublished\":\"2021-08-19T18:10:48+00:00\",\"mainEntityOfPage\":{\"@id\":\"https:\/\/news.filmelier.com\/br\/suzane-von-richthofen-prime-video-filmes\/\"},\"wordCount\":322,\"publisher\":{\"@id\":\"https:\/\/homolog.news.filmelier.com\/br\/#organization\"},\"image\":{\"@id\":\"https:\/\/news.filmelier.com\/br\/suzane-von-richthofen-prime-video-filmes\/#primaryimage\"},\"thumbnailUrl\":\"\",\"keywords\":[\"A Menina Que Matou os Pais\",\"Amazon Prime Video\",\"cinema nacional\",\"crime\",\"Daniel Cravinhos\",\"Drama\",\"irm\u00e3os Cravinhos\",\"O Menino Que Matou Meus Pais\",\"Suzane von Richthofen\"],\"articleSection\":[\"Filmes\"],\"inLanguage\":\"pt-BR\"},{\"@type\":\"WebPage\",\"@id\":\"https:\/\/news.filmelier.com\/br\/suzane-von-richthofen-prime-video-filmes\/\",\"url\":\"https:\/\/news.filmelier.com\/br\/suzane-von-richthofen-prime-video-filmes\/\",\"name\":\"Filmes sobre Suzane von Richthofen chegam ao Amazon Prime Video em setembro - News Filmelier\",\"isPartOf\":{\"@id\":\"https:\/\/homolog.news.filmelier.com\/br\/#website\"},\"primaryImageOfPage\":{\"@id\":\"https:\/\/news.filmelier.com\/br\/suzane-von-richthofen-prime-video-filmes\/#primaryimage\"},\"image\":{\"@id\":\"https:\/\/news.filmelier.com\/br\/suzane-von-richthofen-prime-video-filmes\/#primaryimage\"},\"thumbnailUrl\":\"\",\"datePublished\":\"2021-08-19T18:10:48+00:00\",\"breadcrumb\":{\"@id\":\"https:\/\/news.filmelier.com\/br\/suzane-von-richthofen-prime-video-filmes\/#breadcrumb\"},\"inLanguage\":\"pt-BR\",\"potentialAction\":[{\"@type\":\"ReadAction\",\"target\":[\"https:\/\/news.filmelier.com\/br\/suzane-von-richthofen-prime-video-filmes\/\"]}]},{\"@type\":\"ImageObject\",\"inLanguage\":\"pt-BR\",\"@id\":\"https:\/\/news.filmelier.com\/br\/suzane-von-richthofen-prime-video-filmes\/#primaryimage\",\"url\":\"\",\"contentUrl\":\"\"},{\"@type\":\"BreadcrumbList\",\"@id\":\"https:\/\/news.filmelier.com\/br\/suzane-von-richthofen-prime-video-filmes\/#breadcrumb\",\"itemListElement\":[{\"@type\":\"ListItem\",\"position\":1,\"name\":\"In\u00edcio\",\"item\":\"https:\/\/homolog.news.filmelier.com\/br\/\"},{\"@type\":\"ListItem\",\"position\":2,\"name\":\"Filmes sobre Suzane von Richthofen chegam ao Amazon Prime Video em setembro\"}]},{\"@type\":\"WebSite\",\"@id\":\"https:\/\/homolog.news.filmelier.com\/br\/#website\",\"url\":\"https:\/\/homolog.news.filmelier.com\/br\/\",\"name\":\"Homolog Filmelier News Rankrup\",\"description\":\"\",\"publisher\":{\"@id\":\"https:\/\/homolog.news.filmelier.com\/br\/#organization\"},\"potentialAction\":[{\"@type\":\"SearchAction\",\"target\":{\"@type\":\"EntryPoint\",\"urlTemplate\":\"https:\/\/homolog.news.filmelier.com\/br\/?s={search_term_string}\"},\"query-input\":{\"@type\":\"PropertyValueSpecification\",\"valueRequired\":true,\"valueName\":\"search_term_string\"}}],\"inLanguage\":\"pt-BR\"},{\"@type\":\"Organization\",\"@id\":\"https:\/\/homolog.news.filmelier.com\/br\/#organization\",\"name\":\"Homolog Filmelier News Rankrup\",\"url\":\"https:\/\/homolog.news.filmelier.com\/br\/\",\"logo\":{\"@type\":\"ImageObject\",\"inLanguage\":\"pt-BR\",\"@id\":\"https:\/\/homolog.news.filmelier.com\/br\/#\/schema\/logo\/image\/\",\"url\":\"https:\/\/news.filmelier.com\/wp-content\/uploads\/2024\/11\/Logo-News.png\",\"contentUrl\":\"https:\/\/news.filmelier.com\/wp-content\/uploads\/2024\/11\/Logo-News.png\",\"width\":460,\"height\":108,\"caption\":\"Homolog Filmelier News Rankrup\"},\"image\":{\"@id\":\"https:\/\/homolog.news.filmelier.com\/br\/#\/schema\/logo\/image\/\"}},{\"@type\":\"Person\",\"@id\":\"https:\/\/homolog.news.filmelier.com\/br\/#\/schema\/person\/a6491aa555ce96d9d1cc15f1742dbd7b\",\"name\":\"Reda\u00e7\u00e3o Filmelier\",\"image\":{\"@type\":\"ImageObject\",\"inLanguage\":\"pt-BR\",\"@id\":\"https:\/\/homolog.news.filmelier.com\/br\/#\/schema\/person\/image\/\",\"url\":\"https:\/\/secure.gravatar.com\/avatar\/8bf80419447553f32d821a953683c4666faca8d781f143825a02644ae3f7e2d0?s=96&d=mm&r=g\",\"contentUrl\":\"https:\/\/secure.gravatar.com\/avatar\/8bf80419447553f32d821a953683c4666faca8d781f143825a02644ae3f7e2d0?s=96&d=mm&r=g\",\"caption\":\"Reda\u00e7\u00e3o Filmelier\"},\"description\":\"Somos um time de jornalistas e cr\u00edticos que respira cinema a 24 quadros por segundo. Das estreias do circuito aos cl\u00e1ssicos restaurados, da curadoria em streamings \u00e0s entrevistas nos bastidores, nossa reda\u00e7\u00e3o transforma filmes em conte\u00fado inteligente \u2014 com an\u00e1lises afiadas, guias pr\u00e1ticos e hist\u00f3rias que fazem voc\u00ea ver a s\u00e9tima arte com outros olhos. Aqui no Filmelier, cinema n\u00e3o \u00e9 s\u00f3 lazer: \u00e9 of\u00edcio, \u00e9 expertise, \u00e9 paix\u00e3o em forma de texto.\",\"url\":\"https:\/\/news.filmelier.com\/br\/author\/contato-filmelier\/\"}]}<\/script>\n<!-- \/ Yoast SEO plugin. -->","yoast_head_json":{"title":"Filmes sobre Suzane von Richthofen chegam ao Amazon Prime Video em setembro - News Filmelier","robots":{"index":"index","follow":"follow","max-snippet":"max-snippet:-1","max-image-preview":"max-image-preview:large","max-video-preview":"max-video-preview:-1"},"canonical":"https:\/\/news.filmelier.com\/br\/suzane-von-richthofen-prime-video-filmes\/","og_locale":"pt_BR","og_type":"article","og_title":"Filmes sobre Suzane von Richthofen chegam ao Amazon Prime Video em setembro - News Filmelier","og_description":"'A Menina Que Matou os Pais' e 'O Menino Que Matou Meus Pais' chegam ao streaming em setembro","og_url":"https:\/\/news.filmelier.com\/br\/suzane-von-richthofen-prime-video-filmes\/","og_site_name":"News Filmelier","article_published_time":"2021-08-19T18:10:48+00:00","author":"Reda\u00e7\u00e3o Filmelier","twitter_card":"summary_large_image","twitter_misc":{"Escrito por":"Reda\u00e7\u00e3o Filmelier","Est. tempo de leitura":"2 minutos"},"schema":{"@context":"https:\/\/schema.org","@graph":[{"@type":"Article","@id":"https:\/\/news.filmelier.com\/br\/suzane-von-richthofen-prime-video-filmes\/#article","isPartOf":{"@id":"https:\/\/news.filmelier.com\/br\/suzane-von-richthofen-prime-video-filmes\/"},"author":{"name":"Reda\u00e7\u00e3o Filmelier","@id":"https:\/\/homolog.news.filmelier.com\/br\/#\/schema\/person\/a6491aa555ce96d9d1cc15f1742dbd7b"},"headline":"Filmes sobre Suzane von Richthofen chegam ao Amazon Prime Video em setembro","datePublished":"2021-08-19T18:10:48+00:00","mainEntityOfPage":{"@id":"https:\/\/news.filmelier.com\/br\/suzane-von-richthofen-prime-video-filmes\/"},"wordCount":322,"publisher":{"@id":"https:\/\/homolog.news.filmelier.com\/br\/#organization"},"image":{"@id":"https:\/\/news.filmelier.com\/br\/suzane-von-richthofen-prime-video-filmes\/#primaryimage"},"thumbnailUrl":"","keywords":["A Menina Que Matou os Pais","Amazon Prime Video","cinema nacional","crime","Daniel Cravinhos","Drama","irm\u00e3os Cravinhos","O Menino Que Matou Meus Pais","Suzane von Richthofen"],"articleSection":["Filmes"],"inLanguage":"pt-BR"},{"@type":"WebPage","@id":"https:\/\/news.filmelier.com\/br\/suzane-von-richthofen-prime-video-filmes\/","url":"https:\/\/news.filmelier.com\/br\/suzane-von-richthofen-prime-video-filmes\/","name":"Filmes sobre Suzane von Richthofen chegam ao Amazon Prime Video em setembro - News Filmelier","isPartOf":{"@id":"https:\/\/homolog.news.filmelier.com\/br\/#website"},"primaryImageOfPage":{"@id":"https:\/\/news.filmelier.com\/br\/suzane-von-richthofen-prime-video-filmes\/#primaryimage"},"image":{"@id":"https:\/\/news.filmelier.com\/br\/suzane-von-richthofen-prime-video-filmes\/#primaryimage"},"thumbnailUrl":"","datePublished":"2021-08-19T18:10:48+00:00","breadcrumb":{"@id":"https:\/\/news.filmelier.com\/br\/suzane-von-richthofen-prime-video-filmes\/#breadcrumb"},"inLanguage":"pt-BR","potentialAction":[{"@type":"ReadAction","target":["https:\/\/news.filmelier.com\/br\/suzane-von-richthofen-prime-video-filmes\/"]}]},{"@type":"ImageObject","inLanguage":"pt-BR","@id":"https:\/\/news.filmelier.com\/br\/suzane-von-richthofen-prime-video-filmes\/#primaryimage","url":"","contentUrl":""},{"@type":"BreadcrumbList","@id":"https:\/\/news.filmelier.com\/br\/suzane-von-richthofen-prime-video-filmes\/#breadcrumb","itemListElement":[{"@type":"ListItem","position":1,"name":"In\u00edcio","item":"https:\/\/homolog.news.filmelier.com\/br\/"},{"@type":"ListItem","position":2,"name":"Filmes sobre Suzane von Richthofen chegam ao Amazon Prime Video em setembro"}]},{"@type":"WebSite","@id":"https:\/\/homolog.news.filmelier.com\/br\/#website","url":"https:\/\/homolog.news.filmelier.com\/br\/","name":"Homolog Filmelier News Rankrup","description":"","publisher":{"@id":"https:\/\/homolog.news.filmelier.com\/br\/#organization"},"potentialAction":[{"@type":"SearchAction","target":{"@type":"EntryPoint","urlTemplate":"https:\/\/homolog.news.filmelier.com\/br\/?s={search_term_string}"},"query-input":{"@type":"PropertyValueSpecification","valueRequired":true,"valueName":"search_term_string"}}],"inLanguage":"pt-BR"},{"@type":"Organization","@id":"https:\/\/homolog.news.filmelier.com\/br\/#organization","name":"Homolog Filmelier News Rankrup","url":"https:\/\/homolog.news.filmelier.com\/br\/","logo":{"@type":"ImageObject","inLanguage":"pt-BR","@id":"https:\/\/homolog.news.filmelier.com\/br\/#\/schema\/logo\/image\/","url":"https:\/\/news.filmelier.com\/wp-content\/uploads\/2024\/11\/Logo-News.png","contentUrl":"https:\/\/news.filmelier.com\/wp-content\/uploads\/2024\/11\/Logo-News.png","width":460,"height":108,"caption":"Homolog Filmelier News Rankrup"},"image":{"@id":"https:\/\/homolog.news.filmelier.com\/br\/#\/schema\/logo\/image\/"}},{"@type":"Person","@id":"https:\/\/homolog.news.filmelier.com\/br\/#\/schema\/person\/a6491aa555ce96d9d1cc15f1742dbd7b","name":"Reda\u00e7\u00e3o Filmelier","image":{"@type":"ImageObject","inLanguage":"pt-BR","@id":"https:\/\/homolog.news.filmelier.com\/br\/#\/schema\/person\/image\/","url":"https:\/\/secure.gravatar.com\/avatar\/8bf80419447553f32d821a953683c4666faca8d781f143825a02644ae3f7e2d0?s=96&d=mm&r=g","contentUrl":"https:\/\/secure.gravatar.com\/avatar\/8bf80419447553f32d821a953683c4666faca8d781f143825a02644ae3f7e2d0?s=96&d=mm&r=g","caption":"Reda\u00e7\u00e3o Filmelier"},"description":"Somos um time de jornalistas e cr\u00edticos que respira cinema a 24 quadros por segundo. Das estreias do circuito aos cl\u00e1ssicos restaurados, da curadoria em streamings \u00e0s entrevistas nos bastidores, nossa reda\u00e7\u00e3o transforma filmes em conte\u00fado inteligente \u2014 com an\u00e1lises afiadas, guias pr\u00e1ticos e hist\u00f3rias que fazem voc\u00ea ver a s\u00e9tima arte com outros olhos. Aqui no Filmelier, cinema n\u00e3o \u00e9 s\u00f3 lazer: \u00e9 of\u00edcio, \u00e9 expertise, \u00e9 paix\u00e3o em forma de texto.","url":"https:\/\/news.filmelier.com\/br\/author\/contato-filmelier\/"}]}},"_links":{"self":[{"href":"https:\/\/news.filmelier.com\/br\/wp-json\/wp\/v2\/posts\/18065","targetHints":{"allow":["GET"]}}],"collection":[{"href":"https:\/\/news.filmelier.com\/br\/wp-json\/wp\/v2\/posts"}],"about":[{"href":"https:\/\/news.filmelier.com\/br\/wp-json\/wp\/v2\/types\/post"}],"author":[{"embeddable":true,"href":"https:\/\/news.filmelier.com\/br\/wp-json\/wp\/v2\/users\/14"}],"replies":[{"embeddable":true,"href":"https:\/\/news.filmelier.com\/br\/wp-json\/wp\/v2\/comments?post=18065"}],"version-history":[{"count":0,"href":"https:\/\/news.filmelier.com\/br\/wp-json\/wp\/v2\/posts\/18065\/revisions"}],"wp:featuredmedia":[{"embeddable":true,"href":"https:\/\/news.filmelier.com\/br\/wp-json\/"}],"wp:attachment":[{"href":"https:\/\/news.filmelier.com\/br\/wp-json\/wp\/v2\/media?parent=18065"}],"wp:term":[{"taxonomy":"category","embeddable":true,"href":"https:\/\/news.filmelier.com\/br\/wp-json\/wp\/v2\/categories?post=18065"},{"taxonomy":"post_tag","embeddable":true,"href":"https:\/\/news.filmelier.com\/br\/wp-json\/wp\/v2\/tags?post=18065"}],"curies":[{"name":"wp","href":"https:\/\/api.w.org\/{rel}","templated":true}]}}