{"id":17995,"date":"2021-08-18T16:33:28","date_gmt":"2021-08-18T19:33:28","guid":{"rendered":"https:\/\/www.filmelier.com\/br\/noticias\/?p=17995"},"modified":"2021-08-18T16:33:28","modified_gmt":"2021-08-18T19:33:28","slug":"anthony-mackie-capitao-america-4","status":"publish","type":"post","link":"https:\/\/news.filmelier.com\/br\/anthony-mackie-capitao-america-4\/","title":{"rendered":"Anthony Mackie fecha acordo para estrelar &#8216;Capit\u00e3o Am\u00e9rica 4&#8217;"},"content":{"rendered":"\n<p>Agora vai! <a href=\"https:\/\/www.filmelier.com\/br\/noticias\/capitao-america-4-desenvolvimento\" class=\"rank-math-link\">Depois de fomentarem not\u00edcias de Marvel Studios j\u00e1 estaria trabalhando na pr\u00e9-produ\u00e7\u00e3o de &#8216;Capit\u00e3o Am\u00e9rica 4&#8217;<\/a>, o <a href=\"https:\/\/deadline.com\/2021\/08\/anthony-mackie-captain-america-4-movie-deal-disney-marvel-malcolm-spellman-1234817327\/\">Deadline<\/a> acaba de confirmar que Anthony Mackie fechou um acordo com a Disney\/Marvel para ser o protagonista.<\/p>\n\n\n\n<p>Com os acontecimentos da s\u00e9rie \u2018Falc\u00e3o e o Soldado Invernal\u2019, era esperado que isso rolasse. O longa-metragem est\u00e1 sendo escrito por Malcolm Spellman, criador e principal roteirista do seriado, junto a Dalan Musson, que tamb\u00e9m trabalhou no programa do Disney+.<\/p>\n\n\n\n<p>N\u00e3o foi confirmado nenhum nome no elenco al\u00e9m o de Anthony Mackie, ent\u00e3o n\u00e3o sabemos se Sebastian Stan retornar\u00e1 como o Bucky Barnes.<\/p>\n\n\n\n<figure class=\"wp-block-image\"><img decoding=\"async\" src=\"https:\/\/www.filmelier.com\/br\/noticias\/wp-content\/uploads\/2021\/04\/Sam-Wilson-Captain-America.v1-1920x1078.jpg\" alt=\"Anthony Mackie fecha acordo para estrelar 'Capit\u00e3o Am\u00e9rica 4'\"\/><figcaption><em>Sam Wilson como o novo Capit\u00e3o Am\u00e9rica do Universo Cinematogr\u00e1fico Marvel (Imagem: reprodu\u00e7\u00e3o \/ Disney)<\/em><br><\/figcaption><\/figure>\n\n\n\n<p>O diretor de &#8216;Capit\u00e3o Am\u00e9rica 4&#8217; ainda n\u00e3o foi definido, os dois \u00faltimos filmes do personagem foram comandados por Joe e Anthony Russo. Ser\u00e1 que eles retornam? Fica ai o questionamento. .<\/p>\n\n\n\n<h2 class=\"wp-block-heading\">O que esperar de \u2018Capit\u00e3o Am\u00e9rica 4\u2019<\/h2>\n\n\n\n<p>Caso voc\u00ea n\u00e3o tenha assistido \u00e0 &#8216;Falc\u00e3o e o Soldado Invernal&#8217;, os pr\u00f3ximos par\u00e1grafos t\u00eam <strong>spoilers<\/strong> da s\u00e9rie. A trama do novo filme do Capit\u00e3o Am\u00e9rica ainda n\u00e3o foi revelada, no entanto, o <a href=\"https:\/\/www.hollywoodreporter.com\/movies\/movie-news\/captain-america-4-in-the-works-with-falcon-and-the-winter-soldier-showrunner-malcolm-spellman-exclusive-4166598\/\">THR<\/a> j\u00e1 havia divulgado anteriormente que o longa continue de onde a s\u00e9rie do Disney+.<\/p>\n\n\n\n<p>Na hist\u00f3ria, Sam Wilson, o Falc\u00e3o (Anthony Mackie), desiste do escudo e do manto de Capit\u00e3o Am\u00e9rica, deixados a ele por Steve Rogers (Chris Evans) ao final de \u2018<a href=\"https:\/\/www.filmelier.com\/br\/film\/6078\/vingadores-ultimato\">Vingadores: Ultimato<\/a>\u2018, quando o personagem se aposentou da carreira de her\u00f3i. <\/p>\n\n\n\n<p>As faixas e estrelas s\u00e3o assumidas, a mando do governo, por John Walker (Wyatt Russell), um veterano da Guerra do Afeganist\u00e3o.A s\u00e9rie, tamb\u00e9m protagonizada por Bucky Barnes (Sebastian Stan), toca em temas como preconceito \u00e9tnico, a quest\u00e3o dos refugiados, as dificuldades na vida dos veteranos de guerra e a falta de cr\u00e9dito \u00e0 minorias, entre outros. Ao final, Wilson assume o manto de Capit\u00e3o Am\u00e9rica.<\/p>\n\n\n\n<p>Por isso, \u00e9 poss\u00edvel afirmar que teremos o personagem como o novo protagonista no pr\u00f3ximo filme solo do her\u00f3i, no posto que era de Rogers (Evans).<\/p>\n\n\n\n<p>\u2018Capit\u00e3o Am\u00e9rica 4\u2019 ainda n\u00e3o tem data de lan\u00e7amento.<\/p>\n\n\n\n<p class=\"has-text-align-center\"><strong>Siga o Filmelier no\u00a0<a rel=\"noreferrer noopener\" href=\"https:\/\/www.facebook.com\/filmelierbr\" target=\"_blank\">Facebook<\/a>,\u00a0<a rel=\"noreferrer noopener\" href=\"https:\/\/www.twitter.com\/filmelierbr\" target=\"_blank\">Twitter<\/a>,\u00a0<a rel=\"noreferrer noopener\" href=\"https:\/\/www.instagram.com\/filmelierbr\" target=\"_blank\">Instagram<\/a>\u00a0e\u00a0<a rel=\"noreferrer noopener\" href=\"https:\/\/www.tiktok.com\/@filmelierbr\" target=\"_blank\">TikTok<\/a>.<\/strong><\/p>\n\n\n\n<p><\/p>\n","protected":false},"excerpt":{"rendered":"<p>O filme j\u00e1 est\u00e1 em desenvolvimento na Marvel Studios<\/p>\n","protected":false},"author":14,"featured_media":17996,"comment_status":"closed","ping_status":"open","sticky":false,"template":"","format":"standard","meta":{"_acf_changed":false,"footnotes":""},"categories":[3482],"tags":[3265,9767,9768,6115,6108,9769,5991],"class_list":["post-17995","post","type-post","status-publish","format-standard","has-post-thumbnail","hentry","category-filmes-br","tag-anthony-mackie","tag-capitao-america","tag-capitao-america-4","tag-disney-2","tag-disney-plus","tag-falcao-e-o-soldado-invernal","tag-marvel"],"acf":{"subtitulo":"","id_ator":""},"yoast_head":"<!-- This site is optimized with the Yoast SEO plugin v26.1.1 - https:\/\/yoast.com\/wordpress\/plugins\/seo\/ -->\n<title>Anthony Mackie fecha acordo para estrelar &#039;Capit\u00e3o Am\u00e9rica 4&#039; - News Filmelier<\/title>\n<meta name=\"robots\" content=\"index, follow, max-snippet:-1, max-image-preview:large, max-video-preview:-1\" \/>\n<link rel=\"canonical\" href=\"https:\/\/news.filmelier.com\/br\/anthony-mackie-capitao-america-4\/\" \/>\n<meta property=\"og:locale\" content=\"pt_BR\" \/>\n<meta property=\"og:type\" content=\"article\" \/>\n<meta property=\"og:title\" content=\"Anthony Mackie fecha acordo para estrelar &#039;Capit\u00e3o Am\u00e9rica 4&#039; - News Filmelier\" \/>\n<meta property=\"og:description\" content=\"O filme j\u00e1 est\u00e1 em desenvolvimento na Marvel Studios\" \/>\n<meta property=\"og:url\" content=\"https:\/\/news.filmelier.com\/br\/anthony-mackie-capitao-america-4\/\" \/>\n<meta property=\"og:site_name\" content=\"News Filmelier\" \/>\n<meta property=\"article:published_time\" content=\"2021-08-18T19:33:28+00:00\" \/>\n<meta name=\"author\" content=\"Reda\u00e7\u00e3o Filmelier\" \/>\n<meta name=\"twitter:card\" content=\"summary_large_image\" \/>\n<meta name=\"twitter:label1\" content=\"Escrito por\" \/>\n\t<meta name=\"twitter:data1\" content=\"Reda\u00e7\u00e3o Filmelier\" \/>\n\t<meta name=\"twitter:label2\" content=\"Est. tempo de leitura\" \/>\n\t<meta name=\"twitter:data2\" content=\"2 minutos\" \/>\n<script type=\"application\/ld+json\" class=\"yoast-schema-graph\">{\"@context\":\"https:\/\/schema.org\",\"@graph\":[{\"@type\":\"Article\",\"@id\":\"https:\/\/news.filmelier.com\/br\/anthony-mackie-capitao-america-4\/#article\",\"isPartOf\":{\"@id\":\"https:\/\/news.filmelier.com\/br\/anthony-mackie-capitao-america-4\/\"},\"author\":{\"name\":\"Reda\u00e7\u00e3o Filmelier\",\"@id\":\"https:\/\/homolog.news.filmelier.com\/br\/#\/schema\/person\/a6491aa555ce96d9d1cc15f1742dbd7b\"},\"headline\":\"Anthony Mackie fecha acordo para estrelar &#8216;Capit\u00e3o Am\u00e9rica 4&#8217;\",\"datePublished\":\"2021-08-18T19:33:28+00:00\",\"mainEntityOfPage\":{\"@id\":\"https:\/\/news.filmelier.com\/br\/anthony-mackie-capitao-america-4\/\"},\"wordCount\":403,\"publisher\":{\"@id\":\"https:\/\/homolog.news.filmelier.com\/br\/#organization\"},\"image\":{\"@id\":\"https:\/\/news.filmelier.com\/br\/anthony-mackie-capitao-america-4\/#primaryimage\"},\"thumbnailUrl\":\"\",\"keywords\":[\"Anthony Mackie\",\"Capit\u00e3o Am\u00e9rica\",\"Capit\u00e3o Am\u00e9rica 4\",\"Disney\",\"Disney Plus\",\"Falc\u00e3o e o Soldado Invernal\",\"Marvel\"],\"articleSection\":[\"Filmes\"],\"inLanguage\":\"pt-BR\"},{\"@type\":\"WebPage\",\"@id\":\"https:\/\/news.filmelier.com\/br\/anthony-mackie-capitao-america-4\/\",\"url\":\"https:\/\/news.filmelier.com\/br\/anthony-mackie-capitao-america-4\/\",\"name\":\"Anthony Mackie fecha acordo para estrelar 'Capit\u00e3o Am\u00e9rica 4' - News Filmelier\",\"isPartOf\":{\"@id\":\"https:\/\/homolog.news.filmelier.com\/br\/#website\"},\"primaryImageOfPage\":{\"@id\":\"https:\/\/news.filmelier.com\/br\/anthony-mackie-capitao-america-4\/#primaryimage\"},\"image\":{\"@id\":\"https:\/\/news.filmelier.com\/br\/anthony-mackie-capitao-america-4\/#primaryimage\"},\"thumbnailUrl\":\"\",\"datePublished\":\"2021-08-18T19:33:28+00:00\",\"breadcrumb\":{\"@id\":\"https:\/\/news.filmelier.com\/br\/anthony-mackie-capitao-america-4\/#breadcrumb\"},\"inLanguage\":\"pt-BR\",\"potentialAction\":[{\"@type\":\"ReadAction\",\"target\":[\"https:\/\/news.filmelier.com\/br\/anthony-mackie-capitao-america-4\/\"]}]},{\"@type\":\"ImageObject\",\"inLanguage\":\"pt-BR\",\"@id\":\"https:\/\/news.filmelier.com\/br\/anthony-mackie-capitao-america-4\/#primaryimage\",\"url\":\"\",\"contentUrl\":\"\"},{\"@type\":\"BreadcrumbList\",\"@id\":\"https:\/\/news.filmelier.com\/br\/anthony-mackie-capitao-america-4\/#breadcrumb\",\"itemListElement\":[{\"@type\":\"ListItem\",\"position\":1,\"name\":\"In\u00edcio\",\"item\":\"https:\/\/homolog.news.filmelier.com\/br\/\"},{\"@type\":\"ListItem\",\"position\":2,\"name\":\"Anthony Mackie fecha acordo para estrelar &#8216;Capit\u00e3o Am\u00e9rica 4&#8217;\"}]},{\"@type\":\"WebSite\",\"@id\":\"https:\/\/homolog.news.filmelier.com\/br\/#website\",\"url\":\"https:\/\/homolog.news.filmelier.com\/br\/\",\"name\":\"Homolog Filmelier News Rankrup\",\"description\":\"\",\"publisher\":{\"@id\":\"https:\/\/homolog.news.filmelier.com\/br\/#organization\"},\"potentialAction\":[{\"@type\":\"SearchAction\",\"target\":{\"@type\":\"EntryPoint\",\"urlTemplate\":\"https:\/\/homolog.news.filmelier.com\/br\/?s={search_term_string}\"},\"query-input\":{\"@type\":\"PropertyValueSpecification\",\"valueRequired\":true,\"valueName\":\"search_term_string\"}}],\"inLanguage\":\"pt-BR\"},{\"@type\":\"Organization\",\"@id\":\"https:\/\/homolog.news.filmelier.com\/br\/#organization\",\"name\":\"Homolog Filmelier News Rankrup\",\"url\":\"https:\/\/homolog.news.filmelier.com\/br\/\",\"logo\":{\"@type\":\"ImageObject\",\"inLanguage\":\"pt-BR\",\"@id\":\"https:\/\/homolog.news.filmelier.com\/br\/#\/schema\/logo\/image\/\",\"url\":\"https:\/\/news.filmelier.com\/wp-content\/uploads\/2024\/11\/Logo-News.png\",\"contentUrl\":\"https:\/\/news.filmelier.com\/wp-content\/uploads\/2024\/11\/Logo-News.png\",\"width\":460,\"height\":108,\"caption\":\"Homolog Filmelier News Rankrup\"},\"image\":{\"@id\":\"https:\/\/homolog.news.filmelier.com\/br\/#\/schema\/logo\/image\/\"}},{\"@type\":\"Person\",\"@id\":\"https:\/\/homolog.news.filmelier.com\/br\/#\/schema\/person\/a6491aa555ce96d9d1cc15f1742dbd7b\",\"name\":\"Reda\u00e7\u00e3o Filmelier\",\"image\":{\"@type\":\"ImageObject\",\"inLanguage\":\"pt-BR\",\"@id\":\"https:\/\/homolog.news.filmelier.com\/br\/#\/schema\/person\/image\/\",\"url\":\"https:\/\/secure.gravatar.com\/avatar\/8bf80419447553f32d821a953683c4666faca8d781f143825a02644ae3f7e2d0?s=96&d=mm&r=g\",\"contentUrl\":\"https:\/\/secure.gravatar.com\/avatar\/8bf80419447553f32d821a953683c4666faca8d781f143825a02644ae3f7e2d0?s=96&d=mm&r=g\",\"caption\":\"Reda\u00e7\u00e3o Filmelier\"},\"description\":\"Somos um time de jornalistas e cr\u00edticos que respira cinema a 24 quadros por segundo. Das estreias do circuito aos cl\u00e1ssicos restaurados, da curadoria em streamings \u00e0s entrevistas nos bastidores, nossa reda\u00e7\u00e3o transforma filmes em conte\u00fado inteligente \u2014 com an\u00e1lises afiadas, guias pr\u00e1ticos e hist\u00f3rias que fazem voc\u00ea ver a s\u00e9tima arte com outros olhos. Aqui no Filmelier, cinema n\u00e3o \u00e9 s\u00f3 lazer: \u00e9 of\u00edcio, \u00e9 expertise, \u00e9 paix\u00e3o em forma de texto.\",\"url\":\"https:\/\/news.filmelier.com\/br\/author\/contato-filmelier\/\"}]}<\/script>\n<!-- \/ Yoast SEO plugin. -->","yoast_head_json":{"title":"Anthony Mackie fecha acordo para estrelar 'Capit\u00e3o Am\u00e9rica 4' - News Filmelier","robots":{"index":"index","follow":"follow","max-snippet":"max-snippet:-1","max-image-preview":"max-image-preview:large","max-video-preview":"max-video-preview:-1"},"canonical":"https:\/\/news.filmelier.com\/br\/anthony-mackie-capitao-america-4\/","og_locale":"pt_BR","og_type":"article","og_title":"Anthony Mackie fecha acordo para estrelar 'Capit\u00e3o Am\u00e9rica 4' - News Filmelier","og_description":"O filme j\u00e1 est\u00e1 em desenvolvimento na Marvel Studios","og_url":"https:\/\/news.filmelier.com\/br\/anthony-mackie-capitao-america-4\/","og_site_name":"News Filmelier","article_published_time":"2021-08-18T19:33:28+00:00","author":"Reda\u00e7\u00e3o Filmelier","twitter_card":"summary_large_image","twitter_misc":{"Escrito por":"Reda\u00e7\u00e3o Filmelier","Est. tempo de leitura":"2 minutos"},"schema":{"@context":"https:\/\/schema.org","@graph":[{"@type":"Article","@id":"https:\/\/news.filmelier.com\/br\/anthony-mackie-capitao-america-4\/#article","isPartOf":{"@id":"https:\/\/news.filmelier.com\/br\/anthony-mackie-capitao-america-4\/"},"author":{"name":"Reda\u00e7\u00e3o Filmelier","@id":"https:\/\/homolog.news.filmelier.com\/br\/#\/schema\/person\/a6491aa555ce96d9d1cc15f1742dbd7b"},"headline":"Anthony Mackie fecha acordo para estrelar &#8216;Capit\u00e3o Am\u00e9rica 4&#8217;","datePublished":"2021-08-18T19:33:28+00:00","mainEntityOfPage":{"@id":"https:\/\/news.filmelier.com\/br\/anthony-mackie-capitao-america-4\/"},"wordCount":403,"publisher":{"@id":"https:\/\/homolog.news.filmelier.com\/br\/#organization"},"image":{"@id":"https:\/\/news.filmelier.com\/br\/anthony-mackie-capitao-america-4\/#primaryimage"},"thumbnailUrl":"","keywords":["Anthony Mackie","Capit\u00e3o Am\u00e9rica","Capit\u00e3o Am\u00e9rica 4","Disney","Disney Plus","Falc\u00e3o e o Soldado Invernal","Marvel"],"articleSection":["Filmes"],"inLanguage":"pt-BR"},{"@type":"WebPage","@id":"https:\/\/news.filmelier.com\/br\/anthony-mackie-capitao-america-4\/","url":"https:\/\/news.filmelier.com\/br\/anthony-mackie-capitao-america-4\/","name":"Anthony Mackie fecha acordo para estrelar 'Capit\u00e3o Am\u00e9rica 4' - News Filmelier","isPartOf":{"@id":"https:\/\/homolog.news.filmelier.com\/br\/#website"},"primaryImageOfPage":{"@id":"https:\/\/news.filmelier.com\/br\/anthony-mackie-capitao-america-4\/#primaryimage"},"image":{"@id":"https:\/\/news.filmelier.com\/br\/anthony-mackie-capitao-america-4\/#primaryimage"},"thumbnailUrl":"","datePublished":"2021-08-18T19:33:28+00:00","breadcrumb":{"@id":"https:\/\/news.filmelier.com\/br\/anthony-mackie-capitao-america-4\/#breadcrumb"},"inLanguage":"pt-BR","potentialAction":[{"@type":"ReadAction","target":["https:\/\/news.filmelier.com\/br\/anthony-mackie-capitao-america-4\/"]}]},{"@type":"ImageObject","inLanguage":"pt-BR","@id":"https:\/\/news.filmelier.com\/br\/anthony-mackie-capitao-america-4\/#primaryimage","url":"","contentUrl":""},{"@type":"BreadcrumbList","@id":"https:\/\/news.filmelier.com\/br\/anthony-mackie-capitao-america-4\/#breadcrumb","itemListElement":[{"@type":"ListItem","position":1,"name":"In\u00edcio","item":"https:\/\/homolog.news.filmelier.com\/br\/"},{"@type":"ListItem","position":2,"name":"Anthony Mackie fecha acordo para estrelar &#8216;Capit\u00e3o Am\u00e9rica 4&#8217;"}]},{"@type":"WebSite","@id":"https:\/\/homolog.news.filmelier.com\/br\/#website","url":"https:\/\/homolog.news.filmelier.com\/br\/","name":"Homolog Filmelier News Rankrup","description":"","publisher":{"@id":"https:\/\/homolog.news.filmelier.com\/br\/#organization"},"potentialAction":[{"@type":"SearchAction","target":{"@type":"EntryPoint","urlTemplate":"https:\/\/homolog.news.filmelier.com\/br\/?s={search_term_string}"},"query-input":{"@type":"PropertyValueSpecification","valueRequired":true,"valueName":"search_term_string"}}],"inLanguage":"pt-BR"},{"@type":"Organization","@id":"https:\/\/homolog.news.filmelier.com\/br\/#organization","name":"Homolog Filmelier News Rankrup","url":"https:\/\/homolog.news.filmelier.com\/br\/","logo":{"@type":"ImageObject","inLanguage":"pt-BR","@id":"https:\/\/homolog.news.filmelier.com\/br\/#\/schema\/logo\/image\/","url":"https:\/\/news.filmelier.com\/wp-content\/uploads\/2024\/11\/Logo-News.png","contentUrl":"https:\/\/news.filmelier.com\/wp-content\/uploads\/2024\/11\/Logo-News.png","width":460,"height":108,"caption":"Homolog Filmelier News Rankrup"},"image":{"@id":"https:\/\/homolog.news.filmelier.com\/br\/#\/schema\/logo\/image\/"}},{"@type":"Person","@id":"https:\/\/homolog.news.filmelier.com\/br\/#\/schema\/person\/a6491aa555ce96d9d1cc15f1742dbd7b","name":"Reda\u00e7\u00e3o Filmelier","image":{"@type":"ImageObject","inLanguage":"pt-BR","@id":"https:\/\/homolog.news.filmelier.com\/br\/#\/schema\/person\/image\/","url":"https:\/\/secure.gravatar.com\/avatar\/8bf80419447553f32d821a953683c4666faca8d781f143825a02644ae3f7e2d0?s=96&d=mm&r=g","contentUrl":"https:\/\/secure.gravatar.com\/avatar\/8bf80419447553f32d821a953683c4666faca8d781f143825a02644ae3f7e2d0?s=96&d=mm&r=g","caption":"Reda\u00e7\u00e3o Filmelier"},"description":"Somos um time de jornalistas e cr\u00edticos que respira cinema a 24 quadros por segundo. Das estreias do circuito aos cl\u00e1ssicos restaurados, da curadoria em streamings \u00e0s entrevistas nos bastidores, nossa reda\u00e7\u00e3o transforma filmes em conte\u00fado inteligente \u2014 com an\u00e1lises afiadas, guias pr\u00e1ticos e hist\u00f3rias que fazem voc\u00ea ver a s\u00e9tima arte com outros olhos. Aqui no Filmelier, cinema n\u00e3o \u00e9 s\u00f3 lazer: \u00e9 of\u00edcio, \u00e9 expertise, \u00e9 paix\u00e3o em forma de texto.","url":"https:\/\/news.filmelier.com\/br\/author\/contato-filmelier\/"}]}},"_links":{"self":[{"href":"https:\/\/news.filmelier.com\/br\/wp-json\/wp\/v2\/posts\/17995","targetHints":{"allow":["GET"]}}],"collection":[{"href":"https:\/\/news.filmelier.com\/br\/wp-json\/wp\/v2\/posts"}],"about":[{"href":"https:\/\/news.filmelier.com\/br\/wp-json\/wp\/v2\/types\/post"}],"author":[{"embeddable":true,"href":"https:\/\/news.filmelier.com\/br\/wp-json\/wp\/v2\/users\/14"}],"replies":[{"embeddable":true,"href":"https:\/\/news.filmelier.com\/br\/wp-json\/wp\/v2\/comments?post=17995"}],"version-history":[{"count":0,"href":"https:\/\/news.filmelier.com\/br\/wp-json\/wp\/v2\/posts\/17995\/revisions"}],"wp:featuredmedia":[{"embeddable":true,"href":"https:\/\/news.filmelier.com\/br\/wp-json\/"}],"wp:attachment":[{"href":"https:\/\/news.filmelier.com\/br\/wp-json\/wp\/v2\/media?parent=17995"}],"wp:term":[{"taxonomy":"category","embeddable":true,"href":"https:\/\/news.filmelier.com\/br\/wp-json\/wp\/v2\/categories?post=17995"},{"taxonomy":"post_tag","embeddable":true,"href":"https:\/\/news.filmelier.com\/br\/wp-json\/wp\/v2\/tags?post=17995"}],"curies":[{"name":"wp","href":"https:\/\/api.w.org\/{rel}","templated":true}]}}