{"id":17912,"date":"2021-08-18T08:48:01","date_gmt":"2021-08-18T11:48:01","guid":{"rendered":"https:\/\/www.filmelier.com\/br\/noticias\/?p=17912"},"modified":"2021-08-18T08:48:01","modified_gmt":"2021-08-18T11:48:01","slug":"velozes-e-furiosos-10-data-estreia","status":"publish","type":"post","link":"https:\/\/news.filmelier.com\/br\/velozes-e-furiosos-10-data-estreia\/","title":{"rendered":"&#8216;Velozes &#038; Furiosos 10&#8217; j\u00e1 tem data de lan\u00e7amento"},"content":{"rendered":"\n<p>Ontem \u00e0 noite, 17, a <a href=\"https:\/\/ew.com\/movies\/fast-and-furious-10-release-date-2023\/\" class=\"rank-math-link\">Entertainment Weekly<\/a> confirmou que o d\u00e9cimo filme de &#8216;Velozes &amp; Furiosos&#8217; deve chegar aos cinemas em abril de 2023. <\/p>\n\n\n\n<ul class=\"wp-block-list\"><li><strong>Leia tamb\u00e9m: <a href=\"https:\/\/www.filmelier.com\/br\/noticias\/velozes-e-furiosos-9-bilheteria-pandemia-2021\" class=\"rank-math-link\">\u2018Velozes &amp; Furiosos 9\u2019 \u00e9 o \u00e1pice da gera\u00e7\u00e3o millennial<\/a><\/strong><\/li><\/ul>\n\n\n\n<p>O elenco do pr\u00f3ximo longa ainda n\u00e3o foi revelado mas \u00e9 esperado o retorno de Vin Diesel retorne, junto com Tyrese Gibson, Sung Kang, Chris Bridges, Jordana Brewster e Michelle Rodriguez. De acordo com a Entertainment Weekly, n\u00e3o sabemos se Dwayne Johnson e John Cena reprisar\u00e3o seus pap\u00e9is.<\/p>\n\n\n\n<figure class=\"wp-block-image size-large\"><img decoding=\"async\" src=\"https:\/\/www.filmelier.com\/br\/noticias\/wp-content\/uploads\/2021\/06\/Velozes-e-Furiosos-9-1920x1219.jpg\" alt=\"Cena de Velozes e Furiosos 9\" class=\"wp-image-16335\"\/><figcaption><em>Longa-metragem com Vin Diesel se tornou um novo marco dos cinemas durante a pandemia de covid-19 (Cr\u00e9dito: Divulga\u00e7\u00e3o\/Universal Pictures)<\/em><\/figcaption><\/figure>\n\n\n\n<p>O lan\u00e7amento mais recente da franquia, <a href=\"https:\/\/www.filmelier.com\/br\/film\/8411\/velozes-furiosos-9\" class=\"rank-math-link\">&#8216;Velozes &amp; Furiosos 9&#8217;<\/a>, deveria ter estreado em 2020, mas sofreu adiamentos com a pandemia de covid-19, chegando aos cinemas s\u00f3 em junho de 2021. <\/p>\n\n\n\n<p>Apesar disso, a nova data acabou ajudando no sucesso do filme. A produ\u00e7\u00e3o bateu recorde de um dos melhores lan\u00e7amentos durante a pandemia, arrecadando cerca de US$ 500,3 milh\u00f5es em bilheteria ao redor do mundo.<\/p>\n\n\n\n<p>Agora \u00e9 s\u00f3 se preparar para &#8216;Velozes &amp; Furiosos 10&#8217;, que est\u00e1 programado para estrear em 7 de abril de 2023.<\/p>\n\n\n\n<p class=\"has-text-align-center\"><strong>Siga o Filmelier no&nbsp;<a rel=\"noreferrer noopener\" href=\"https:\/\/www.facebook.com\/filmelierbr\" target=\"_blank\">Facebook<\/a>,&nbsp;<a rel=\"noreferrer noopener\" href=\"https:\/\/www.twitter.com\/filmelierbr\" target=\"_blank\">Twitter<\/a>,&nbsp;<a rel=\"noreferrer noopener\" href=\"https:\/\/www.instagram.com\/filmelierbr\" target=\"_blank\">Instagram<\/a>&nbsp;e&nbsp;<a rel=\"noreferrer noopener\" href=\"https:\/\/www.tiktok.com\/@filmelierbr\" target=\"_blank\">TikTok<\/a>.<\/strong><br><br><\/p>\n","protected":false},"excerpt":{"rendered":"<p>O pr\u00f3ximo filme da franquia est\u00e1 programado para estrear em 7 de abril de 2023<\/p>\n","protected":false},"author":14,"featured_media":16338,"comment_status":"closed","ping_status":"open","sticky":false,"template":"","format":"standard","meta":{"_acf_changed":false,"footnotes":""},"categories":[3482],"tags":[3905,9761,9762,7721,9763,9764,9765,9766,5977],"class_list":["post-17912","post","type-post","status-publish","format-standard","has-post-thumbnail","hentry","category-filmes-br","tag-acao-br","tag-chris-bridges","tag-jordana-brewster","tag-michelle-rodriguez","tag-sung-kang","tag-tyrese-gibson","tag-velozes-e-furiosos-10","tag-velozes-e-furiosos-9","tag-vin-diesel"],"acf":{"subtitulo":"","id_ator":""},"yoast_head":"<!-- This site is optimized with the Yoast SEO plugin v26.1.1 - https:\/\/yoast.com\/wordpress\/plugins\/seo\/ -->\n<title>&#039;Velozes &amp; Furiosos 10&#039; j\u00e1 tem data de lan\u00e7amento - News Filmelier<\/title>\n<meta name=\"robots\" content=\"index, follow, max-snippet:-1, max-image-preview:large, max-video-preview:-1\" \/>\n<link rel=\"canonical\" href=\"https:\/\/news.filmelier.com\/br\/velozes-e-furiosos-10-data-estreia\/\" \/>\n<meta property=\"og:locale\" content=\"pt_BR\" \/>\n<meta property=\"og:type\" content=\"article\" \/>\n<meta property=\"og:title\" content=\"&#039;Velozes &amp; Furiosos 10&#039; j\u00e1 tem data de lan\u00e7amento - News Filmelier\" \/>\n<meta property=\"og:description\" content=\"O pr\u00f3ximo filme da franquia est\u00e1 programado para estrear em 7 de abril de 2023\" \/>\n<meta property=\"og:url\" content=\"https:\/\/news.filmelier.com\/br\/velozes-e-furiosos-10-data-estreia\/\" \/>\n<meta property=\"og:site_name\" content=\"News Filmelier\" \/>\n<meta property=\"article:published_time\" content=\"2021-08-18T11:48:01+00:00\" \/>\n<meta name=\"author\" content=\"Reda\u00e7\u00e3o Filmelier\" \/>\n<meta name=\"twitter:card\" content=\"summary_large_image\" \/>\n<meta name=\"twitter:label1\" content=\"Escrito por\" \/>\n\t<meta name=\"twitter:data1\" content=\"Reda\u00e7\u00e3o Filmelier\" \/>\n\t<meta name=\"twitter:label2\" content=\"Est. tempo de leitura\" \/>\n\t<meta name=\"twitter:data2\" content=\"1 minuto\" \/>\n<script type=\"application\/ld+json\" class=\"yoast-schema-graph\">{\"@context\":\"https:\/\/schema.org\",\"@graph\":[{\"@type\":\"Article\",\"@id\":\"https:\/\/news.filmelier.com\/br\/velozes-e-furiosos-10-data-estreia\/#article\",\"isPartOf\":{\"@id\":\"https:\/\/news.filmelier.com\/br\/velozes-e-furiosos-10-data-estreia\/\"},\"author\":{\"name\":\"Reda\u00e7\u00e3o Filmelier\",\"@id\":\"https:\/\/homolog.news.filmelier.com\/br\/#\/schema\/person\/a6491aa555ce96d9d1cc15f1742dbd7b\"},\"headline\":\"&#8216;Velozes &#038; Furiosos 10&#8217; j\u00e1 tem data de lan\u00e7amento\",\"datePublished\":\"2021-08-18T11:48:01+00:00\",\"mainEntityOfPage\":{\"@id\":\"https:\/\/news.filmelier.com\/br\/velozes-e-furiosos-10-data-estreia\/\"},\"wordCount\":213,\"publisher\":{\"@id\":\"https:\/\/homolog.news.filmelier.com\/br\/#organization\"},\"image\":{\"@id\":\"https:\/\/news.filmelier.com\/br\/velozes-e-furiosos-10-data-estreia\/#primaryimage\"},\"thumbnailUrl\":\"\",\"keywords\":[\"A\u00e7\u00e3o\",\"Chris Bridges\",\"Jordana Brewster\",\"Michelle Rodriguez\",\"Sung Kang\",\"Tyrese Gibson\",\"Velozes e Furiosos 10\",\"Velozes e Furiosos 9\",\"Vin Diesel\"],\"articleSection\":[\"Filmes\"],\"inLanguage\":\"pt-BR\"},{\"@type\":\"WebPage\",\"@id\":\"https:\/\/news.filmelier.com\/br\/velozes-e-furiosos-10-data-estreia\/\",\"url\":\"https:\/\/news.filmelier.com\/br\/velozes-e-furiosos-10-data-estreia\/\",\"name\":\"'Velozes & Furiosos 10' j\u00e1 tem data de lan\u00e7amento - News Filmelier\",\"isPartOf\":{\"@id\":\"https:\/\/homolog.news.filmelier.com\/br\/#website\"},\"primaryImageOfPage\":{\"@id\":\"https:\/\/news.filmelier.com\/br\/velozes-e-furiosos-10-data-estreia\/#primaryimage\"},\"image\":{\"@id\":\"https:\/\/news.filmelier.com\/br\/velozes-e-furiosos-10-data-estreia\/#primaryimage\"},\"thumbnailUrl\":\"\",\"datePublished\":\"2021-08-18T11:48:01+00:00\",\"breadcrumb\":{\"@id\":\"https:\/\/news.filmelier.com\/br\/velozes-e-furiosos-10-data-estreia\/#breadcrumb\"},\"inLanguage\":\"pt-BR\",\"potentialAction\":[{\"@type\":\"ReadAction\",\"target\":[\"https:\/\/news.filmelier.com\/br\/velozes-e-furiosos-10-data-estreia\/\"]}]},{\"@type\":\"ImageObject\",\"inLanguage\":\"pt-BR\",\"@id\":\"https:\/\/news.filmelier.com\/br\/velozes-e-furiosos-10-data-estreia\/#primaryimage\",\"url\":\"\",\"contentUrl\":\"\"},{\"@type\":\"BreadcrumbList\",\"@id\":\"https:\/\/news.filmelier.com\/br\/velozes-e-furiosos-10-data-estreia\/#breadcrumb\",\"itemListElement\":[{\"@type\":\"ListItem\",\"position\":1,\"name\":\"In\u00edcio\",\"item\":\"https:\/\/homolog.news.filmelier.com\/br\/\"},{\"@type\":\"ListItem\",\"position\":2,\"name\":\"&#8216;Velozes &#038; Furiosos 10&#8217; j\u00e1 tem data de lan\u00e7amento\"}]},{\"@type\":\"WebSite\",\"@id\":\"https:\/\/homolog.news.filmelier.com\/br\/#website\",\"url\":\"https:\/\/homolog.news.filmelier.com\/br\/\",\"name\":\"Homolog Filmelier News Rankrup\",\"description\":\"\",\"publisher\":{\"@id\":\"https:\/\/homolog.news.filmelier.com\/br\/#organization\"},\"potentialAction\":[{\"@type\":\"SearchAction\",\"target\":{\"@type\":\"EntryPoint\",\"urlTemplate\":\"https:\/\/homolog.news.filmelier.com\/br\/?s={search_term_string}\"},\"query-input\":{\"@type\":\"PropertyValueSpecification\",\"valueRequired\":true,\"valueName\":\"search_term_string\"}}],\"inLanguage\":\"pt-BR\"},{\"@type\":\"Organization\",\"@id\":\"https:\/\/homolog.news.filmelier.com\/br\/#organization\",\"name\":\"Homolog Filmelier News Rankrup\",\"url\":\"https:\/\/homolog.news.filmelier.com\/br\/\",\"logo\":{\"@type\":\"ImageObject\",\"inLanguage\":\"pt-BR\",\"@id\":\"https:\/\/homolog.news.filmelier.com\/br\/#\/schema\/logo\/image\/\",\"url\":\"https:\/\/news.filmelier.com\/wp-content\/uploads\/2024\/11\/Logo-News.png\",\"contentUrl\":\"https:\/\/news.filmelier.com\/wp-content\/uploads\/2024\/11\/Logo-News.png\",\"width\":460,\"height\":108,\"caption\":\"Homolog Filmelier News Rankrup\"},\"image\":{\"@id\":\"https:\/\/homolog.news.filmelier.com\/br\/#\/schema\/logo\/image\/\"}},{\"@type\":\"Person\",\"@id\":\"https:\/\/homolog.news.filmelier.com\/br\/#\/schema\/person\/a6491aa555ce96d9d1cc15f1742dbd7b\",\"name\":\"Reda\u00e7\u00e3o Filmelier\",\"image\":{\"@type\":\"ImageObject\",\"inLanguage\":\"pt-BR\",\"@id\":\"https:\/\/homolog.news.filmelier.com\/br\/#\/schema\/person\/image\/\",\"url\":\"https:\/\/secure.gravatar.com\/avatar\/8bf80419447553f32d821a953683c4666faca8d781f143825a02644ae3f7e2d0?s=96&d=mm&r=g\",\"contentUrl\":\"https:\/\/secure.gravatar.com\/avatar\/8bf80419447553f32d821a953683c4666faca8d781f143825a02644ae3f7e2d0?s=96&d=mm&r=g\",\"caption\":\"Reda\u00e7\u00e3o Filmelier\"},\"description\":\"Somos um time de jornalistas e cr\u00edticos que respira cinema a 24 quadros por segundo. Das estreias do circuito aos cl\u00e1ssicos restaurados, da curadoria em streamings \u00e0s entrevistas nos bastidores, nossa reda\u00e7\u00e3o transforma filmes em conte\u00fado inteligente \u2014 com an\u00e1lises afiadas, guias pr\u00e1ticos e hist\u00f3rias que fazem voc\u00ea ver a s\u00e9tima arte com outros olhos. Aqui no Filmelier, cinema n\u00e3o \u00e9 s\u00f3 lazer: \u00e9 of\u00edcio, \u00e9 expertise, \u00e9 paix\u00e3o em forma de texto.\",\"url\":\"https:\/\/news.filmelier.com\/br\/author\/contato-filmelier\/\"}]}<\/script>\n<!-- \/ Yoast SEO plugin. -->","yoast_head_json":{"title":"'Velozes & Furiosos 10' j\u00e1 tem data de lan\u00e7amento - News Filmelier","robots":{"index":"index","follow":"follow","max-snippet":"max-snippet:-1","max-image-preview":"max-image-preview:large","max-video-preview":"max-video-preview:-1"},"canonical":"https:\/\/news.filmelier.com\/br\/velozes-e-furiosos-10-data-estreia\/","og_locale":"pt_BR","og_type":"article","og_title":"'Velozes & Furiosos 10' j\u00e1 tem data de lan\u00e7amento - News Filmelier","og_description":"O pr\u00f3ximo filme da franquia est\u00e1 programado para estrear em 7 de abril de 2023","og_url":"https:\/\/news.filmelier.com\/br\/velozes-e-furiosos-10-data-estreia\/","og_site_name":"News Filmelier","article_published_time":"2021-08-18T11:48:01+00:00","author":"Reda\u00e7\u00e3o Filmelier","twitter_card":"summary_large_image","twitter_misc":{"Escrito por":"Reda\u00e7\u00e3o Filmelier","Est. tempo de leitura":"1 minuto"},"schema":{"@context":"https:\/\/schema.org","@graph":[{"@type":"Article","@id":"https:\/\/news.filmelier.com\/br\/velozes-e-furiosos-10-data-estreia\/#article","isPartOf":{"@id":"https:\/\/news.filmelier.com\/br\/velozes-e-furiosos-10-data-estreia\/"},"author":{"name":"Reda\u00e7\u00e3o Filmelier","@id":"https:\/\/homolog.news.filmelier.com\/br\/#\/schema\/person\/a6491aa555ce96d9d1cc15f1742dbd7b"},"headline":"&#8216;Velozes &#038; Furiosos 10&#8217; j\u00e1 tem data de lan\u00e7amento","datePublished":"2021-08-18T11:48:01+00:00","mainEntityOfPage":{"@id":"https:\/\/news.filmelier.com\/br\/velozes-e-furiosos-10-data-estreia\/"},"wordCount":213,"publisher":{"@id":"https:\/\/homolog.news.filmelier.com\/br\/#organization"},"image":{"@id":"https:\/\/news.filmelier.com\/br\/velozes-e-furiosos-10-data-estreia\/#primaryimage"},"thumbnailUrl":"","keywords":["A\u00e7\u00e3o","Chris Bridges","Jordana Brewster","Michelle Rodriguez","Sung Kang","Tyrese Gibson","Velozes e Furiosos 10","Velozes e Furiosos 9","Vin Diesel"],"articleSection":["Filmes"],"inLanguage":"pt-BR"},{"@type":"WebPage","@id":"https:\/\/news.filmelier.com\/br\/velozes-e-furiosos-10-data-estreia\/","url":"https:\/\/news.filmelier.com\/br\/velozes-e-furiosos-10-data-estreia\/","name":"'Velozes & Furiosos 10' j\u00e1 tem data de lan\u00e7amento - News Filmelier","isPartOf":{"@id":"https:\/\/homolog.news.filmelier.com\/br\/#website"},"primaryImageOfPage":{"@id":"https:\/\/news.filmelier.com\/br\/velozes-e-furiosos-10-data-estreia\/#primaryimage"},"image":{"@id":"https:\/\/news.filmelier.com\/br\/velozes-e-furiosos-10-data-estreia\/#primaryimage"},"thumbnailUrl":"","datePublished":"2021-08-18T11:48:01+00:00","breadcrumb":{"@id":"https:\/\/news.filmelier.com\/br\/velozes-e-furiosos-10-data-estreia\/#breadcrumb"},"inLanguage":"pt-BR","potentialAction":[{"@type":"ReadAction","target":["https:\/\/news.filmelier.com\/br\/velozes-e-furiosos-10-data-estreia\/"]}]},{"@type":"ImageObject","inLanguage":"pt-BR","@id":"https:\/\/news.filmelier.com\/br\/velozes-e-furiosos-10-data-estreia\/#primaryimage","url":"","contentUrl":""},{"@type":"BreadcrumbList","@id":"https:\/\/news.filmelier.com\/br\/velozes-e-furiosos-10-data-estreia\/#breadcrumb","itemListElement":[{"@type":"ListItem","position":1,"name":"In\u00edcio","item":"https:\/\/homolog.news.filmelier.com\/br\/"},{"@type":"ListItem","position":2,"name":"&#8216;Velozes &#038; Furiosos 10&#8217; j\u00e1 tem data de lan\u00e7amento"}]},{"@type":"WebSite","@id":"https:\/\/homolog.news.filmelier.com\/br\/#website","url":"https:\/\/homolog.news.filmelier.com\/br\/","name":"Homolog Filmelier News Rankrup","description":"","publisher":{"@id":"https:\/\/homolog.news.filmelier.com\/br\/#organization"},"potentialAction":[{"@type":"SearchAction","target":{"@type":"EntryPoint","urlTemplate":"https:\/\/homolog.news.filmelier.com\/br\/?s={search_term_string}"},"query-input":{"@type":"PropertyValueSpecification","valueRequired":true,"valueName":"search_term_string"}}],"inLanguage":"pt-BR"},{"@type":"Organization","@id":"https:\/\/homolog.news.filmelier.com\/br\/#organization","name":"Homolog Filmelier News Rankrup","url":"https:\/\/homolog.news.filmelier.com\/br\/","logo":{"@type":"ImageObject","inLanguage":"pt-BR","@id":"https:\/\/homolog.news.filmelier.com\/br\/#\/schema\/logo\/image\/","url":"https:\/\/news.filmelier.com\/wp-content\/uploads\/2024\/11\/Logo-News.png","contentUrl":"https:\/\/news.filmelier.com\/wp-content\/uploads\/2024\/11\/Logo-News.png","width":460,"height":108,"caption":"Homolog Filmelier News Rankrup"},"image":{"@id":"https:\/\/homolog.news.filmelier.com\/br\/#\/schema\/logo\/image\/"}},{"@type":"Person","@id":"https:\/\/homolog.news.filmelier.com\/br\/#\/schema\/person\/a6491aa555ce96d9d1cc15f1742dbd7b","name":"Reda\u00e7\u00e3o Filmelier","image":{"@type":"ImageObject","inLanguage":"pt-BR","@id":"https:\/\/homolog.news.filmelier.com\/br\/#\/schema\/person\/image\/","url":"https:\/\/secure.gravatar.com\/avatar\/8bf80419447553f32d821a953683c4666faca8d781f143825a02644ae3f7e2d0?s=96&d=mm&r=g","contentUrl":"https:\/\/secure.gravatar.com\/avatar\/8bf80419447553f32d821a953683c4666faca8d781f143825a02644ae3f7e2d0?s=96&d=mm&r=g","caption":"Reda\u00e7\u00e3o Filmelier"},"description":"Somos um time de jornalistas e cr\u00edticos que respira cinema a 24 quadros por segundo. Das estreias do circuito aos cl\u00e1ssicos restaurados, da curadoria em streamings \u00e0s entrevistas nos bastidores, nossa reda\u00e7\u00e3o transforma filmes em conte\u00fado inteligente \u2014 com an\u00e1lises afiadas, guias pr\u00e1ticos e hist\u00f3rias que fazem voc\u00ea ver a s\u00e9tima arte com outros olhos. Aqui no Filmelier, cinema n\u00e3o \u00e9 s\u00f3 lazer: \u00e9 of\u00edcio, \u00e9 expertise, \u00e9 paix\u00e3o em forma de texto.","url":"https:\/\/news.filmelier.com\/br\/author\/contato-filmelier\/"}]}},"_links":{"self":[{"href":"https:\/\/news.filmelier.com\/br\/wp-json\/wp\/v2\/posts\/17912","targetHints":{"allow":["GET"]}}],"collection":[{"href":"https:\/\/news.filmelier.com\/br\/wp-json\/wp\/v2\/posts"}],"about":[{"href":"https:\/\/news.filmelier.com\/br\/wp-json\/wp\/v2\/types\/post"}],"author":[{"embeddable":true,"href":"https:\/\/news.filmelier.com\/br\/wp-json\/wp\/v2\/users\/14"}],"replies":[{"embeddable":true,"href":"https:\/\/news.filmelier.com\/br\/wp-json\/wp\/v2\/comments?post=17912"}],"version-history":[{"count":0,"href":"https:\/\/news.filmelier.com\/br\/wp-json\/wp\/v2\/posts\/17912\/revisions"}],"wp:featuredmedia":[{"embeddable":true,"href":"https:\/\/news.filmelier.com\/br\/wp-json\/"}],"wp:attachment":[{"href":"https:\/\/news.filmelier.com\/br\/wp-json\/wp\/v2\/media?parent=17912"}],"wp:term":[{"taxonomy":"category","embeddable":true,"href":"https:\/\/news.filmelier.com\/br\/wp-json\/wp\/v2\/categories?post=17912"},{"taxonomy":"post_tag","embeddable":true,"href":"https:\/\/news.filmelier.com\/br\/wp-json\/wp\/v2\/tags?post=17912"}],"curies":[{"name":"wp","href":"https:\/\/api.w.org\/{rel}","templated":true}]}}