{"id":17889,"date":"2021-08-16T16:25:21","date_gmt":"2021-08-16T19:25:21","guid":{"rendered":"https:\/\/www.filmelier.com\/br\/noticias\/?p=17889"},"modified":"2021-08-16T16:25:21","modified_gmt":"2021-08-16T19:25:21","slug":"a-nuvem-rosa-telecine","status":"publish","type":"post","link":"https:\/\/news.filmelier.com\/br\/a-nuvem-rosa-telecine\/","title":{"rendered":"&#8216;A Nuvem Rosa&#8217;, sci-fi nacional, ganha data de estreia no Telecine"},"content":{"rendered":"\n<p>Nesta segunda-feira, 16, a O2 Filmes divulgou que o filme nacional &#8216;A Nuvem Rosa&#8217; &#8211; sele\u00e7\u00e3o oficial do Festival de Sundance de 2021 &#8211; ganhou data de lan\u00e7amento. A produ\u00e7\u00e3o ter\u00e1 pr\u00e9-estreia nos cinemas a partir do dia 26 de agosto e estreia dia 2 de setembro no Telecine Play, exclusivamente pelo selo Premi\u00e8re.<\/p>\n\n\n\n<p>O longa-metragem, dirigido por Iuli Gerbase, mostra uma nuvem rosa t\u00f3xica que surge em diversos pa\u00edses, for\u00e7ando todos a ficarem confinados. Coincidentemente, o filme foi produzido antes da pandemia de covid-19, &#8216;A Nuvem Rosa&#8217; antecipa grande parte do que virou a realidade do mundo depois de mar\u00e7o de 2020.<\/p>\n\n\n\n<p>Confira o trailer abaixo:<\/p>\n\n\n\n<figure class=\"wp-block-embed-youtube wp-block-embed is-type-video is-provider-youtube wp-embed-aspect-16-9 wp-has-aspect-ratio\"><div class=\"wp-block-embed__wrapper\">\n<iframe title=\"A Nuvem Rosa | Sele\u00e7\u00e3o Oficial de Sundance | Dispon\u00edvel nas plataformas digitais (Trailer oficial)\" width=\"800\" height=\"450\" src=\"https:\/\/www.youtube.com\/embed\/C-eHwTDMJUM?feature=oembed\" frameborder=\"0\" allow=\"accelerometer; autoplay; clipboard-write; encrypted-media; gyroscope; picture-in-picture; web-share\" referrerpolicy=\"strict-origin-when-cross-origin\" allowfullscreen><\/iframe>\n<\/div><\/figure>\n\n\n\n<p>&#8220;Durante a edi\u00e7\u00e3o do filme, quando a pandemia come\u00e7ou em 2020, foi um momento surreal para mim e para a equipe. Vimos v\u00e1rias cenas se tornando realidade. O que era fic\u00e7\u00e3o cient\u00edfica virou nosso dia a dia. Nos pa\u00edses em que j\u00e1 estreamos, como R\u00fassia, Estados Unidos, Rom\u00eania e outros, tem sido impressionante como o p\u00fablico est\u00e1 se relacionando com o filme e se vendo projetado na tela. Acho que muitas emo\u00e7\u00f5es que sentimos na pandemia est\u00e3o em A Nuvem Rosa. O filme tem aspectos surrealistas e n\u00e3o \u00e9 sobre um v\u00edrus<strong>,\u00a0<\/strong>mas sim sobre os conflitos que surgem quando a nossa liberdade \u00e9 retirada e precisamos ficar em casa por muito tempo. Ent\u00e3o,\u00a0compara\u00e7\u00f5es com a nossa pandemia s\u00e3o inevit\u00e1veis&#8221;, contou a diretora em nota \u00e0 imprensa.<\/p>\n\n\n\n<p>S\u00f3 para refor\u00e7ar, &#8216;A Nuvem Rosa&#8217; chega ao streaming do Telecine, na modalidade Premi\u00e8re, em 2 de setembro, sem custo adicional al\u00e9m da assinatura da plataforma.<\/p>\n\n\n\n<p class=\"has-text-align-center\"><strong>Siga o Filmelier no\u00a0<a rel=\"noreferrer noopener\" href=\"https:\/\/www.facebook.com\/filmelierbr\" target=\"_blank\">Facebook<\/a>,\u00a0<a rel=\"noreferrer noopener\" href=\"https:\/\/www.twitter.com\/filmelierbr\" target=\"_blank\">Twitter<\/a>,\u00a0<a rel=\"noreferrer noopener\" href=\"https:\/\/www.instagram.com\/filmelierbr\" target=\"_blank\">Instagram<\/a>\u00a0e\u00a0<a rel=\"noreferrer noopener\" href=\"https:\/\/www.tiktok.com\/@filmelierbr\" target=\"_blank\">TikTok<\/a>.<\/strong><\/p>\n","protected":false},"excerpt":{"rendered":"<p>A produ\u00e7\u00e3o est\u00e1 com 100% de avalia\u00e7\u00f5es positivas no Rotten Tomatoes e fez parte da sele\u00e7\u00e3o oficial do Sundance Film Festival<\/p>\n","protected":false},"author":14,"featured_media":17898,"comment_status":"closed","ping_status":"open","sticky":false,"template":"","format":"standard","meta":{"_acf_changed":false,"footnotes":""},"categories":[3482],"tags":[9756,9684,9757,4860,9758,7730,9759,9760],"class_list":["post-17889","post","type-post","status-publish","format-standard","has-post-thumbnail","hentry","category-filmes-br","tag-a-nuvem-rosa","tag-cinema-nacional","tag-festival-de-cinema-de-sundance","tag-filme-br","tag-o2-filmes","tag-sundance","tag-sundance-2021","tag-telecine-play"],"acf":{"subtitulo":"","id_ator":""},"yoast_head":"<!-- This site is optimized with the Yoast SEO plugin v26.1.1 - https:\/\/yoast.com\/wordpress\/plugins\/seo\/ -->\n<title>&#039;A Nuvem Rosa&#039;, sci-fi nacional, ganha data de estreia no Telecine - News Filmelier<\/title>\n<meta name=\"robots\" content=\"index, follow, max-snippet:-1, max-image-preview:large, max-video-preview:-1\" \/>\n<link rel=\"canonical\" href=\"https:\/\/news.filmelier.com\/br\/a-nuvem-rosa-telecine\/\" \/>\n<meta property=\"og:locale\" content=\"pt_BR\" \/>\n<meta property=\"og:type\" content=\"article\" \/>\n<meta property=\"og:title\" content=\"&#039;A Nuvem Rosa&#039;, sci-fi nacional, ganha data de estreia no Telecine - News Filmelier\" \/>\n<meta property=\"og:description\" content=\"A produ\u00e7\u00e3o est\u00e1 com 100% de avalia\u00e7\u00f5es positivas no Rotten Tomatoes e fez parte da sele\u00e7\u00e3o oficial do Sundance Film Festival\" \/>\n<meta property=\"og:url\" content=\"https:\/\/news.filmelier.com\/br\/a-nuvem-rosa-telecine\/\" \/>\n<meta property=\"og:site_name\" content=\"News Filmelier\" \/>\n<meta property=\"article:published_time\" content=\"2021-08-16T19:25:21+00:00\" \/>\n<meta name=\"author\" content=\"Reda\u00e7\u00e3o Filmelier\" \/>\n<meta name=\"twitter:card\" content=\"summary_large_image\" \/>\n<meta name=\"twitter:label1\" content=\"Escrito por\" \/>\n\t<meta name=\"twitter:data1\" content=\"Reda\u00e7\u00e3o Filmelier\" \/>\n\t<meta name=\"twitter:label2\" content=\"Est. tempo de leitura\" \/>\n\t<meta name=\"twitter:data2\" content=\"2 minutos\" \/>\n<script type=\"application\/ld+json\" class=\"yoast-schema-graph\">{\"@context\":\"https:\/\/schema.org\",\"@graph\":[{\"@type\":\"Article\",\"@id\":\"https:\/\/news.filmelier.com\/br\/a-nuvem-rosa-telecine\/#article\",\"isPartOf\":{\"@id\":\"https:\/\/news.filmelier.com\/br\/a-nuvem-rosa-telecine\/\"},\"author\":{\"name\":\"Reda\u00e7\u00e3o Filmelier\",\"@id\":\"https:\/\/homolog.news.filmelier.com\/br\/#\/schema\/person\/a6491aa555ce96d9d1cc15f1742dbd7b\"},\"headline\":\"&#8216;A Nuvem Rosa&#8217;, sci-fi nacional, ganha data de estreia no Telecine\",\"datePublished\":\"2021-08-16T19:25:21+00:00\",\"mainEntityOfPage\":{\"@id\":\"https:\/\/news.filmelier.com\/br\/a-nuvem-rosa-telecine\/\"},\"wordCount\":311,\"publisher\":{\"@id\":\"https:\/\/homolog.news.filmelier.com\/br\/#organization\"},\"image\":{\"@id\":\"https:\/\/news.filmelier.com\/br\/a-nuvem-rosa-telecine\/#primaryimage\"},\"thumbnailUrl\":\"\",\"keywords\":[\"A Nuvem Rosa\",\"cinema nacional\",\"Festival de Cinema de Sundance\",\"filme\",\"O2 Filmes\",\"Sundance\",\"Sundance 2021\",\"Telecine Play\"],\"articleSection\":[\"Filmes\"],\"inLanguage\":\"pt-BR\"},{\"@type\":\"WebPage\",\"@id\":\"https:\/\/news.filmelier.com\/br\/a-nuvem-rosa-telecine\/\",\"url\":\"https:\/\/news.filmelier.com\/br\/a-nuvem-rosa-telecine\/\",\"name\":\"'A Nuvem Rosa', sci-fi nacional, ganha data de estreia no Telecine - News Filmelier\",\"isPartOf\":{\"@id\":\"https:\/\/homolog.news.filmelier.com\/br\/#website\"},\"primaryImageOfPage\":{\"@id\":\"https:\/\/news.filmelier.com\/br\/a-nuvem-rosa-telecine\/#primaryimage\"},\"image\":{\"@id\":\"https:\/\/news.filmelier.com\/br\/a-nuvem-rosa-telecine\/#primaryimage\"},\"thumbnailUrl\":\"\",\"datePublished\":\"2021-08-16T19:25:21+00:00\",\"breadcrumb\":{\"@id\":\"https:\/\/news.filmelier.com\/br\/a-nuvem-rosa-telecine\/#breadcrumb\"},\"inLanguage\":\"pt-BR\",\"potentialAction\":[{\"@type\":\"ReadAction\",\"target\":[\"https:\/\/news.filmelier.com\/br\/a-nuvem-rosa-telecine\/\"]}]},{\"@type\":\"ImageObject\",\"inLanguage\":\"pt-BR\",\"@id\":\"https:\/\/news.filmelier.com\/br\/a-nuvem-rosa-telecine\/#primaryimage\",\"url\":\"\",\"contentUrl\":\"\"},{\"@type\":\"BreadcrumbList\",\"@id\":\"https:\/\/news.filmelier.com\/br\/a-nuvem-rosa-telecine\/#breadcrumb\",\"itemListElement\":[{\"@type\":\"ListItem\",\"position\":1,\"name\":\"In\u00edcio\",\"item\":\"https:\/\/homolog.news.filmelier.com\/br\/\"},{\"@type\":\"ListItem\",\"position\":2,\"name\":\"&#8216;A Nuvem Rosa&#8217;, sci-fi nacional, ganha data de estreia no Telecine\"}]},{\"@type\":\"WebSite\",\"@id\":\"https:\/\/homolog.news.filmelier.com\/br\/#website\",\"url\":\"https:\/\/homolog.news.filmelier.com\/br\/\",\"name\":\"Homolog Filmelier News Rankrup\",\"description\":\"\",\"publisher\":{\"@id\":\"https:\/\/homolog.news.filmelier.com\/br\/#organization\"},\"potentialAction\":[{\"@type\":\"SearchAction\",\"target\":{\"@type\":\"EntryPoint\",\"urlTemplate\":\"https:\/\/homolog.news.filmelier.com\/br\/?s={search_term_string}\"},\"query-input\":{\"@type\":\"PropertyValueSpecification\",\"valueRequired\":true,\"valueName\":\"search_term_string\"}}],\"inLanguage\":\"pt-BR\"},{\"@type\":\"Organization\",\"@id\":\"https:\/\/homolog.news.filmelier.com\/br\/#organization\",\"name\":\"Homolog Filmelier News Rankrup\",\"url\":\"https:\/\/homolog.news.filmelier.com\/br\/\",\"logo\":{\"@type\":\"ImageObject\",\"inLanguage\":\"pt-BR\",\"@id\":\"https:\/\/homolog.news.filmelier.com\/br\/#\/schema\/logo\/image\/\",\"url\":\"https:\/\/news.filmelier.com\/wp-content\/uploads\/2024\/11\/Logo-News.png\",\"contentUrl\":\"https:\/\/news.filmelier.com\/wp-content\/uploads\/2024\/11\/Logo-News.png\",\"width\":460,\"height\":108,\"caption\":\"Homolog Filmelier News Rankrup\"},\"image\":{\"@id\":\"https:\/\/homolog.news.filmelier.com\/br\/#\/schema\/logo\/image\/\"}},{\"@type\":\"Person\",\"@id\":\"https:\/\/homolog.news.filmelier.com\/br\/#\/schema\/person\/a6491aa555ce96d9d1cc15f1742dbd7b\",\"name\":\"Reda\u00e7\u00e3o Filmelier\",\"image\":{\"@type\":\"ImageObject\",\"inLanguage\":\"pt-BR\",\"@id\":\"https:\/\/homolog.news.filmelier.com\/br\/#\/schema\/person\/image\/\",\"url\":\"https:\/\/secure.gravatar.com\/avatar\/8bf80419447553f32d821a953683c4666faca8d781f143825a02644ae3f7e2d0?s=96&d=mm&r=g\",\"contentUrl\":\"https:\/\/secure.gravatar.com\/avatar\/8bf80419447553f32d821a953683c4666faca8d781f143825a02644ae3f7e2d0?s=96&d=mm&r=g\",\"caption\":\"Reda\u00e7\u00e3o Filmelier\"},\"description\":\"Somos um time de jornalistas e cr\u00edticos que respira cinema a 24 quadros por segundo. Das estreias do circuito aos cl\u00e1ssicos restaurados, da curadoria em streamings \u00e0s entrevistas nos bastidores, nossa reda\u00e7\u00e3o transforma filmes em conte\u00fado inteligente \u2014 com an\u00e1lises afiadas, guias pr\u00e1ticos e hist\u00f3rias que fazem voc\u00ea ver a s\u00e9tima arte com outros olhos. Aqui no Filmelier, cinema n\u00e3o \u00e9 s\u00f3 lazer: \u00e9 of\u00edcio, \u00e9 expertise, \u00e9 paix\u00e3o em forma de texto.\",\"url\":\"https:\/\/news.filmelier.com\/br\/author\/contato-filmelier\/\"}]}<\/script>\n<!-- \/ Yoast SEO plugin. -->","yoast_head_json":{"title":"'A Nuvem Rosa', sci-fi nacional, ganha data de estreia no Telecine - News Filmelier","robots":{"index":"index","follow":"follow","max-snippet":"max-snippet:-1","max-image-preview":"max-image-preview:large","max-video-preview":"max-video-preview:-1"},"canonical":"https:\/\/news.filmelier.com\/br\/a-nuvem-rosa-telecine\/","og_locale":"pt_BR","og_type":"article","og_title":"'A Nuvem Rosa', sci-fi nacional, ganha data de estreia no Telecine - News Filmelier","og_description":"A produ\u00e7\u00e3o est\u00e1 com 100% de avalia\u00e7\u00f5es positivas no Rotten Tomatoes e fez parte da sele\u00e7\u00e3o oficial do Sundance Film Festival","og_url":"https:\/\/news.filmelier.com\/br\/a-nuvem-rosa-telecine\/","og_site_name":"News Filmelier","article_published_time":"2021-08-16T19:25:21+00:00","author":"Reda\u00e7\u00e3o Filmelier","twitter_card":"summary_large_image","twitter_misc":{"Escrito por":"Reda\u00e7\u00e3o Filmelier","Est. tempo de leitura":"2 minutos"},"schema":{"@context":"https:\/\/schema.org","@graph":[{"@type":"Article","@id":"https:\/\/news.filmelier.com\/br\/a-nuvem-rosa-telecine\/#article","isPartOf":{"@id":"https:\/\/news.filmelier.com\/br\/a-nuvem-rosa-telecine\/"},"author":{"name":"Reda\u00e7\u00e3o Filmelier","@id":"https:\/\/homolog.news.filmelier.com\/br\/#\/schema\/person\/a6491aa555ce96d9d1cc15f1742dbd7b"},"headline":"&#8216;A Nuvem Rosa&#8217;, sci-fi nacional, ganha data de estreia no Telecine","datePublished":"2021-08-16T19:25:21+00:00","mainEntityOfPage":{"@id":"https:\/\/news.filmelier.com\/br\/a-nuvem-rosa-telecine\/"},"wordCount":311,"publisher":{"@id":"https:\/\/homolog.news.filmelier.com\/br\/#organization"},"image":{"@id":"https:\/\/news.filmelier.com\/br\/a-nuvem-rosa-telecine\/#primaryimage"},"thumbnailUrl":"","keywords":["A Nuvem Rosa","cinema nacional","Festival de Cinema de Sundance","filme","O2 Filmes","Sundance","Sundance 2021","Telecine Play"],"articleSection":["Filmes"],"inLanguage":"pt-BR"},{"@type":"WebPage","@id":"https:\/\/news.filmelier.com\/br\/a-nuvem-rosa-telecine\/","url":"https:\/\/news.filmelier.com\/br\/a-nuvem-rosa-telecine\/","name":"'A Nuvem Rosa', sci-fi nacional, ganha data de estreia no Telecine - News Filmelier","isPartOf":{"@id":"https:\/\/homolog.news.filmelier.com\/br\/#website"},"primaryImageOfPage":{"@id":"https:\/\/news.filmelier.com\/br\/a-nuvem-rosa-telecine\/#primaryimage"},"image":{"@id":"https:\/\/news.filmelier.com\/br\/a-nuvem-rosa-telecine\/#primaryimage"},"thumbnailUrl":"","datePublished":"2021-08-16T19:25:21+00:00","breadcrumb":{"@id":"https:\/\/news.filmelier.com\/br\/a-nuvem-rosa-telecine\/#breadcrumb"},"inLanguage":"pt-BR","potentialAction":[{"@type":"ReadAction","target":["https:\/\/news.filmelier.com\/br\/a-nuvem-rosa-telecine\/"]}]},{"@type":"ImageObject","inLanguage":"pt-BR","@id":"https:\/\/news.filmelier.com\/br\/a-nuvem-rosa-telecine\/#primaryimage","url":"","contentUrl":""},{"@type":"BreadcrumbList","@id":"https:\/\/news.filmelier.com\/br\/a-nuvem-rosa-telecine\/#breadcrumb","itemListElement":[{"@type":"ListItem","position":1,"name":"In\u00edcio","item":"https:\/\/homolog.news.filmelier.com\/br\/"},{"@type":"ListItem","position":2,"name":"&#8216;A Nuvem Rosa&#8217;, sci-fi nacional, ganha data de estreia no Telecine"}]},{"@type":"WebSite","@id":"https:\/\/homolog.news.filmelier.com\/br\/#website","url":"https:\/\/homolog.news.filmelier.com\/br\/","name":"Homolog Filmelier News Rankrup","description":"","publisher":{"@id":"https:\/\/homolog.news.filmelier.com\/br\/#organization"},"potentialAction":[{"@type":"SearchAction","target":{"@type":"EntryPoint","urlTemplate":"https:\/\/homolog.news.filmelier.com\/br\/?s={search_term_string}"},"query-input":{"@type":"PropertyValueSpecification","valueRequired":true,"valueName":"search_term_string"}}],"inLanguage":"pt-BR"},{"@type":"Organization","@id":"https:\/\/homolog.news.filmelier.com\/br\/#organization","name":"Homolog Filmelier News Rankrup","url":"https:\/\/homolog.news.filmelier.com\/br\/","logo":{"@type":"ImageObject","inLanguage":"pt-BR","@id":"https:\/\/homolog.news.filmelier.com\/br\/#\/schema\/logo\/image\/","url":"https:\/\/news.filmelier.com\/wp-content\/uploads\/2024\/11\/Logo-News.png","contentUrl":"https:\/\/news.filmelier.com\/wp-content\/uploads\/2024\/11\/Logo-News.png","width":460,"height":108,"caption":"Homolog Filmelier News Rankrup"},"image":{"@id":"https:\/\/homolog.news.filmelier.com\/br\/#\/schema\/logo\/image\/"}},{"@type":"Person","@id":"https:\/\/homolog.news.filmelier.com\/br\/#\/schema\/person\/a6491aa555ce96d9d1cc15f1742dbd7b","name":"Reda\u00e7\u00e3o Filmelier","image":{"@type":"ImageObject","inLanguage":"pt-BR","@id":"https:\/\/homolog.news.filmelier.com\/br\/#\/schema\/person\/image\/","url":"https:\/\/secure.gravatar.com\/avatar\/8bf80419447553f32d821a953683c4666faca8d781f143825a02644ae3f7e2d0?s=96&d=mm&r=g","contentUrl":"https:\/\/secure.gravatar.com\/avatar\/8bf80419447553f32d821a953683c4666faca8d781f143825a02644ae3f7e2d0?s=96&d=mm&r=g","caption":"Reda\u00e7\u00e3o Filmelier"},"description":"Somos um time de jornalistas e cr\u00edticos que respira cinema a 24 quadros por segundo. Das estreias do circuito aos cl\u00e1ssicos restaurados, da curadoria em streamings \u00e0s entrevistas nos bastidores, nossa reda\u00e7\u00e3o transforma filmes em conte\u00fado inteligente \u2014 com an\u00e1lises afiadas, guias pr\u00e1ticos e hist\u00f3rias que fazem voc\u00ea ver a s\u00e9tima arte com outros olhos. Aqui no Filmelier, cinema n\u00e3o \u00e9 s\u00f3 lazer: \u00e9 of\u00edcio, \u00e9 expertise, \u00e9 paix\u00e3o em forma de texto.","url":"https:\/\/news.filmelier.com\/br\/author\/contato-filmelier\/"}]}},"_links":{"self":[{"href":"https:\/\/news.filmelier.com\/br\/wp-json\/wp\/v2\/posts\/17889","targetHints":{"allow":["GET"]}}],"collection":[{"href":"https:\/\/news.filmelier.com\/br\/wp-json\/wp\/v2\/posts"}],"about":[{"href":"https:\/\/news.filmelier.com\/br\/wp-json\/wp\/v2\/types\/post"}],"author":[{"embeddable":true,"href":"https:\/\/news.filmelier.com\/br\/wp-json\/wp\/v2\/users\/14"}],"replies":[{"embeddable":true,"href":"https:\/\/news.filmelier.com\/br\/wp-json\/wp\/v2\/comments?post=17889"}],"version-history":[{"count":0,"href":"https:\/\/news.filmelier.com\/br\/wp-json\/wp\/v2\/posts\/17889\/revisions"}],"wp:featuredmedia":[{"embeddable":true,"href":"https:\/\/news.filmelier.com\/br\/wp-json\/"}],"wp:attachment":[{"href":"https:\/\/news.filmelier.com\/br\/wp-json\/wp\/v2\/media?parent=17889"}],"wp:term":[{"taxonomy":"category","embeddable":true,"href":"https:\/\/news.filmelier.com\/br\/wp-json\/wp\/v2\/categories?post=17889"},{"taxonomy":"post_tag","embeddable":true,"href":"https:\/\/news.filmelier.com\/br\/wp-json\/wp\/v2\/tags?post=17889"}],"curies":[{"name":"wp","href":"https:\/\/api.w.org\/{rel}","templated":true}]}}