{"id":17877,"date":"2021-08-16T13:24:24","date_gmt":"2021-08-16T16:24:24","guid":{"rendered":"https:\/\/www.filmelier.com\/br\/noticias\/?p=17877"},"modified":"2021-08-16T13:24:24","modified_gmt":"2021-08-16T16:24:24","slug":"victoria-justice-esticando-a-festa-trailer","status":"publish","type":"post","link":"https:\/\/news.filmelier.com\/br\/victoria-justice-esticando-a-festa-trailer\/","title":{"rendered":"Victoria Justice precisa driblar a morte em &#8216;Esticando a Festa&#8217;; veja o trailer"},"content":{"rendered":"\n<p><a href=\"https:\/\/www.filmelier.com\/br\/noticias\/a-barraca-do-beijo-3-fas-analise\" class=\"rank-math-link\">A trilogia de &#8216;A Barraca do Beijo&#8217; chegou ao fim<\/a>, mas a Netflix j\u00e1 tem outra com\u00e9dia para te entreter: &#8216;Esticando a Noite&#8217; (&#8216;Afterlife of the Party&#8217;). O filme ganhou o primeiro trailer hoje, 16. Na trama, Victoria Justice ( da s\u00e9rie &#8216;Brilhante Victoria&#8217;) precisa arrumar tudo que fez de errado em sua vida para driblar a morte.<br><br>Confira abaixo o trailer:<\/p>\n\n\n\n<figure class=\"wp-block-embed-youtube wp-block-embed is-type-video is-provider-youtube wp-embed-aspect-16-9 wp-has-aspect-ratio\"><div class=\"wp-block-embed__wrapper\">\n<iframe title=\"Afterlife of the Party | Official Trailer | Netflix\" width=\"800\" height=\"450\" src=\"https:\/\/www.youtube.com\/embed\/kFIbSnJ9tQM?feature=oembed\" frameborder=\"0\" allow=\"accelerometer; autoplay; clipboard-write; encrypted-media; gyroscope; picture-in-picture; web-share\" referrerpolicy=\"strict-origin-when-cross-origin\" allowfullscreen><\/iframe>\n<\/div><\/figure>\n\n\n\n<p><br>Uma mo\u00e7a extremamente amig\u00e1vel (Victoria Justice) comete a pior gafe social poss\u00edvel: morrer durante a semana do seu anivers\u00e1rio. Para sua grande surpresa, recebe uma segunda oportunidade para retificar o que fez de mal no mundo terreno, reaproximando-se dos seus entes queridos e, acima de tudo, provando que merece entrar na grande sala VIP do c\u00e9u.<br><br>Al\u00e9m de Victoria Justice, o elenco conta com Midori Francis (da s\u00e9rie &#8216;Dash &amp; Lily&#8217;) e Spencer Sutherland. Com dire\u00e7\u00e3o de Stephen Herek (&#8216;A Fant\u00e1stica Aventura de Bill e Ted&#8217;), &#8216;Esticando a Festa&#8217; desembarca na Netflix em 2 de zembro.<\/p>\n\n\n\n<p class=\"has-text-align-center\"><strong>Siga o Filmelier no\u00a0<a rel=\"noreferrer noopener\" href=\"https:\/\/www.facebook.com\/filmelierbr\" target=\"_blank\">Facebook<\/a>,\u00a0<a rel=\"noreferrer noopener\" href=\"https:\/\/www.twitter.com\/filmelierbr\" target=\"_blank\">Twitter<\/a>,\u00a0<a rel=\"noreferrer noopener\" href=\"https:\/\/www.instagram.com\/filmelierbr\" target=\"_blank\">Instagram<\/a>\u00a0e\u00a0<a rel=\"noreferrer noopener\" href=\"https:\/\/www.tiktok.com\/@filmelierbr\" target=\"_blank\">TikTok<\/a>.<\/strong><\/p>\n","protected":false},"excerpt":{"rendered":"<p>Midori Francis (da s\u00e9rie &#8216;Dash &#038; Lily&#8217;) tamb\u00e9m est\u00e1 no elenco do filme, que estreia em setembro<\/p>\n","protected":false},"author":14,"featured_media":17890,"comment_status":"closed","ping_status":"open","sticky":false,"template":"","format":"standard","meta":{"_acf_changed":false,"footnotes":""},"categories":[3482],"tags":[9752,7379,9753,4634,9754,6015,9755],"class_list":["post-17877","post","type-post","status-publish","format-standard","has-post-thumbnail","hentry","category-filmes-br","tag-afterlife-of-the-party","tag-comedia","tag-esticando-a-festa","tag-lancamento-br","tag-midori-francis","tag-netflix","tag-victoria-justice"],"acf":{"subtitulo":"","id_ator":""},"yoast_head":"<!-- This site is optimized with the Yoast SEO plugin v26.1.1 - https:\/\/yoast.com\/wordpress\/plugins\/seo\/ -->\n<title>Victoria Justice precisa driblar a morte em &#039;Esticando a Festa&#039;; veja o trailer - News Filmelier<\/title>\n<meta name=\"robots\" content=\"index, follow, max-snippet:-1, max-image-preview:large, max-video-preview:-1\" \/>\n<link rel=\"canonical\" href=\"https:\/\/news.filmelier.com\/br\/victoria-justice-esticando-a-festa-trailer\/\" \/>\n<meta property=\"og:locale\" content=\"pt_BR\" \/>\n<meta property=\"og:type\" content=\"article\" \/>\n<meta property=\"og:title\" content=\"Victoria Justice precisa driblar a morte em &#039;Esticando a Festa&#039;; veja o trailer - News Filmelier\" \/>\n<meta property=\"og:description\" content=\"Midori Francis (da s\u00e9rie &#039;Dash &amp; Lily&#039;) tamb\u00e9m est\u00e1 no elenco do filme, que estreia em setembro\" \/>\n<meta property=\"og:url\" content=\"https:\/\/news.filmelier.com\/br\/victoria-justice-esticando-a-festa-trailer\/\" \/>\n<meta property=\"og:site_name\" content=\"News Filmelier\" \/>\n<meta property=\"article:published_time\" content=\"2021-08-16T16:24:24+00:00\" \/>\n<meta name=\"author\" content=\"Reda\u00e7\u00e3o Filmelier\" \/>\n<meta name=\"twitter:card\" content=\"summary_large_image\" \/>\n<meta name=\"twitter:label1\" content=\"Escrito por\" \/>\n\t<meta name=\"twitter:data1\" content=\"Reda\u00e7\u00e3o Filmelier\" \/>\n\t<meta name=\"twitter:label2\" content=\"Est. tempo de leitura\" \/>\n\t<meta name=\"twitter:data2\" content=\"1 minuto\" \/>\n<script type=\"application\/ld+json\" class=\"yoast-schema-graph\">{\"@context\":\"https:\/\/schema.org\",\"@graph\":[{\"@type\":\"Article\",\"@id\":\"https:\/\/news.filmelier.com\/br\/victoria-justice-esticando-a-festa-trailer\/#article\",\"isPartOf\":{\"@id\":\"https:\/\/news.filmelier.com\/br\/victoria-justice-esticando-a-festa-trailer\/\"},\"author\":{\"name\":\"Reda\u00e7\u00e3o Filmelier\",\"@id\":\"https:\/\/homolog.news.filmelier.com\/br\/#\/schema\/person\/a6491aa555ce96d9d1cc15f1742dbd7b\"},\"headline\":\"Victoria Justice precisa driblar a morte em &#8216;Esticando a Festa&#8217;; veja o trailer\",\"datePublished\":\"2021-08-16T16:24:24+00:00\",\"mainEntityOfPage\":{\"@id\":\"https:\/\/news.filmelier.com\/br\/victoria-justice-esticando-a-festa-trailer\/\"},\"wordCount\":196,\"publisher\":{\"@id\":\"https:\/\/homolog.news.filmelier.com\/br\/#organization\"},\"image\":{\"@id\":\"https:\/\/news.filmelier.com\/br\/victoria-justice-esticando-a-festa-trailer\/#primaryimage\"},\"thumbnailUrl\":\"\",\"keywords\":[\"Afterlife of the Party\",\"com\u00e9dia\",\"Esticando a Festa\",\"lan\u00e7amento\",\"Midori Francis\",\"netflix\",\"Victoria Justice\"],\"articleSection\":[\"Filmes\"],\"inLanguage\":\"pt-BR\"},{\"@type\":\"WebPage\",\"@id\":\"https:\/\/news.filmelier.com\/br\/victoria-justice-esticando-a-festa-trailer\/\",\"url\":\"https:\/\/news.filmelier.com\/br\/victoria-justice-esticando-a-festa-trailer\/\",\"name\":\"Victoria Justice precisa driblar a morte em 'Esticando a Festa'; veja o trailer - News Filmelier\",\"isPartOf\":{\"@id\":\"https:\/\/homolog.news.filmelier.com\/br\/#website\"},\"primaryImageOfPage\":{\"@id\":\"https:\/\/news.filmelier.com\/br\/victoria-justice-esticando-a-festa-trailer\/#primaryimage\"},\"image\":{\"@id\":\"https:\/\/news.filmelier.com\/br\/victoria-justice-esticando-a-festa-trailer\/#primaryimage\"},\"thumbnailUrl\":\"\",\"datePublished\":\"2021-08-16T16:24:24+00:00\",\"breadcrumb\":{\"@id\":\"https:\/\/news.filmelier.com\/br\/victoria-justice-esticando-a-festa-trailer\/#breadcrumb\"},\"inLanguage\":\"pt-BR\",\"potentialAction\":[{\"@type\":\"ReadAction\",\"target\":[\"https:\/\/news.filmelier.com\/br\/victoria-justice-esticando-a-festa-trailer\/\"]}]},{\"@type\":\"ImageObject\",\"inLanguage\":\"pt-BR\",\"@id\":\"https:\/\/news.filmelier.com\/br\/victoria-justice-esticando-a-festa-trailer\/#primaryimage\",\"url\":\"\",\"contentUrl\":\"\"},{\"@type\":\"BreadcrumbList\",\"@id\":\"https:\/\/news.filmelier.com\/br\/victoria-justice-esticando-a-festa-trailer\/#breadcrumb\",\"itemListElement\":[{\"@type\":\"ListItem\",\"position\":1,\"name\":\"In\u00edcio\",\"item\":\"https:\/\/homolog.news.filmelier.com\/br\/\"},{\"@type\":\"ListItem\",\"position\":2,\"name\":\"Victoria Justice precisa driblar a morte em &#8216;Esticando a Festa&#8217;; veja o trailer\"}]},{\"@type\":\"WebSite\",\"@id\":\"https:\/\/homolog.news.filmelier.com\/br\/#website\",\"url\":\"https:\/\/homolog.news.filmelier.com\/br\/\",\"name\":\"Homolog Filmelier News Rankrup\",\"description\":\"\",\"publisher\":{\"@id\":\"https:\/\/homolog.news.filmelier.com\/br\/#organization\"},\"potentialAction\":[{\"@type\":\"SearchAction\",\"target\":{\"@type\":\"EntryPoint\",\"urlTemplate\":\"https:\/\/homolog.news.filmelier.com\/br\/?s={search_term_string}\"},\"query-input\":{\"@type\":\"PropertyValueSpecification\",\"valueRequired\":true,\"valueName\":\"search_term_string\"}}],\"inLanguage\":\"pt-BR\"},{\"@type\":\"Organization\",\"@id\":\"https:\/\/homolog.news.filmelier.com\/br\/#organization\",\"name\":\"Homolog Filmelier News Rankrup\",\"url\":\"https:\/\/homolog.news.filmelier.com\/br\/\",\"logo\":{\"@type\":\"ImageObject\",\"inLanguage\":\"pt-BR\",\"@id\":\"https:\/\/homolog.news.filmelier.com\/br\/#\/schema\/logo\/image\/\",\"url\":\"https:\/\/news.filmelier.com\/wp-content\/uploads\/2024\/11\/Logo-News.png\",\"contentUrl\":\"https:\/\/news.filmelier.com\/wp-content\/uploads\/2024\/11\/Logo-News.png\",\"width\":460,\"height\":108,\"caption\":\"Homolog Filmelier News Rankrup\"},\"image\":{\"@id\":\"https:\/\/homolog.news.filmelier.com\/br\/#\/schema\/logo\/image\/\"}},{\"@type\":\"Person\",\"@id\":\"https:\/\/homolog.news.filmelier.com\/br\/#\/schema\/person\/a6491aa555ce96d9d1cc15f1742dbd7b\",\"name\":\"Reda\u00e7\u00e3o Filmelier\",\"image\":{\"@type\":\"ImageObject\",\"inLanguage\":\"pt-BR\",\"@id\":\"https:\/\/homolog.news.filmelier.com\/br\/#\/schema\/person\/image\/\",\"url\":\"https:\/\/secure.gravatar.com\/avatar\/8bf80419447553f32d821a953683c4666faca8d781f143825a02644ae3f7e2d0?s=96&d=mm&r=g\",\"contentUrl\":\"https:\/\/secure.gravatar.com\/avatar\/8bf80419447553f32d821a953683c4666faca8d781f143825a02644ae3f7e2d0?s=96&d=mm&r=g\",\"caption\":\"Reda\u00e7\u00e3o Filmelier\"},\"description\":\"Somos um time de jornalistas e cr\u00edticos que respira cinema a 24 quadros por segundo. Das estreias do circuito aos cl\u00e1ssicos restaurados, da curadoria em streamings \u00e0s entrevistas nos bastidores, nossa reda\u00e7\u00e3o transforma filmes em conte\u00fado inteligente \u2014 com an\u00e1lises afiadas, guias pr\u00e1ticos e hist\u00f3rias que fazem voc\u00ea ver a s\u00e9tima arte com outros olhos. Aqui no Filmelier, cinema n\u00e3o \u00e9 s\u00f3 lazer: \u00e9 of\u00edcio, \u00e9 expertise, \u00e9 paix\u00e3o em forma de texto.\",\"url\":\"https:\/\/news.filmelier.com\/br\/author\/contato-filmelier\/\"}]}<\/script>\n<!-- \/ Yoast SEO plugin. -->","yoast_head_json":{"title":"Victoria Justice precisa driblar a morte em 'Esticando a Festa'; veja o trailer - News Filmelier","robots":{"index":"index","follow":"follow","max-snippet":"max-snippet:-1","max-image-preview":"max-image-preview:large","max-video-preview":"max-video-preview:-1"},"canonical":"https:\/\/news.filmelier.com\/br\/victoria-justice-esticando-a-festa-trailer\/","og_locale":"pt_BR","og_type":"article","og_title":"Victoria Justice precisa driblar a morte em 'Esticando a Festa'; veja o trailer - News Filmelier","og_description":"Midori Francis (da s\u00e9rie 'Dash & Lily') tamb\u00e9m est\u00e1 no elenco do filme, que estreia em setembro","og_url":"https:\/\/news.filmelier.com\/br\/victoria-justice-esticando-a-festa-trailer\/","og_site_name":"News Filmelier","article_published_time":"2021-08-16T16:24:24+00:00","author":"Reda\u00e7\u00e3o Filmelier","twitter_card":"summary_large_image","twitter_misc":{"Escrito por":"Reda\u00e7\u00e3o Filmelier","Est. tempo de leitura":"1 minuto"},"schema":{"@context":"https:\/\/schema.org","@graph":[{"@type":"Article","@id":"https:\/\/news.filmelier.com\/br\/victoria-justice-esticando-a-festa-trailer\/#article","isPartOf":{"@id":"https:\/\/news.filmelier.com\/br\/victoria-justice-esticando-a-festa-trailer\/"},"author":{"name":"Reda\u00e7\u00e3o Filmelier","@id":"https:\/\/homolog.news.filmelier.com\/br\/#\/schema\/person\/a6491aa555ce96d9d1cc15f1742dbd7b"},"headline":"Victoria Justice precisa driblar a morte em &#8216;Esticando a Festa&#8217;; veja o trailer","datePublished":"2021-08-16T16:24:24+00:00","mainEntityOfPage":{"@id":"https:\/\/news.filmelier.com\/br\/victoria-justice-esticando-a-festa-trailer\/"},"wordCount":196,"publisher":{"@id":"https:\/\/homolog.news.filmelier.com\/br\/#organization"},"image":{"@id":"https:\/\/news.filmelier.com\/br\/victoria-justice-esticando-a-festa-trailer\/#primaryimage"},"thumbnailUrl":"","keywords":["Afterlife of the Party","com\u00e9dia","Esticando a Festa","lan\u00e7amento","Midori Francis","netflix","Victoria Justice"],"articleSection":["Filmes"],"inLanguage":"pt-BR"},{"@type":"WebPage","@id":"https:\/\/news.filmelier.com\/br\/victoria-justice-esticando-a-festa-trailer\/","url":"https:\/\/news.filmelier.com\/br\/victoria-justice-esticando-a-festa-trailer\/","name":"Victoria Justice precisa driblar a morte em 'Esticando a Festa'; veja o trailer - News Filmelier","isPartOf":{"@id":"https:\/\/homolog.news.filmelier.com\/br\/#website"},"primaryImageOfPage":{"@id":"https:\/\/news.filmelier.com\/br\/victoria-justice-esticando-a-festa-trailer\/#primaryimage"},"image":{"@id":"https:\/\/news.filmelier.com\/br\/victoria-justice-esticando-a-festa-trailer\/#primaryimage"},"thumbnailUrl":"","datePublished":"2021-08-16T16:24:24+00:00","breadcrumb":{"@id":"https:\/\/news.filmelier.com\/br\/victoria-justice-esticando-a-festa-trailer\/#breadcrumb"},"inLanguage":"pt-BR","potentialAction":[{"@type":"ReadAction","target":["https:\/\/news.filmelier.com\/br\/victoria-justice-esticando-a-festa-trailer\/"]}]},{"@type":"ImageObject","inLanguage":"pt-BR","@id":"https:\/\/news.filmelier.com\/br\/victoria-justice-esticando-a-festa-trailer\/#primaryimage","url":"","contentUrl":""},{"@type":"BreadcrumbList","@id":"https:\/\/news.filmelier.com\/br\/victoria-justice-esticando-a-festa-trailer\/#breadcrumb","itemListElement":[{"@type":"ListItem","position":1,"name":"In\u00edcio","item":"https:\/\/homolog.news.filmelier.com\/br\/"},{"@type":"ListItem","position":2,"name":"Victoria Justice precisa driblar a morte em &#8216;Esticando a Festa&#8217;; veja o trailer"}]},{"@type":"WebSite","@id":"https:\/\/homolog.news.filmelier.com\/br\/#website","url":"https:\/\/homolog.news.filmelier.com\/br\/","name":"Homolog Filmelier News Rankrup","description":"","publisher":{"@id":"https:\/\/homolog.news.filmelier.com\/br\/#organization"},"potentialAction":[{"@type":"SearchAction","target":{"@type":"EntryPoint","urlTemplate":"https:\/\/homolog.news.filmelier.com\/br\/?s={search_term_string}"},"query-input":{"@type":"PropertyValueSpecification","valueRequired":true,"valueName":"search_term_string"}}],"inLanguage":"pt-BR"},{"@type":"Organization","@id":"https:\/\/homolog.news.filmelier.com\/br\/#organization","name":"Homolog Filmelier News Rankrup","url":"https:\/\/homolog.news.filmelier.com\/br\/","logo":{"@type":"ImageObject","inLanguage":"pt-BR","@id":"https:\/\/homolog.news.filmelier.com\/br\/#\/schema\/logo\/image\/","url":"https:\/\/news.filmelier.com\/wp-content\/uploads\/2024\/11\/Logo-News.png","contentUrl":"https:\/\/news.filmelier.com\/wp-content\/uploads\/2024\/11\/Logo-News.png","width":460,"height":108,"caption":"Homolog Filmelier News Rankrup"},"image":{"@id":"https:\/\/homolog.news.filmelier.com\/br\/#\/schema\/logo\/image\/"}},{"@type":"Person","@id":"https:\/\/homolog.news.filmelier.com\/br\/#\/schema\/person\/a6491aa555ce96d9d1cc15f1742dbd7b","name":"Reda\u00e7\u00e3o Filmelier","image":{"@type":"ImageObject","inLanguage":"pt-BR","@id":"https:\/\/homolog.news.filmelier.com\/br\/#\/schema\/person\/image\/","url":"https:\/\/secure.gravatar.com\/avatar\/8bf80419447553f32d821a953683c4666faca8d781f143825a02644ae3f7e2d0?s=96&d=mm&r=g","contentUrl":"https:\/\/secure.gravatar.com\/avatar\/8bf80419447553f32d821a953683c4666faca8d781f143825a02644ae3f7e2d0?s=96&d=mm&r=g","caption":"Reda\u00e7\u00e3o Filmelier"},"description":"Somos um time de jornalistas e cr\u00edticos que respira cinema a 24 quadros por segundo. Das estreias do circuito aos cl\u00e1ssicos restaurados, da curadoria em streamings \u00e0s entrevistas nos bastidores, nossa reda\u00e7\u00e3o transforma filmes em conte\u00fado inteligente \u2014 com an\u00e1lises afiadas, guias pr\u00e1ticos e hist\u00f3rias que fazem voc\u00ea ver a s\u00e9tima arte com outros olhos. Aqui no Filmelier, cinema n\u00e3o \u00e9 s\u00f3 lazer: \u00e9 of\u00edcio, \u00e9 expertise, \u00e9 paix\u00e3o em forma de texto.","url":"https:\/\/news.filmelier.com\/br\/author\/contato-filmelier\/"}]}},"_links":{"self":[{"href":"https:\/\/news.filmelier.com\/br\/wp-json\/wp\/v2\/posts\/17877","targetHints":{"allow":["GET"]}}],"collection":[{"href":"https:\/\/news.filmelier.com\/br\/wp-json\/wp\/v2\/posts"}],"about":[{"href":"https:\/\/news.filmelier.com\/br\/wp-json\/wp\/v2\/types\/post"}],"author":[{"embeddable":true,"href":"https:\/\/news.filmelier.com\/br\/wp-json\/wp\/v2\/users\/14"}],"replies":[{"embeddable":true,"href":"https:\/\/news.filmelier.com\/br\/wp-json\/wp\/v2\/comments?post=17877"}],"version-history":[{"count":0,"href":"https:\/\/news.filmelier.com\/br\/wp-json\/wp\/v2\/posts\/17877\/revisions"}],"wp:featuredmedia":[{"embeddable":true,"href":"https:\/\/news.filmelier.com\/br\/wp-json\/"}],"wp:attachment":[{"href":"https:\/\/news.filmelier.com\/br\/wp-json\/wp\/v2\/media?parent=17877"}],"wp:term":[{"taxonomy":"category","embeddable":true,"href":"https:\/\/news.filmelier.com\/br\/wp-json\/wp\/v2\/categories?post=17877"},{"taxonomy":"post_tag","embeddable":true,"href":"https:\/\/news.filmelier.com\/br\/wp-json\/wp\/v2\/tags?post=17877"}],"curies":[{"name":"wp","href":"https:\/\/api.w.org\/{rel}","templated":true}]}}