{"id":17799,"date":"2021-08-13T10:53:45","date_gmt":"2021-08-13T13:53:45","guid":{"rendered":"https:\/\/www.filmelier.com\/br\/noticias\/?p=17799"},"modified":"2021-08-13T10:53:45","modified_gmt":"2021-08-13T13:53:45","slug":"finch-data-de-lancamento","status":"publish","type":"post","link":"https:\/\/news.filmelier.com\/br\/finch-data-de-lancamento\/","title":{"rendered":"&#8216;Finch&#8217;, sci-fi com Tom Hanks, ganha data de lan\u00e7amento"},"content":{"rendered":"\n<p>A Apple  divulgou a data de estreia de &#8216;Finch&#8217;, fic\u00e7\u00e3o cient\u00edfica com Tom Hanks. O longa chega ao Apple TV+ em novembro, no dia 5. A produ\u00e7\u00e3o teve tamb\u00e9m a primeira imagem e sinopse divulgadas.<\/p>\n\n\n\n<p>No filme, dirigido por Miguel Sapochnik (&#8216;Game of Thrones&#8217;), o vencedor do Oscar interpreta um engenheiro rob\u00f3tico que est\u00e1 entre os poucos sobreviventes de um evento solar catacl\u00edsmico. Enquanto o acontecimento deixou o mundo um deserto, Finch construiu um mundo pr\u00f3prio desde ent\u00e3o, que ele compartilha com seu amado c\u00e3o, Goodyear. <\/p>\n\n\n\n<figure class=\"wp-block-image size-large\"><img decoding=\"async\" src=\"https:\/\/www.filmelier.com\/br\/noticias\/wp-content\/uploads\/2021\/08\/Finch_Feature.jpg\" alt=\"'Finch', sci-fi com Tom Hanks, ganha data de lan\u00e7amento\" class=\"wp-image-17834\"\/><figcaption>Tom Hanks \u00e9 um dos poucos atores da produ\u00e7\u00e3o (Cr\u00e9dito: Divulga\u00e7\u00e3o\/Apple TV+)<\/figcaption><\/figure>\n\n\n\n<p>Tamb\u00e9m morando com Finch em seu bunker subterr\u00e2neo est\u00e1 um rob\u00f4 (interpretado por Caleb Landry Jones) que ele construiu para cuidar do cachorro quando ele n\u00e3o puder mais.<\/p>\n\n\n\n<ul class=\"wp-block-list\"><li><strong><a href=\"https:\/\/www.filmelier.com\/br\/noticias\/the-tragedy-of-macbeth-apple-tv-plus\" class=\"rank-math-link\">\u2018The Tragedy of Macbeth\u2019: Filme de Joel Coen com Frances McDormand e Denzel Washington ser\u00e1 lan\u00e7ado no Apple TV+<\/a><\/strong><\/li><\/ul>\n\n\n\n<p>O roteiro de &#8216;Finch&#8217; ficou a cargo de Ivor Powell, que escreveu junto a Craig Luck, que faz sua estreia como roteirista de longas-metragens. S\u00f3 para ressaltar, o filme chega \u00e0 Apple TV+ em 5 de novembro.<\/p>\n\n\n\n<p class=\"has-text-align-center\"><strong>Siga o Filmelier no&nbsp;<a rel=\"noreferrer noopener\" href=\"https:\/\/www.facebook.com\/filmelierbr\" target=\"_blank\">Facebook<\/a>,&nbsp;<a rel=\"noreferrer noopener\" href=\"https:\/\/www.twitter.com\/filmelierbr\" target=\"_blank\">Twitter<\/a>,&nbsp;<a rel=\"noreferrer noopener\" href=\"https:\/\/www.instagram.com\/filmelierbr\" target=\"_blank\">Instagram<\/a>&nbsp;e&nbsp;<a rel=\"noreferrer noopener\" href=\"https:\/\/www.tiktok.com\/@filmelierbr\" target=\"_blank\">TikTok<\/a>.<\/strong><br><\/p>\n","protected":false},"excerpt":{"rendered":"<p>A produ\u00e7\u00e3o teve tamb\u00e9m sua primeira foto divulgada<\/p>\n","protected":false},"author":14,"featured_media":17838,"comment_status":"closed","ping_status":"open","sticky":false,"template":"","format":"standard","meta":{"_acf_changed":false,"footnotes":""},"categories":[3482],"tags":[9591,9508,3346,8591,5972],"class_list":["post-17799","post","type-post","status-publish","format-standard","has-post-thumbnail","hentry","category-filmes-br","tag-apple-tv-plus-2","tag-ficcao-cientifica","tag-finch","tag-sci-fi","tag-tom-hanks"],"acf":{"subtitulo":"","id_ator":""},"yoast_head":"<!-- This site is optimized with the Yoast SEO plugin v26.1.1 - https:\/\/yoast.com\/wordpress\/plugins\/seo\/ -->\n<title>&#039;Finch&#039;, sci-fi com Tom Hanks, ganha data de lan\u00e7amento - News Filmelier<\/title>\n<meta name=\"robots\" content=\"index, follow, max-snippet:-1, max-image-preview:large, max-video-preview:-1\" \/>\n<link rel=\"canonical\" href=\"https:\/\/news.filmelier.com\/br\/finch-data-de-lancamento\/\" \/>\n<meta property=\"og:locale\" content=\"pt_BR\" \/>\n<meta property=\"og:type\" content=\"article\" \/>\n<meta property=\"og:title\" content=\"&#039;Finch&#039;, sci-fi com Tom Hanks, ganha data de lan\u00e7amento - News Filmelier\" \/>\n<meta property=\"og:description\" content=\"A produ\u00e7\u00e3o teve tamb\u00e9m sua primeira foto divulgada\" \/>\n<meta property=\"og:url\" content=\"https:\/\/news.filmelier.com\/br\/finch-data-de-lancamento\/\" \/>\n<meta property=\"og:site_name\" content=\"News Filmelier\" \/>\n<meta property=\"article:published_time\" content=\"2021-08-13T13:53:45+00:00\" \/>\n<meta name=\"author\" content=\"Reda\u00e7\u00e3o Filmelier\" \/>\n<meta name=\"twitter:card\" content=\"summary_large_image\" \/>\n<meta name=\"twitter:label1\" content=\"Escrito por\" \/>\n\t<meta name=\"twitter:data1\" content=\"Reda\u00e7\u00e3o Filmelier\" \/>\n\t<meta name=\"twitter:label2\" content=\"Est. tempo de leitura\" \/>\n\t<meta name=\"twitter:data2\" content=\"1 minuto\" \/>\n<script type=\"application\/ld+json\" class=\"yoast-schema-graph\">{\"@context\":\"https:\/\/schema.org\",\"@graph\":[{\"@type\":\"Article\",\"@id\":\"https:\/\/news.filmelier.com\/br\/finch-data-de-lancamento\/#article\",\"isPartOf\":{\"@id\":\"https:\/\/news.filmelier.com\/br\/finch-data-de-lancamento\/\"},\"author\":{\"name\":\"Reda\u00e7\u00e3o Filmelier\",\"@id\":\"https:\/\/homolog.news.filmelier.com\/br\/#\/schema\/person\/a6491aa555ce96d9d1cc15f1742dbd7b\"},\"headline\":\"&#8216;Finch&#8217;, sci-fi com Tom Hanks, ganha data de lan\u00e7amento\",\"datePublished\":\"2021-08-13T13:53:45+00:00\",\"mainEntityOfPage\":{\"@id\":\"https:\/\/news.filmelier.com\/br\/finch-data-de-lancamento\/\"},\"wordCount\":219,\"publisher\":{\"@id\":\"https:\/\/homolog.news.filmelier.com\/br\/#organization\"},\"image\":{\"@id\":\"https:\/\/news.filmelier.com\/br\/finch-data-de-lancamento\/#primaryimage\"},\"thumbnailUrl\":\"\",\"keywords\":[\"Apple TV Plus\",\"Fic\u00e7\u00e3o cient\u00edfica\",\"Finch\",\"sci-fi\",\"Tom Hanks\"],\"articleSection\":[\"Filmes\"],\"inLanguage\":\"pt-BR\"},{\"@type\":\"WebPage\",\"@id\":\"https:\/\/news.filmelier.com\/br\/finch-data-de-lancamento\/\",\"url\":\"https:\/\/news.filmelier.com\/br\/finch-data-de-lancamento\/\",\"name\":\"'Finch', sci-fi com Tom Hanks, ganha data de lan\u00e7amento - News Filmelier\",\"isPartOf\":{\"@id\":\"https:\/\/homolog.news.filmelier.com\/br\/#website\"},\"primaryImageOfPage\":{\"@id\":\"https:\/\/news.filmelier.com\/br\/finch-data-de-lancamento\/#primaryimage\"},\"image\":{\"@id\":\"https:\/\/news.filmelier.com\/br\/finch-data-de-lancamento\/#primaryimage\"},\"thumbnailUrl\":\"\",\"datePublished\":\"2021-08-13T13:53:45+00:00\",\"breadcrumb\":{\"@id\":\"https:\/\/news.filmelier.com\/br\/finch-data-de-lancamento\/#breadcrumb\"},\"inLanguage\":\"pt-BR\",\"potentialAction\":[{\"@type\":\"ReadAction\",\"target\":[\"https:\/\/news.filmelier.com\/br\/finch-data-de-lancamento\/\"]}]},{\"@type\":\"ImageObject\",\"inLanguage\":\"pt-BR\",\"@id\":\"https:\/\/news.filmelier.com\/br\/finch-data-de-lancamento\/#primaryimage\",\"url\":\"\",\"contentUrl\":\"\"},{\"@type\":\"BreadcrumbList\",\"@id\":\"https:\/\/news.filmelier.com\/br\/finch-data-de-lancamento\/#breadcrumb\",\"itemListElement\":[{\"@type\":\"ListItem\",\"position\":1,\"name\":\"In\u00edcio\",\"item\":\"https:\/\/homolog.news.filmelier.com\/br\/\"},{\"@type\":\"ListItem\",\"position\":2,\"name\":\"&#8216;Finch&#8217;, sci-fi com Tom Hanks, ganha data de lan\u00e7amento\"}]},{\"@type\":\"WebSite\",\"@id\":\"https:\/\/homolog.news.filmelier.com\/br\/#website\",\"url\":\"https:\/\/homolog.news.filmelier.com\/br\/\",\"name\":\"Homolog Filmelier News Rankrup\",\"description\":\"\",\"publisher\":{\"@id\":\"https:\/\/homolog.news.filmelier.com\/br\/#organization\"},\"potentialAction\":[{\"@type\":\"SearchAction\",\"target\":{\"@type\":\"EntryPoint\",\"urlTemplate\":\"https:\/\/homolog.news.filmelier.com\/br\/?s={search_term_string}\"},\"query-input\":{\"@type\":\"PropertyValueSpecification\",\"valueRequired\":true,\"valueName\":\"search_term_string\"}}],\"inLanguage\":\"pt-BR\"},{\"@type\":\"Organization\",\"@id\":\"https:\/\/homolog.news.filmelier.com\/br\/#organization\",\"name\":\"Homolog Filmelier News Rankrup\",\"url\":\"https:\/\/homolog.news.filmelier.com\/br\/\",\"logo\":{\"@type\":\"ImageObject\",\"inLanguage\":\"pt-BR\",\"@id\":\"https:\/\/homolog.news.filmelier.com\/br\/#\/schema\/logo\/image\/\",\"url\":\"https:\/\/news.filmelier.com\/wp-content\/uploads\/2024\/11\/Logo-News.png\",\"contentUrl\":\"https:\/\/news.filmelier.com\/wp-content\/uploads\/2024\/11\/Logo-News.png\",\"width\":460,\"height\":108,\"caption\":\"Homolog Filmelier News Rankrup\"},\"image\":{\"@id\":\"https:\/\/homolog.news.filmelier.com\/br\/#\/schema\/logo\/image\/\"}},{\"@type\":\"Person\",\"@id\":\"https:\/\/homolog.news.filmelier.com\/br\/#\/schema\/person\/a6491aa555ce96d9d1cc15f1742dbd7b\",\"name\":\"Reda\u00e7\u00e3o Filmelier\",\"image\":{\"@type\":\"ImageObject\",\"inLanguage\":\"pt-BR\",\"@id\":\"https:\/\/homolog.news.filmelier.com\/br\/#\/schema\/person\/image\/\",\"url\":\"https:\/\/secure.gravatar.com\/avatar\/8bf80419447553f32d821a953683c4666faca8d781f143825a02644ae3f7e2d0?s=96&d=mm&r=g\",\"contentUrl\":\"https:\/\/secure.gravatar.com\/avatar\/8bf80419447553f32d821a953683c4666faca8d781f143825a02644ae3f7e2d0?s=96&d=mm&r=g\",\"caption\":\"Reda\u00e7\u00e3o Filmelier\"},\"description\":\"Somos um time de jornalistas e cr\u00edticos que respira cinema a 24 quadros por segundo. Das estreias do circuito aos cl\u00e1ssicos restaurados, da curadoria em streamings \u00e0s entrevistas nos bastidores, nossa reda\u00e7\u00e3o transforma filmes em conte\u00fado inteligente \u2014 com an\u00e1lises afiadas, guias pr\u00e1ticos e hist\u00f3rias que fazem voc\u00ea ver a s\u00e9tima arte com outros olhos. Aqui no Filmelier, cinema n\u00e3o \u00e9 s\u00f3 lazer: \u00e9 of\u00edcio, \u00e9 expertise, \u00e9 paix\u00e3o em forma de texto.\",\"url\":\"https:\/\/news.filmelier.com\/br\/author\/contato-filmelier\/\"}]}<\/script>\n<!-- \/ Yoast SEO plugin. -->","yoast_head_json":{"title":"'Finch', sci-fi com Tom Hanks, ganha data de lan\u00e7amento - News Filmelier","robots":{"index":"index","follow":"follow","max-snippet":"max-snippet:-1","max-image-preview":"max-image-preview:large","max-video-preview":"max-video-preview:-1"},"canonical":"https:\/\/news.filmelier.com\/br\/finch-data-de-lancamento\/","og_locale":"pt_BR","og_type":"article","og_title":"'Finch', sci-fi com Tom Hanks, ganha data de lan\u00e7amento - News Filmelier","og_description":"A produ\u00e7\u00e3o teve tamb\u00e9m sua primeira foto divulgada","og_url":"https:\/\/news.filmelier.com\/br\/finch-data-de-lancamento\/","og_site_name":"News Filmelier","article_published_time":"2021-08-13T13:53:45+00:00","author":"Reda\u00e7\u00e3o Filmelier","twitter_card":"summary_large_image","twitter_misc":{"Escrito por":"Reda\u00e7\u00e3o Filmelier","Est. tempo de leitura":"1 minuto"},"schema":{"@context":"https:\/\/schema.org","@graph":[{"@type":"Article","@id":"https:\/\/news.filmelier.com\/br\/finch-data-de-lancamento\/#article","isPartOf":{"@id":"https:\/\/news.filmelier.com\/br\/finch-data-de-lancamento\/"},"author":{"name":"Reda\u00e7\u00e3o Filmelier","@id":"https:\/\/homolog.news.filmelier.com\/br\/#\/schema\/person\/a6491aa555ce96d9d1cc15f1742dbd7b"},"headline":"&#8216;Finch&#8217;, sci-fi com Tom Hanks, ganha data de lan\u00e7amento","datePublished":"2021-08-13T13:53:45+00:00","mainEntityOfPage":{"@id":"https:\/\/news.filmelier.com\/br\/finch-data-de-lancamento\/"},"wordCount":219,"publisher":{"@id":"https:\/\/homolog.news.filmelier.com\/br\/#organization"},"image":{"@id":"https:\/\/news.filmelier.com\/br\/finch-data-de-lancamento\/#primaryimage"},"thumbnailUrl":"","keywords":["Apple TV Plus","Fic\u00e7\u00e3o cient\u00edfica","Finch","sci-fi","Tom Hanks"],"articleSection":["Filmes"],"inLanguage":"pt-BR"},{"@type":"WebPage","@id":"https:\/\/news.filmelier.com\/br\/finch-data-de-lancamento\/","url":"https:\/\/news.filmelier.com\/br\/finch-data-de-lancamento\/","name":"'Finch', sci-fi com Tom Hanks, ganha data de lan\u00e7amento - News Filmelier","isPartOf":{"@id":"https:\/\/homolog.news.filmelier.com\/br\/#website"},"primaryImageOfPage":{"@id":"https:\/\/news.filmelier.com\/br\/finch-data-de-lancamento\/#primaryimage"},"image":{"@id":"https:\/\/news.filmelier.com\/br\/finch-data-de-lancamento\/#primaryimage"},"thumbnailUrl":"","datePublished":"2021-08-13T13:53:45+00:00","breadcrumb":{"@id":"https:\/\/news.filmelier.com\/br\/finch-data-de-lancamento\/#breadcrumb"},"inLanguage":"pt-BR","potentialAction":[{"@type":"ReadAction","target":["https:\/\/news.filmelier.com\/br\/finch-data-de-lancamento\/"]}]},{"@type":"ImageObject","inLanguage":"pt-BR","@id":"https:\/\/news.filmelier.com\/br\/finch-data-de-lancamento\/#primaryimage","url":"","contentUrl":""},{"@type":"BreadcrumbList","@id":"https:\/\/news.filmelier.com\/br\/finch-data-de-lancamento\/#breadcrumb","itemListElement":[{"@type":"ListItem","position":1,"name":"In\u00edcio","item":"https:\/\/homolog.news.filmelier.com\/br\/"},{"@type":"ListItem","position":2,"name":"&#8216;Finch&#8217;, sci-fi com Tom Hanks, ganha data de lan\u00e7amento"}]},{"@type":"WebSite","@id":"https:\/\/homolog.news.filmelier.com\/br\/#website","url":"https:\/\/homolog.news.filmelier.com\/br\/","name":"Homolog Filmelier News Rankrup","description":"","publisher":{"@id":"https:\/\/homolog.news.filmelier.com\/br\/#organization"},"potentialAction":[{"@type":"SearchAction","target":{"@type":"EntryPoint","urlTemplate":"https:\/\/homolog.news.filmelier.com\/br\/?s={search_term_string}"},"query-input":{"@type":"PropertyValueSpecification","valueRequired":true,"valueName":"search_term_string"}}],"inLanguage":"pt-BR"},{"@type":"Organization","@id":"https:\/\/homolog.news.filmelier.com\/br\/#organization","name":"Homolog Filmelier News Rankrup","url":"https:\/\/homolog.news.filmelier.com\/br\/","logo":{"@type":"ImageObject","inLanguage":"pt-BR","@id":"https:\/\/homolog.news.filmelier.com\/br\/#\/schema\/logo\/image\/","url":"https:\/\/news.filmelier.com\/wp-content\/uploads\/2024\/11\/Logo-News.png","contentUrl":"https:\/\/news.filmelier.com\/wp-content\/uploads\/2024\/11\/Logo-News.png","width":460,"height":108,"caption":"Homolog Filmelier News Rankrup"},"image":{"@id":"https:\/\/homolog.news.filmelier.com\/br\/#\/schema\/logo\/image\/"}},{"@type":"Person","@id":"https:\/\/homolog.news.filmelier.com\/br\/#\/schema\/person\/a6491aa555ce96d9d1cc15f1742dbd7b","name":"Reda\u00e7\u00e3o Filmelier","image":{"@type":"ImageObject","inLanguage":"pt-BR","@id":"https:\/\/homolog.news.filmelier.com\/br\/#\/schema\/person\/image\/","url":"https:\/\/secure.gravatar.com\/avatar\/8bf80419447553f32d821a953683c4666faca8d781f143825a02644ae3f7e2d0?s=96&d=mm&r=g","contentUrl":"https:\/\/secure.gravatar.com\/avatar\/8bf80419447553f32d821a953683c4666faca8d781f143825a02644ae3f7e2d0?s=96&d=mm&r=g","caption":"Reda\u00e7\u00e3o Filmelier"},"description":"Somos um time de jornalistas e cr\u00edticos que respira cinema a 24 quadros por segundo. Das estreias do circuito aos cl\u00e1ssicos restaurados, da curadoria em streamings \u00e0s entrevistas nos bastidores, nossa reda\u00e7\u00e3o transforma filmes em conte\u00fado inteligente \u2014 com an\u00e1lises afiadas, guias pr\u00e1ticos e hist\u00f3rias que fazem voc\u00ea ver a s\u00e9tima arte com outros olhos. Aqui no Filmelier, cinema n\u00e3o \u00e9 s\u00f3 lazer: \u00e9 of\u00edcio, \u00e9 expertise, \u00e9 paix\u00e3o em forma de texto.","url":"https:\/\/news.filmelier.com\/br\/author\/contato-filmelier\/"}]}},"_links":{"self":[{"href":"https:\/\/news.filmelier.com\/br\/wp-json\/wp\/v2\/posts\/17799","targetHints":{"allow":["GET"]}}],"collection":[{"href":"https:\/\/news.filmelier.com\/br\/wp-json\/wp\/v2\/posts"}],"about":[{"href":"https:\/\/news.filmelier.com\/br\/wp-json\/wp\/v2\/types\/post"}],"author":[{"embeddable":true,"href":"https:\/\/news.filmelier.com\/br\/wp-json\/wp\/v2\/users\/14"}],"replies":[{"embeddable":true,"href":"https:\/\/news.filmelier.com\/br\/wp-json\/wp\/v2\/comments?post=17799"}],"version-history":[{"count":0,"href":"https:\/\/news.filmelier.com\/br\/wp-json\/wp\/v2\/posts\/17799\/revisions"}],"wp:featuredmedia":[{"embeddable":true,"href":"https:\/\/news.filmelier.com\/br\/wp-json\/"}],"wp:attachment":[{"href":"https:\/\/news.filmelier.com\/br\/wp-json\/wp\/v2\/media?parent=17799"}],"wp:term":[{"taxonomy":"category","embeddable":true,"href":"https:\/\/news.filmelier.com\/br\/wp-json\/wp\/v2\/categories?post=17799"},{"taxonomy":"post_tag","embeddable":true,"href":"https:\/\/news.filmelier.com\/br\/wp-json\/wp\/v2\/tags?post=17799"}],"curies":[{"name":"wp","href":"https:\/\/api.w.org\/{rel}","templated":true}]}}