{"id":17788,"date":"2021-08-12T16:00:14","date_gmt":"2021-08-12T19:00:14","guid":{"rendered":"https:\/\/www.filmelier.com\/br\/noticias\/?p=17788"},"modified":"2021-08-12T16:00:14","modified_gmt":"2021-08-12T19:00:14","slug":"sony-pictures-novas-datas","status":"publish","type":"post","link":"https:\/\/news.filmelier.com\/br\/sony-pictures-novas-datas\/","title":{"rendered":"&#8216;Homem-Aranha 3&#8217; e mais filmes da Sony ganham novas datas de estreia"},"content":{"rendered":"\n<p>A Sony Pictures anunciou novas datas para seus lan\u00e7amentos nos cinemas brasileiros. As altera\u00e7\u00f5es s\u00e3o um alinhamento global &#8211; por\u00e9m, vale lembrar, h\u00e1 uma varia\u00e7\u00e3o no Brasil, j\u00e1 que aqui os cinemas fazem as estreias nas quintas-feiras, enquanto nos Estados Unidos elas ocorrem \u00e0s sextas. <\/p>\n\n\n\n<p>&#8216;Venom: Tempo de Carnificina&#8217; agora deve chegar aos cinemas em 14 de outubro. J\u00e1 &#8216;Escape Room 2 : Tens\u00e3o M\u00e1xima&#8217; teve sua estreia antecipada para 16 de setembro. <\/p>\n\n\n\n<p>Outros filmes aguardados do est\u00fadio que sofreram altera\u00e7\u00e3o foram &#8216;Homem-Aranha: Sem Volta Para Casa&#8217;, que agora ser\u00e1 lan\u00e7ado em 16 de dezembro, e &#8216;Ghostbusters: Mais Al\u00e9m&#8217; ficou com a data de lan\u00e7amento para novembro.<\/p>\n\n\n\n<figure class=\"wp-block-image size-large\"><img decoding=\"async\" src=\"https:\/\/www.filmelier.com\/br\/noticias\/wp-content\/uploads\/2021\/08\/stills_03_2000x1127_thumbnail-1920x1082.jpg\" alt=\"\" class=\"wp-image-17460\"\/><figcaption><em>&#8216;Venom: Tempo de Carnificina&#8217; deve chegar aos cinemas brasileiros em outubro (Foto: Cr\u00e9dito\/Sony Pictures)<\/em><\/figcaption><\/figure>\n\n\n\n<ul class=\"wp-block-list\"><li><strong>Veja tamb\u00e9m: <a href=\"https:\/\/www.filmelier.com\/br\/noticias\/venom-tempo-de-carnificina-trailer-2\" class=\"rank-math-link\">Com foco na a\u00e7\u00e3o, \u2018Venom: Tempo de Carnificina\u2019 ganha novo trailer legendado<\/a><\/strong><\/li><\/ul>\n\n\n\n<h2 class=\"wp-block-heading\">Confira abaixo o atual calend\u00e1rio de estreias da Sony Pictures no Brasil:<\/h2>\n\n\n\n<ul class=\"wp-block-list\"><li>&#8216;Pedro Coelho 2: O Fugitivo&#8217; \u2013 26 de agosto de 2021<\/li><li>&#8216;Escape Room 2: Tens\u00e3o M\u00e1xima&#8217; \u2013 16 de setembro de 2021<\/li><li>&#8216;Hotel Transilv\u00e2nia: Transformonstr\u00e3o&#8217; \u2013 07 de outubro de 2021<\/li><li>&#8216;Venom: Tempo de Carnificina &#8216;\u2013 14 de outubro de 2021<\/li><li>&#8216;Ghostbusters: Mais Al\u00e9m&#8217; \u2013 11 de novembro de 2021<\/li><li>&#8216;Homem-Aranha: Sem Volta Para Casa&#8217; \u2013 16 de dezembro de 2021<\/li><\/ul>\n\n\n\n<p class=\"has-text-align-center\"><strong>Siga o Filmelier no&nbsp;<a rel=\"noreferrer noopener\" href=\"https:\/\/www.facebook.com\/filmelierbr\" target=\"_blank\">Facebook<\/a>,&nbsp;<a rel=\"noreferrer noopener\" href=\"https:\/\/www.twitter.com\/filmelierbr\" target=\"_blank\">Twitter<\/a>,&nbsp;<a rel=\"noreferrer noopener\" href=\"https:\/\/www.instagram.com\/filmelierbr\" target=\"_blank\">Instagram<\/a>&nbsp;e&nbsp;<a rel=\"noreferrer noopener\" href=\"https:\/\/www.tiktok.com\/@filmelierbr\" target=\"_blank\">TikTok<\/a>.<\/strong><\/p>\n","protected":false},"excerpt":{"rendered":"<p>Todos os lan\u00e7amentos do est\u00fadio para o segundo semestre de 2021 sofreram altera\u00e7\u00e3o<\/p>\n","protected":false},"author":14,"featured_media":4523,"comment_status":"closed","ping_status":"open","sticky":false,"template":"","format":"standard","meta":{"_acf_changed":false,"footnotes":""},"categories":[3482],"tags":[9749,9750,9736,9735,9751,9740],"class_list":["post-17788","post","type-post","status-publish","format-standard","has-post-thumbnail","hentry","category-filmes-br","tag-escape-room-2-tensao-maxima","tag-ghostbusters-mais-alem","tag-homem-aranha-sem-volta-para-casa","tag-hotel-transilvania-transformonstrao","tag-pedro-coelho-2-o-fugitivo","tag-venom-tempo-de-carnificina"],"acf":{"subtitulo":"","id_ator":""},"yoast_head":"<!-- This site is optimized with the Yoast SEO plugin v26.1.1 - https:\/\/yoast.com\/wordpress\/plugins\/seo\/ -->\n<title>&#039;Homem-Aranha 3&#039; e mais filmes da Sony ganham novas datas de estreia - News Filmelier<\/title>\n<meta name=\"robots\" content=\"index, follow, max-snippet:-1, max-image-preview:large, max-video-preview:-1\" \/>\n<link rel=\"canonical\" href=\"https:\/\/news.filmelier.com\/br\/sony-pictures-novas-datas\/\" \/>\n<meta property=\"og:locale\" content=\"pt_BR\" \/>\n<meta property=\"og:type\" content=\"article\" \/>\n<meta property=\"og:title\" content=\"&#039;Homem-Aranha 3&#039; e mais filmes da Sony ganham novas datas de estreia - News Filmelier\" \/>\n<meta property=\"og:description\" content=\"Todos os lan\u00e7amentos do est\u00fadio para o segundo semestre de 2021 sofreram altera\u00e7\u00e3o\" \/>\n<meta property=\"og:url\" content=\"https:\/\/news.filmelier.com\/br\/sony-pictures-novas-datas\/\" \/>\n<meta property=\"og:site_name\" content=\"News Filmelier\" \/>\n<meta property=\"article:published_time\" content=\"2021-08-12T19:00:14+00:00\" \/>\n<meta name=\"author\" content=\"Reda\u00e7\u00e3o Filmelier\" \/>\n<meta name=\"twitter:card\" content=\"summary_large_image\" \/>\n<meta name=\"twitter:label1\" content=\"Escrito por\" \/>\n\t<meta name=\"twitter:data1\" content=\"Reda\u00e7\u00e3o Filmelier\" \/>\n\t<meta name=\"twitter:label2\" content=\"Est. tempo de leitura\" \/>\n\t<meta name=\"twitter:data2\" content=\"1 minuto\" \/>\n<script type=\"application\/ld+json\" class=\"yoast-schema-graph\">{\"@context\":\"https:\/\/schema.org\",\"@graph\":[{\"@type\":\"Article\",\"@id\":\"https:\/\/news.filmelier.com\/br\/sony-pictures-novas-datas\/#article\",\"isPartOf\":{\"@id\":\"https:\/\/news.filmelier.com\/br\/sony-pictures-novas-datas\/\"},\"author\":{\"name\":\"Reda\u00e7\u00e3o Filmelier\",\"@id\":\"https:\/\/homolog.news.filmelier.com\/br\/#\/schema\/person\/a6491aa555ce96d9d1cc15f1742dbd7b\"},\"headline\":\"&#8216;Homem-Aranha 3&#8217; e mais filmes da Sony ganham novas datas de estreia\",\"datePublished\":\"2021-08-12T19:00:14+00:00\",\"mainEntityOfPage\":{\"@id\":\"https:\/\/news.filmelier.com\/br\/sony-pictures-novas-datas\/\"},\"wordCount\":230,\"publisher\":{\"@id\":\"https:\/\/homolog.news.filmelier.com\/br\/#organization\"},\"image\":{\"@id\":\"https:\/\/news.filmelier.com\/br\/sony-pictures-novas-datas\/#primaryimage\"},\"thumbnailUrl\":\"\",\"keywords\":[\"Escape Room 2: Tens\u00e3o M\u00e1xima\",\"Ghostbusters: Mais Al\u00e9m\",\"Homem-Aranha: Sem Volta Para Casa\",\"Hotel Transilv\u00e2nia: Transformonstr\u00e3o\",\"Pedro Coelho 2: O Fugitivo\",\"Venom: Tempo de Carnificina\"],\"articleSection\":[\"Filmes\"],\"inLanguage\":\"pt-BR\"},{\"@type\":\"WebPage\",\"@id\":\"https:\/\/news.filmelier.com\/br\/sony-pictures-novas-datas\/\",\"url\":\"https:\/\/news.filmelier.com\/br\/sony-pictures-novas-datas\/\",\"name\":\"'Homem-Aranha 3' e mais filmes da Sony ganham novas datas de estreia - News Filmelier\",\"isPartOf\":{\"@id\":\"https:\/\/homolog.news.filmelier.com\/br\/#website\"},\"primaryImageOfPage\":{\"@id\":\"https:\/\/news.filmelier.com\/br\/sony-pictures-novas-datas\/#primaryimage\"},\"image\":{\"@id\":\"https:\/\/news.filmelier.com\/br\/sony-pictures-novas-datas\/#primaryimage\"},\"thumbnailUrl\":\"\",\"datePublished\":\"2021-08-12T19:00:14+00:00\",\"breadcrumb\":{\"@id\":\"https:\/\/news.filmelier.com\/br\/sony-pictures-novas-datas\/#breadcrumb\"},\"inLanguage\":\"pt-BR\",\"potentialAction\":[{\"@type\":\"ReadAction\",\"target\":[\"https:\/\/news.filmelier.com\/br\/sony-pictures-novas-datas\/\"]}]},{\"@type\":\"ImageObject\",\"inLanguage\":\"pt-BR\",\"@id\":\"https:\/\/news.filmelier.com\/br\/sony-pictures-novas-datas\/#primaryimage\",\"url\":\"\",\"contentUrl\":\"\"},{\"@type\":\"BreadcrumbList\",\"@id\":\"https:\/\/news.filmelier.com\/br\/sony-pictures-novas-datas\/#breadcrumb\",\"itemListElement\":[{\"@type\":\"ListItem\",\"position\":1,\"name\":\"In\u00edcio\",\"item\":\"https:\/\/homolog.news.filmelier.com\/br\/\"},{\"@type\":\"ListItem\",\"position\":2,\"name\":\"&#8216;Homem-Aranha 3&#8217; e mais filmes da Sony ganham novas datas de estreia\"}]},{\"@type\":\"WebSite\",\"@id\":\"https:\/\/homolog.news.filmelier.com\/br\/#website\",\"url\":\"https:\/\/homolog.news.filmelier.com\/br\/\",\"name\":\"Homolog Filmelier News Rankrup\",\"description\":\"\",\"publisher\":{\"@id\":\"https:\/\/homolog.news.filmelier.com\/br\/#organization\"},\"potentialAction\":[{\"@type\":\"SearchAction\",\"target\":{\"@type\":\"EntryPoint\",\"urlTemplate\":\"https:\/\/homolog.news.filmelier.com\/br\/?s={search_term_string}\"},\"query-input\":{\"@type\":\"PropertyValueSpecification\",\"valueRequired\":true,\"valueName\":\"search_term_string\"}}],\"inLanguage\":\"pt-BR\"},{\"@type\":\"Organization\",\"@id\":\"https:\/\/homolog.news.filmelier.com\/br\/#organization\",\"name\":\"Homolog Filmelier News Rankrup\",\"url\":\"https:\/\/homolog.news.filmelier.com\/br\/\",\"logo\":{\"@type\":\"ImageObject\",\"inLanguage\":\"pt-BR\",\"@id\":\"https:\/\/homolog.news.filmelier.com\/br\/#\/schema\/logo\/image\/\",\"url\":\"https:\/\/news.filmelier.com\/wp-content\/uploads\/2024\/11\/Logo-News.png\",\"contentUrl\":\"https:\/\/news.filmelier.com\/wp-content\/uploads\/2024\/11\/Logo-News.png\",\"width\":460,\"height\":108,\"caption\":\"Homolog Filmelier News Rankrup\"},\"image\":{\"@id\":\"https:\/\/homolog.news.filmelier.com\/br\/#\/schema\/logo\/image\/\"}},{\"@type\":\"Person\",\"@id\":\"https:\/\/homolog.news.filmelier.com\/br\/#\/schema\/person\/a6491aa555ce96d9d1cc15f1742dbd7b\",\"name\":\"Reda\u00e7\u00e3o Filmelier\",\"image\":{\"@type\":\"ImageObject\",\"inLanguage\":\"pt-BR\",\"@id\":\"https:\/\/homolog.news.filmelier.com\/br\/#\/schema\/person\/image\/\",\"url\":\"https:\/\/secure.gravatar.com\/avatar\/8bf80419447553f32d821a953683c4666faca8d781f143825a02644ae3f7e2d0?s=96&d=mm&r=g\",\"contentUrl\":\"https:\/\/secure.gravatar.com\/avatar\/8bf80419447553f32d821a953683c4666faca8d781f143825a02644ae3f7e2d0?s=96&d=mm&r=g\",\"caption\":\"Reda\u00e7\u00e3o Filmelier\"},\"description\":\"Somos um time de jornalistas e cr\u00edticos que respira cinema a 24 quadros por segundo. Das estreias do circuito aos cl\u00e1ssicos restaurados, da curadoria em streamings \u00e0s entrevistas nos bastidores, nossa reda\u00e7\u00e3o transforma filmes em conte\u00fado inteligente \u2014 com an\u00e1lises afiadas, guias pr\u00e1ticos e hist\u00f3rias que fazem voc\u00ea ver a s\u00e9tima arte com outros olhos. Aqui no Filmelier, cinema n\u00e3o \u00e9 s\u00f3 lazer: \u00e9 of\u00edcio, \u00e9 expertise, \u00e9 paix\u00e3o em forma de texto.\",\"url\":\"https:\/\/news.filmelier.com\/br\/author\/contato-filmelier\/\"}]}<\/script>\n<!-- \/ Yoast SEO plugin. -->","yoast_head_json":{"title":"'Homem-Aranha 3' e mais filmes da Sony ganham novas datas de estreia - News Filmelier","robots":{"index":"index","follow":"follow","max-snippet":"max-snippet:-1","max-image-preview":"max-image-preview:large","max-video-preview":"max-video-preview:-1"},"canonical":"https:\/\/news.filmelier.com\/br\/sony-pictures-novas-datas\/","og_locale":"pt_BR","og_type":"article","og_title":"'Homem-Aranha 3' e mais filmes da Sony ganham novas datas de estreia - News Filmelier","og_description":"Todos os lan\u00e7amentos do est\u00fadio para o segundo semestre de 2021 sofreram altera\u00e7\u00e3o","og_url":"https:\/\/news.filmelier.com\/br\/sony-pictures-novas-datas\/","og_site_name":"News Filmelier","article_published_time":"2021-08-12T19:00:14+00:00","author":"Reda\u00e7\u00e3o Filmelier","twitter_card":"summary_large_image","twitter_misc":{"Escrito por":"Reda\u00e7\u00e3o Filmelier","Est. tempo de leitura":"1 minuto"},"schema":{"@context":"https:\/\/schema.org","@graph":[{"@type":"Article","@id":"https:\/\/news.filmelier.com\/br\/sony-pictures-novas-datas\/#article","isPartOf":{"@id":"https:\/\/news.filmelier.com\/br\/sony-pictures-novas-datas\/"},"author":{"name":"Reda\u00e7\u00e3o Filmelier","@id":"https:\/\/homolog.news.filmelier.com\/br\/#\/schema\/person\/a6491aa555ce96d9d1cc15f1742dbd7b"},"headline":"&#8216;Homem-Aranha 3&#8217; e mais filmes da Sony ganham novas datas de estreia","datePublished":"2021-08-12T19:00:14+00:00","mainEntityOfPage":{"@id":"https:\/\/news.filmelier.com\/br\/sony-pictures-novas-datas\/"},"wordCount":230,"publisher":{"@id":"https:\/\/homolog.news.filmelier.com\/br\/#organization"},"image":{"@id":"https:\/\/news.filmelier.com\/br\/sony-pictures-novas-datas\/#primaryimage"},"thumbnailUrl":"","keywords":["Escape Room 2: Tens\u00e3o M\u00e1xima","Ghostbusters: Mais Al\u00e9m","Homem-Aranha: Sem Volta Para Casa","Hotel Transilv\u00e2nia: Transformonstr\u00e3o","Pedro Coelho 2: O Fugitivo","Venom: Tempo de Carnificina"],"articleSection":["Filmes"],"inLanguage":"pt-BR"},{"@type":"WebPage","@id":"https:\/\/news.filmelier.com\/br\/sony-pictures-novas-datas\/","url":"https:\/\/news.filmelier.com\/br\/sony-pictures-novas-datas\/","name":"'Homem-Aranha 3' e mais filmes da Sony ganham novas datas de estreia - News Filmelier","isPartOf":{"@id":"https:\/\/homolog.news.filmelier.com\/br\/#website"},"primaryImageOfPage":{"@id":"https:\/\/news.filmelier.com\/br\/sony-pictures-novas-datas\/#primaryimage"},"image":{"@id":"https:\/\/news.filmelier.com\/br\/sony-pictures-novas-datas\/#primaryimage"},"thumbnailUrl":"","datePublished":"2021-08-12T19:00:14+00:00","breadcrumb":{"@id":"https:\/\/news.filmelier.com\/br\/sony-pictures-novas-datas\/#breadcrumb"},"inLanguage":"pt-BR","potentialAction":[{"@type":"ReadAction","target":["https:\/\/news.filmelier.com\/br\/sony-pictures-novas-datas\/"]}]},{"@type":"ImageObject","inLanguage":"pt-BR","@id":"https:\/\/news.filmelier.com\/br\/sony-pictures-novas-datas\/#primaryimage","url":"","contentUrl":""},{"@type":"BreadcrumbList","@id":"https:\/\/news.filmelier.com\/br\/sony-pictures-novas-datas\/#breadcrumb","itemListElement":[{"@type":"ListItem","position":1,"name":"In\u00edcio","item":"https:\/\/homolog.news.filmelier.com\/br\/"},{"@type":"ListItem","position":2,"name":"&#8216;Homem-Aranha 3&#8217; e mais filmes da Sony ganham novas datas de estreia"}]},{"@type":"WebSite","@id":"https:\/\/homolog.news.filmelier.com\/br\/#website","url":"https:\/\/homolog.news.filmelier.com\/br\/","name":"Homolog Filmelier News Rankrup","description":"","publisher":{"@id":"https:\/\/homolog.news.filmelier.com\/br\/#organization"},"potentialAction":[{"@type":"SearchAction","target":{"@type":"EntryPoint","urlTemplate":"https:\/\/homolog.news.filmelier.com\/br\/?s={search_term_string}"},"query-input":{"@type":"PropertyValueSpecification","valueRequired":true,"valueName":"search_term_string"}}],"inLanguage":"pt-BR"},{"@type":"Organization","@id":"https:\/\/homolog.news.filmelier.com\/br\/#organization","name":"Homolog Filmelier News Rankrup","url":"https:\/\/homolog.news.filmelier.com\/br\/","logo":{"@type":"ImageObject","inLanguage":"pt-BR","@id":"https:\/\/homolog.news.filmelier.com\/br\/#\/schema\/logo\/image\/","url":"https:\/\/news.filmelier.com\/wp-content\/uploads\/2024\/11\/Logo-News.png","contentUrl":"https:\/\/news.filmelier.com\/wp-content\/uploads\/2024\/11\/Logo-News.png","width":460,"height":108,"caption":"Homolog Filmelier News Rankrup"},"image":{"@id":"https:\/\/homolog.news.filmelier.com\/br\/#\/schema\/logo\/image\/"}},{"@type":"Person","@id":"https:\/\/homolog.news.filmelier.com\/br\/#\/schema\/person\/a6491aa555ce96d9d1cc15f1742dbd7b","name":"Reda\u00e7\u00e3o Filmelier","image":{"@type":"ImageObject","inLanguage":"pt-BR","@id":"https:\/\/homolog.news.filmelier.com\/br\/#\/schema\/person\/image\/","url":"https:\/\/secure.gravatar.com\/avatar\/8bf80419447553f32d821a953683c4666faca8d781f143825a02644ae3f7e2d0?s=96&d=mm&r=g","contentUrl":"https:\/\/secure.gravatar.com\/avatar\/8bf80419447553f32d821a953683c4666faca8d781f143825a02644ae3f7e2d0?s=96&d=mm&r=g","caption":"Reda\u00e7\u00e3o Filmelier"},"description":"Somos um time de jornalistas e cr\u00edticos que respira cinema a 24 quadros por segundo. Das estreias do circuito aos cl\u00e1ssicos restaurados, da curadoria em streamings \u00e0s entrevistas nos bastidores, nossa reda\u00e7\u00e3o transforma filmes em conte\u00fado inteligente \u2014 com an\u00e1lises afiadas, guias pr\u00e1ticos e hist\u00f3rias que fazem voc\u00ea ver a s\u00e9tima arte com outros olhos. Aqui no Filmelier, cinema n\u00e3o \u00e9 s\u00f3 lazer: \u00e9 of\u00edcio, \u00e9 expertise, \u00e9 paix\u00e3o em forma de texto.","url":"https:\/\/news.filmelier.com\/br\/author\/contato-filmelier\/"}]}},"_links":{"self":[{"href":"https:\/\/news.filmelier.com\/br\/wp-json\/wp\/v2\/posts\/17788","targetHints":{"allow":["GET"]}}],"collection":[{"href":"https:\/\/news.filmelier.com\/br\/wp-json\/wp\/v2\/posts"}],"about":[{"href":"https:\/\/news.filmelier.com\/br\/wp-json\/wp\/v2\/types\/post"}],"author":[{"embeddable":true,"href":"https:\/\/news.filmelier.com\/br\/wp-json\/wp\/v2\/users\/14"}],"replies":[{"embeddable":true,"href":"https:\/\/news.filmelier.com\/br\/wp-json\/wp\/v2\/comments?post=17788"}],"version-history":[{"count":0,"href":"https:\/\/news.filmelier.com\/br\/wp-json\/wp\/v2\/posts\/17788\/revisions"}],"wp:featuredmedia":[{"embeddable":true,"href":"https:\/\/news.filmelier.com\/br\/wp-json\/"}],"wp:attachment":[{"href":"https:\/\/news.filmelier.com\/br\/wp-json\/wp\/v2\/media?parent=17788"}],"wp:term":[{"taxonomy":"category","embeddable":true,"href":"https:\/\/news.filmelier.com\/br\/wp-json\/wp\/v2\/categories?post=17788"},{"taxonomy":"post_tag","embeddable":true,"href":"https:\/\/news.filmelier.com\/br\/wp-json\/wp\/v2\/tags?post=17788"}],"curies":[{"name":"wp","href":"https:\/\/api.w.org\/{rel}","templated":true}]}}