{"id":17583,"date":"2021-08-06T13:55:32","date_gmt":"2021-08-06T16:55:32","guid":{"rendered":"https:\/\/www.filmelier.com\/br\/noticias\/?p=17583"},"modified":"2021-08-06T13:55:32","modified_gmt":"2021-08-06T16:55:32","slug":"lazaro-ramos-papai-e-pop-teaser-trailer","status":"publish","type":"post","link":"https:\/\/news.filmelier.com\/br\/lazaro-ramos-papai-e-pop-teaser-trailer\/","title":{"rendered":"L\u00e1zaro Ramos aprende a ser pai em &#8216;Papai \u00e9 Pop&#8217;; veja o trailer"},"content":{"rendered":"\n<p>Nesta sexta-feira, 6, foi divulgada a primeira pr\u00e9via de &#8216;Papai \u00e9 Pop&#8217;, nova com\u00e9dia nacional com L\u00e1zaro Ramos e Paolla Oliveira. A produ\u00e7\u00e3o \u00e9 inspirada no livro hom\u00f4nimo de Marcos Piangers e tem dire\u00e7\u00e3o de \u00a0Caito Ortiz (&#8216;Esta\u00e7\u00e3o Liberdade&#8217;).<\/p>\n\n\n\n<p><br>Confira abaixo o trailer:<\/p>\n\n\n\n<figure class=\"wp-block-embed-youtube wp-block-embed is-type-video is-provider-youtube wp-embed-aspect-16-9 wp-has-aspect-ratio\"><div class=\"wp-block-embed__wrapper\">\n<iframe title=\"Teaser | Papai \u00e9 Pop\" width=\"800\" height=\"450\" src=\"https:\/\/www.youtube.com\/embed\/xUF4jTzlSM0?feature=oembed\" frameborder=\"0\" allow=\"accelerometer; autoplay; clipboard-write; encrypted-media; gyroscope; picture-in-picture; web-share\" referrerpolicy=\"strict-origin-when-cross-origin\" allowfullscreen><\/iframe>\n<\/div><\/figure>\n\n\n\n<p><br>Na com\u00e9dia, Tom (L\u00e1zaro Ramos) \u00e9 um homem comum que v\u00ea sua vida mudar ao se tornar pai. Ao lado da esposa Elisa (Paolla Oliveira), ele precisa aprender na pr\u00e1tica como cuidar da filha, e em meio a situa\u00e7\u00f5es divertidas e emocionantes da vida cotidiana, apresenta uma transforma\u00e7\u00e3o interior que conflita com a forma como a sociedade enxerga um pai presente. <br><br>Al\u00e9m de Ramos e Oliveira, o elenco tem tamb\u00e9m Malu Aloise, Elisa Lucinda, Leandro Ramos, Dad\u00e1 Coelho, Thiago Justino e Richard Cardoso, entre outros.<br><br><\/p>\n","protected":false},"excerpt":{"rendered":"<p>A com\u00e9dia \u00e9 livremente baseada no  livro hom\u00f4nimo de Marcos Piangers<\/p>\n","protected":false},"author":14,"featured_media":17591,"comment_status":"closed","ping_status":"open","sticky":false,"template":"","format":"standard","meta":{"_acf_changed":false,"footnotes":""},"categories":[3482],"tags":[9684,9701,4634,9746,9747,9748],"class_list":["post-17583","post","type-post","status-publish","format-standard","has-post-thumbnail","hentry","category-filmes-br","tag-cinema-nacional","tag-comedia-nacional","tag-lancamento-br","tag-lazara-ramos","tag-paolla-oliveira","tag-papai-e-pop"],"acf":{"subtitulo":"","id_ator":""},"yoast_head":"<!-- This site is optimized with the Yoast SEO plugin v26.1.1 - https:\/\/yoast.com\/wordpress\/plugins\/seo\/ -->\n<title>L\u00e1zaro Ramos aprende a ser pai em &#039;Papai \u00e9 Pop&#039;; veja o trailer - News Filmelier<\/title>\n<meta name=\"robots\" content=\"index, follow, max-snippet:-1, max-image-preview:large, max-video-preview:-1\" \/>\n<link rel=\"canonical\" href=\"https:\/\/news.filmelier.com\/br\/lazaro-ramos-papai-e-pop-teaser-trailer\/\" \/>\n<meta property=\"og:locale\" content=\"pt_BR\" \/>\n<meta property=\"og:type\" content=\"article\" \/>\n<meta property=\"og:title\" content=\"L\u00e1zaro Ramos aprende a ser pai em &#039;Papai \u00e9 Pop&#039;; veja o trailer - News Filmelier\" \/>\n<meta property=\"og:description\" content=\"A com\u00e9dia \u00e9 livremente baseada no livro hom\u00f4nimo de Marcos Piangers\" \/>\n<meta property=\"og:url\" content=\"https:\/\/news.filmelier.com\/br\/lazaro-ramos-papai-e-pop-teaser-trailer\/\" \/>\n<meta property=\"og:site_name\" content=\"News Filmelier\" \/>\n<meta property=\"article:published_time\" content=\"2021-08-06T16:55:32+00:00\" \/>\n<meta name=\"author\" content=\"Reda\u00e7\u00e3o Filmelier\" \/>\n<meta name=\"twitter:card\" content=\"summary_large_image\" \/>\n<meta name=\"twitter:label1\" content=\"Escrito por\" \/>\n\t<meta name=\"twitter:data1\" content=\"Reda\u00e7\u00e3o Filmelier\" \/>\n\t<meta name=\"twitter:label2\" content=\"Est. tempo de leitura\" \/>\n\t<meta name=\"twitter:data2\" content=\"1 minuto\" \/>\n<script type=\"application\/ld+json\" class=\"yoast-schema-graph\">{\"@context\":\"https:\/\/schema.org\",\"@graph\":[{\"@type\":\"Article\",\"@id\":\"https:\/\/news.filmelier.com\/br\/lazaro-ramos-papai-e-pop-teaser-trailer\/#article\",\"isPartOf\":{\"@id\":\"https:\/\/news.filmelier.com\/br\/lazaro-ramos-papai-e-pop-teaser-trailer\/\"},\"author\":{\"name\":\"Reda\u00e7\u00e3o Filmelier\",\"@id\":\"https:\/\/homolog.news.filmelier.com\/br\/#\/schema\/person\/a6491aa555ce96d9d1cc15f1742dbd7b\"},\"headline\":\"L\u00e1zaro Ramos aprende a ser pai em &#8216;Papai \u00e9 Pop&#8217;; veja o trailer\",\"datePublished\":\"2021-08-06T16:55:32+00:00\",\"mainEntityOfPage\":{\"@id\":\"https:\/\/news.filmelier.com\/br\/lazaro-ramos-papai-e-pop-teaser-trailer\/\"},\"wordCount\":159,\"publisher\":{\"@id\":\"https:\/\/homolog.news.filmelier.com\/br\/#organization\"},\"image\":{\"@id\":\"https:\/\/news.filmelier.com\/br\/lazaro-ramos-papai-e-pop-teaser-trailer\/#primaryimage\"},\"thumbnailUrl\":\"\",\"keywords\":[\"cinema nacional\",\"com\u00e9dia nacional\",\"lan\u00e7amento\",\"lazara ramos\",\"paolla oliveira\",\"Papai \u00e9 pop\"],\"articleSection\":[\"Filmes\"],\"inLanguage\":\"pt-BR\"},{\"@type\":\"WebPage\",\"@id\":\"https:\/\/news.filmelier.com\/br\/lazaro-ramos-papai-e-pop-teaser-trailer\/\",\"url\":\"https:\/\/news.filmelier.com\/br\/lazaro-ramos-papai-e-pop-teaser-trailer\/\",\"name\":\"L\u00e1zaro Ramos aprende a ser pai em 'Papai \u00e9 Pop'; veja o trailer - News Filmelier\",\"isPartOf\":{\"@id\":\"https:\/\/homolog.news.filmelier.com\/br\/#website\"},\"primaryImageOfPage\":{\"@id\":\"https:\/\/news.filmelier.com\/br\/lazaro-ramos-papai-e-pop-teaser-trailer\/#primaryimage\"},\"image\":{\"@id\":\"https:\/\/news.filmelier.com\/br\/lazaro-ramos-papai-e-pop-teaser-trailer\/#primaryimage\"},\"thumbnailUrl\":\"\",\"datePublished\":\"2021-08-06T16:55:32+00:00\",\"breadcrumb\":{\"@id\":\"https:\/\/news.filmelier.com\/br\/lazaro-ramos-papai-e-pop-teaser-trailer\/#breadcrumb\"},\"inLanguage\":\"pt-BR\",\"potentialAction\":[{\"@type\":\"ReadAction\",\"target\":[\"https:\/\/news.filmelier.com\/br\/lazaro-ramos-papai-e-pop-teaser-trailer\/\"]}]},{\"@type\":\"ImageObject\",\"inLanguage\":\"pt-BR\",\"@id\":\"https:\/\/news.filmelier.com\/br\/lazaro-ramos-papai-e-pop-teaser-trailer\/#primaryimage\",\"url\":\"\",\"contentUrl\":\"\"},{\"@type\":\"BreadcrumbList\",\"@id\":\"https:\/\/news.filmelier.com\/br\/lazaro-ramos-papai-e-pop-teaser-trailer\/#breadcrumb\",\"itemListElement\":[{\"@type\":\"ListItem\",\"position\":1,\"name\":\"In\u00edcio\",\"item\":\"https:\/\/homolog.news.filmelier.com\/br\/\"},{\"@type\":\"ListItem\",\"position\":2,\"name\":\"L\u00e1zaro Ramos aprende a ser pai em &#8216;Papai \u00e9 Pop&#8217;; veja o trailer\"}]},{\"@type\":\"WebSite\",\"@id\":\"https:\/\/homolog.news.filmelier.com\/br\/#website\",\"url\":\"https:\/\/homolog.news.filmelier.com\/br\/\",\"name\":\"Homolog Filmelier News Rankrup\",\"description\":\"\",\"publisher\":{\"@id\":\"https:\/\/homolog.news.filmelier.com\/br\/#organization\"},\"potentialAction\":[{\"@type\":\"SearchAction\",\"target\":{\"@type\":\"EntryPoint\",\"urlTemplate\":\"https:\/\/homolog.news.filmelier.com\/br\/?s={search_term_string}\"},\"query-input\":{\"@type\":\"PropertyValueSpecification\",\"valueRequired\":true,\"valueName\":\"search_term_string\"}}],\"inLanguage\":\"pt-BR\"},{\"@type\":\"Organization\",\"@id\":\"https:\/\/homolog.news.filmelier.com\/br\/#organization\",\"name\":\"Homolog Filmelier News Rankrup\",\"url\":\"https:\/\/homolog.news.filmelier.com\/br\/\",\"logo\":{\"@type\":\"ImageObject\",\"inLanguage\":\"pt-BR\",\"@id\":\"https:\/\/homolog.news.filmelier.com\/br\/#\/schema\/logo\/image\/\",\"url\":\"https:\/\/news.filmelier.com\/wp-content\/uploads\/2024\/11\/Logo-News.png\",\"contentUrl\":\"https:\/\/news.filmelier.com\/wp-content\/uploads\/2024\/11\/Logo-News.png\",\"width\":460,\"height\":108,\"caption\":\"Homolog Filmelier News Rankrup\"},\"image\":{\"@id\":\"https:\/\/homolog.news.filmelier.com\/br\/#\/schema\/logo\/image\/\"}},{\"@type\":\"Person\",\"@id\":\"https:\/\/homolog.news.filmelier.com\/br\/#\/schema\/person\/a6491aa555ce96d9d1cc15f1742dbd7b\",\"name\":\"Reda\u00e7\u00e3o Filmelier\",\"image\":{\"@type\":\"ImageObject\",\"inLanguage\":\"pt-BR\",\"@id\":\"https:\/\/homolog.news.filmelier.com\/br\/#\/schema\/person\/image\/\",\"url\":\"https:\/\/secure.gravatar.com\/avatar\/8bf80419447553f32d821a953683c4666faca8d781f143825a02644ae3f7e2d0?s=96&d=mm&r=g\",\"contentUrl\":\"https:\/\/secure.gravatar.com\/avatar\/8bf80419447553f32d821a953683c4666faca8d781f143825a02644ae3f7e2d0?s=96&d=mm&r=g\",\"caption\":\"Reda\u00e7\u00e3o Filmelier\"},\"description\":\"Somos um time de jornalistas e cr\u00edticos que respira cinema a 24 quadros por segundo. Das estreias do circuito aos cl\u00e1ssicos restaurados, da curadoria em streamings \u00e0s entrevistas nos bastidores, nossa reda\u00e7\u00e3o transforma filmes em conte\u00fado inteligente \u2014 com an\u00e1lises afiadas, guias pr\u00e1ticos e hist\u00f3rias que fazem voc\u00ea ver a s\u00e9tima arte com outros olhos. Aqui no Filmelier, cinema n\u00e3o \u00e9 s\u00f3 lazer: \u00e9 of\u00edcio, \u00e9 expertise, \u00e9 paix\u00e3o em forma de texto.\",\"url\":\"https:\/\/news.filmelier.com\/br\/author\/contato-filmelier\/\"}]}<\/script>\n<!-- \/ Yoast SEO plugin. -->","yoast_head_json":{"title":"L\u00e1zaro Ramos aprende a ser pai em 'Papai \u00e9 Pop'; veja o trailer - News Filmelier","robots":{"index":"index","follow":"follow","max-snippet":"max-snippet:-1","max-image-preview":"max-image-preview:large","max-video-preview":"max-video-preview:-1"},"canonical":"https:\/\/news.filmelier.com\/br\/lazaro-ramos-papai-e-pop-teaser-trailer\/","og_locale":"pt_BR","og_type":"article","og_title":"L\u00e1zaro Ramos aprende a ser pai em 'Papai \u00e9 Pop'; veja o trailer - News Filmelier","og_description":"A com\u00e9dia \u00e9 livremente baseada no livro hom\u00f4nimo de Marcos Piangers","og_url":"https:\/\/news.filmelier.com\/br\/lazaro-ramos-papai-e-pop-teaser-trailer\/","og_site_name":"News Filmelier","article_published_time":"2021-08-06T16:55:32+00:00","author":"Reda\u00e7\u00e3o Filmelier","twitter_card":"summary_large_image","twitter_misc":{"Escrito por":"Reda\u00e7\u00e3o Filmelier","Est. tempo de leitura":"1 minuto"},"schema":{"@context":"https:\/\/schema.org","@graph":[{"@type":"Article","@id":"https:\/\/news.filmelier.com\/br\/lazaro-ramos-papai-e-pop-teaser-trailer\/#article","isPartOf":{"@id":"https:\/\/news.filmelier.com\/br\/lazaro-ramos-papai-e-pop-teaser-trailer\/"},"author":{"name":"Reda\u00e7\u00e3o Filmelier","@id":"https:\/\/homolog.news.filmelier.com\/br\/#\/schema\/person\/a6491aa555ce96d9d1cc15f1742dbd7b"},"headline":"L\u00e1zaro Ramos aprende a ser pai em &#8216;Papai \u00e9 Pop&#8217;; veja o trailer","datePublished":"2021-08-06T16:55:32+00:00","mainEntityOfPage":{"@id":"https:\/\/news.filmelier.com\/br\/lazaro-ramos-papai-e-pop-teaser-trailer\/"},"wordCount":159,"publisher":{"@id":"https:\/\/homolog.news.filmelier.com\/br\/#organization"},"image":{"@id":"https:\/\/news.filmelier.com\/br\/lazaro-ramos-papai-e-pop-teaser-trailer\/#primaryimage"},"thumbnailUrl":"","keywords":["cinema nacional","com\u00e9dia nacional","lan\u00e7amento","lazara ramos","paolla oliveira","Papai \u00e9 pop"],"articleSection":["Filmes"],"inLanguage":"pt-BR"},{"@type":"WebPage","@id":"https:\/\/news.filmelier.com\/br\/lazaro-ramos-papai-e-pop-teaser-trailer\/","url":"https:\/\/news.filmelier.com\/br\/lazaro-ramos-papai-e-pop-teaser-trailer\/","name":"L\u00e1zaro Ramos aprende a ser pai em 'Papai \u00e9 Pop'; veja o trailer - News Filmelier","isPartOf":{"@id":"https:\/\/homolog.news.filmelier.com\/br\/#website"},"primaryImageOfPage":{"@id":"https:\/\/news.filmelier.com\/br\/lazaro-ramos-papai-e-pop-teaser-trailer\/#primaryimage"},"image":{"@id":"https:\/\/news.filmelier.com\/br\/lazaro-ramos-papai-e-pop-teaser-trailer\/#primaryimage"},"thumbnailUrl":"","datePublished":"2021-08-06T16:55:32+00:00","breadcrumb":{"@id":"https:\/\/news.filmelier.com\/br\/lazaro-ramos-papai-e-pop-teaser-trailer\/#breadcrumb"},"inLanguage":"pt-BR","potentialAction":[{"@type":"ReadAction","target":["https:\/\/news.filmelier.com\/br\/lazaro-ramos-papai-e-pop-teaser-trailer\/"]}]},{"@type":"ImageObject","inLanguage":"pt-BR","@id":"https:\/\/news.filmelier.com\/br\/lazaro-ramos-papai-e-pop-teaser-trailer\/#primaryimage","url":"","contentUrl":""},{"@type":"BreadcrumbList","@id":"https:\/\/news.filmelier.com\/br\/lazaro-ramos-papai-e-pop-teaser-trailer\/#breadcrumb","itemListElement":[{"@type":"ListItem","position":1,"name":"In\u00edcio","item":"https:\/\/homolog.news.filmelier.com\/br\/"},{"@type":"ListItem","position":2,"name":"L\u00e1zaro Ramos aprende a ser pai em &#8216;Papai \u00e9 Pop&#8217;; veja o trailer"}]},{"@type":"WebSite","@id":"https:\/\/homolog.news.filmelier.com\/br\/#website","url":"https:\/\/homolog.news.filmelier.com\/br\/","name":"Homolog Filmelier News Rankrup","description":"","publisher":{"@id":"https:\/\/homolog.news.filmelier.com\/br\/#organization"},"potentialAction":[{"@type":"SearchAction","target":{"@type":"EntryPoint","urlTemplate":"https:\/\/homolog.news.filmelier.com\/br\/?s={search_term_string}"},"query-input":{"@type":"PropertyValueSpecification","valueRequired":true,"valueName":"search_term_string"}}],"inLanguage":"pt-BR"},{"@type":"Organization","@id":"https:\/\/homolog.news.filmelier.com\/br\/#organization","name":"Homolog Filmelier News Rankrup","url":"https:\/\/homolog.news.filmelier.com\/br\/","logo":{"@type":"ImageObject","inLanguage":"pt-BR","@id":"https:\/\/homolog.news.filmelier.com\/br\/#\/schema\/logo\/image\/","url":"https:\/\/news.filmelier.com\/wp-content\/uploads\/2024\/11\/Logo-News.png","contentUrl":"https:\/\/news.filmelier.com\/wp-content\/uploads\/2024\/11\/Logo-News.png","width":460,"height":108,"caption":"Homolog Filmelier News Rankrup"},"image":{"@id":"https:\/\/homolog.news.filmelier.com\/br\/#\/schema\/logo\/image\/"}},{"@type":"Person","@id":"https:\/\/homolog.news.filmelier.com\/br\/#\/schema\/person\/a6491aa555ce96d9d1cc15f1742dbd7b","name":"Reda\u00e7\u00e3o Filmelier","image":{"@type":"ImageObject","inLanguage":"pt-BR","@id":"https:\/\/homolog.news.filmelier.com\/br\/#\/schema\/person\/image\/","url":"https:\/\/secure.gravatar.com\/avatar\/8bf80419447553f32d821a953683c4666faca8d781f143825a02644ae3f7e2d0?s=96&d=mm&r=g","contentUrl":"https:\/\/secure.gravatar.com\/avatar\/8bf80419447553f32d821a953683c4666faca8d781f143825a02644ae3f7e2d0?s=96&d=mm&r=g","caption":"Reda\u00e7\u00e3o Filmelier"},"description":"Somos um time de jornalistas e cr\u00edticos que respira cinema a 24 quadros por segundo. Das estreias do circuito aos cl\u00e1ssicos restaurados, da curadoria em streamings \u00e0s entrevistas nos bastidores, nossa reda\u00e7\u00e3o transforma filmes em conte\u00fado inteligente \u2014 com an\u00e1lises afiadas, guias pr\u00e1ticos e hist\u00f3rias que fazem voc\u00ea ver a s\u00e9tima arte com outros olhos. Aqui no Filmelier, cinema n\u00e3o \u00e9 s\u00f3 lazer: \u00e9 of\u00edcio, \u00e9 expertise, \u00e9 paix\u00e3o em forma de texto.","url":"https:\/\/news.filmelier.com\/br\/author\/contato-filmelier\/"}]}},"_links":{"self":[{"href":"https:\/\/news.filmelier.com\/br\/wp-json\/wp\/v2\/posts\/17583","targetHints":{"allow":["GET"]}}],"collection":[{"href":"https:\/\/news.filmelier.com\/br\/wp-json\/wp\/v2\/posts"}],"about":[{"href":"https:\/\/news.filmelier.com\/br\/wp-json\/wp\/v2\/types\/post"}],"author":[{"embeddable":true,"href":"https:\/\/news.filmelier.com\/br\/wp-json\/wp\/v2\/users\/14"}],"replies":[{"embeddable":true,"href":"https:\/\/news.filmelier.com\/br\/wp-json\/wp\/v2\/comments?post=17583"}],"version-history":[{"count":0,"href":"https:\/\/news.filmelier.com\/br\/wp-json\/wp\/v2\/posts\/17583\/revisions"}],"wp:featuredmedia":[{"embeddable":true,"href":"https:\/\/news.filmelier.com\/br\/wp-json\/"}],"wp:attachment":[{"href":"https:\/\/news.filmelier.com\/br\/wp-json\/wp\/v2\/media?parent=17583"}],"wp:term":[{"taxonomy":"category","embeddable":true,"href":"https:\/\/news.filmelier.com\/br\/wp-json\/wp\/v2\/categories?post=17583"},{"taxonomy":"post_tag","embeddable":true,"href":"https:\/\/news.filmelier.com\/br\/wp-json\/wp\/v2\/tags?post=17583"}],"curies":[{"name":"wp","href":"https:\/\/api.w.org\/{rel}","templated":true}]}}