{"id":17490,"date":"2021-08-03T15:16:11","date_gmt":"2021-08-03T18:16:11","guid":{"rendered":"https:\/\/www.filmelier.com\/br\/noticias\/?p=17490"},"modified":"2021-08-03T15:16:11","modified_gmt":"2021-08-03T18:16:11","slug":"cinderela-trailer-prime-video","status":"publish","type":"post","link":"https:\/\/news.filmelier.com\/br\/cinderela-trailer-prime-video\/","title":{"rendered":"&#8216;Cinderela&#8217;, com Camila Cabello, ganha novo trailer"},"content":{"rendered":"\n<p>Nesta ter\u00e7a-feira, 3, nova vers\u00e3o Cinderela, estrelado por Camila Cabello, ganhou um novo trailer. Na hist\u00f3ria, Cabello \u00e9 uma jovem que sonha em sair da casa de sua madrasta e abrir sua pr\u00f3pria loja de vestidos, e nessa busca por sua independ\u00eancia ela vai encontrar tamb\u00e9m o amor.<\/p>\n\n\n\n<p>Confira abaixo o trailer:<\/p>\n\n\n\n<figure class=\"wp-block-embed-youtube wp-block-embed is-type-video is-provider-youtube wp-embed-aspect-16-9 wp-has-aspect-ratio\"><div class=\"wp-block-embed__wrapper\">\n<iframe title=\"Cinderela | Trailer Oficial | Amazon Prime Video\" width=\"800\" height=\"450\" src=\"https:\/\/www.youtube.com\/embed\/kX2Xq9AqqV8?feature=oembed\" frameborder=\"0\" allow=\"accelerometer; autoplay; clipboard-write; encrypted-media; gyroscope; picture-in-picture; web-share\" referrerpolicy=\"strict-origin-when-cross-origin\" allowfullscreen><\/iframe>\n<\/div><\/figure>\n\n\n\n<p>Al\u00e9m de Camila Cabello, que faz sua estreia cinematogr\u00e1fica, o elenco do filme conta com Billy Porter (\u2018Pose\u2019), Idina Menzel (\u2018Glee\u2019) e Pierce Brosnan (\u2018007 \u2013 Um Novo Dia Para Morrer\u2019).<\/p>\n\n\n\n<h2 class=\"wp-block-heading\">Cinderela nos cinemas<\/h2>\n\n\n\n<p>A Cinderela j\u00e1 ganhou diversas adapta\u00e7\u00f5es cinematogr\u00e1ficas. Temos &#8216;Cinderela&#8217; (1997), vers\u00e3o da Disney dos anos 1990, com Brandy Norwood, Whoopi Goldberg e Whitney Houston. Pela primeira &#8211; e \u00fanica vez &#8211; a personagem foi interpretada por uma atriz negra e o pr\u00edncipe por um ator com ascend\u00eancia filipina.<\/p>\n\n\n\n<figure class=\"wp-block-image\"><img decoding=\"async\" src=\"https:\/\/townsquare.media\/site\/252\/files\/2021\/02\/cinderella-1997-then-now.jpg?w=980&amp;q=75\" alt=\"Cinderella' 1997 Cast: Then and Now (PHOTOS)\"\/><figcaption><em>Brandy e Whitney Houston na vers\u00e3o de 1997 de Cinderela (Divulga\u00e7\u00e3o\/Disney)<\/em><\/figcaption><\/figure>\n\n\n\n<p>Nos anos 2000, tivemos Hilary Duff, que era a queridinha do momento por conta da s\u00e9rie &#8216;Lizze McGuire&#8217;, ao lado de Chad Michael Murray, astro de &#8216;One Tree Hill&#8217;, em &#8216;A Nova Cinderela&#8217; (2004) uma vers\u00e3o repaginada do conto de fadas. <\/p>\n\n\n\n<p>A vers\u00e3o com Duff abriu as portas para uma franquia que conta com mais 5 filmes, o mais recente lan\u00e7ado esse ano, &#8216;A Cinderella Story: Starstruck&#8217; com Bailee Madison. Mudando o padr\u00e3o, atrizes morenas e com diferentes ascend\u00eancias passaram a viver a princesa: Selena Gomez (&#8216;Outro Conto da Nova Cinderela&#8217;), Lucy Hale (&#8216;A Nova Cinderela: Era Uma Vez Uma Can\u00e7\u00e3o&#8217;), Sofia Carson (&#8216;A Nova Cinderela : Se o Sapato Encaixar&#8217;), Laura Marano (&#8216;O Natal de Cinderela&#8217;) e j\u00e1 deram vida \u00e0 princesa.<\/p>\n\n\n\n<p>Em paralelo \u00e0 isso, temos tamb\u00e9m o live-action mais fiel ao desenho animado lan\u00e7ado pela Disney em 1950. Lily James (&#8216;Downton Abbey&#8217;) e Richard Madden (&#8216;Game of Thrones&#8217;) s\u00e3o os protagonistas da vez em &#8216;Cinderela&#8217; (2015). O elenco do filme conta tamb\u00e9m com Cate Blanchett, Helena Bonham Carter, Stellan Skarsg\u00e5rd e Nonso Anozie.<\/p>\n\n\n\n<figure class=\"wp-block-image\"><img decoding=\"async\" src=\"https:\/\/pipocandonainternet.files.wordpress.com\/2015\/04\/cinderela-filme-2015.jpg\" alt=\"Cinderella; veja o teaser do novo filme\"\/><figcaption>Lily James e Richard Madden no live-action de Cinderela (Divulga\u00e7\u00e3o\/Disney)<\/figcaption><\/figure>\n\n\n\n<p>O novo filme da princesa, estrelado por Camila Cabello, chega ao Amazon Prime Video em 3 de setembro.<\/p>\n\n\n\n<p class=\"has-text-align-center\"><strong>Siga o Filmelier no&nbsp;<a rel=\"noreferrer noopener\" href=\"https:\/\/www.facebook.com\/filmelierbr\" target=\"_blank\">Facebook<\/a>,&nbsp;<a rel=\"noreferrer noopener\" href=\"https:\/\/www.twitter.com\/filmelierbr\" target=\"_blank\">Twitter<\/a>,&nbsp;<a rel=\"noreferrer noopener\" href=\"https:\/\/www.instagram.com\/filmelierbr\" target=\"_blank\">Instagram<\/a>&nbsp;e&nbsp;<a rel=\"noreferrer noopener\" href=\"https:\/\/www.tiktok.com\/@filmelierbr\" target=\"_blank\">TikTok<\/a>.<\/strong><\/p>\n","protected":false},"excerpt":{"rendered":"<p>A cantora faz sua estreia cinematogr\u00e1fica ao lado de Billy Porter, Idina Menzel e Pierce Brosnan<\/p>\n","protected":false},"author":14,"featured_media":17496,"comment_status":"closed","ping_status":"open","sticky":false,"template":"","format":"standard","meta":{"_acf_changed":false,"footnotes":""},"categories":[3482],"tags":[6107,3141,4110,4466],"class_list":["post-17490","post","type-post","status-publish","format-standard","has-post-thumbnail","hentry","category-filmes-br","tag-amazon-prime-video","tag-camila-cabello","tag-cinderela-br","tag-musical-br"],"acf":{"subtitulo":"","id_ator":""},"yoast_head":"<!-- This site is optimized with the Yoast SEO plugin v26.1.1 - https:\/\/yoast.com\/wordpress\/plugins\/seo\/ -->\n<title>&#039;Cinderela&#039;, com Camila Cabello, ganha novo trailer - News Filmelier<\/title>\n<meta name=\"robots\" content=\"index, follow, max-snippet:-1, max-image-preview:large, max-video-preview:-1\" \/>\n<link rel=\"canonical\" href=\"https:\/\/news.filmelier.com\/br\/cinderela-trailer-prime-video\/\" \/>\n<meta property=\"og:locale\" content=\"pt_BR\" \/>\n<meta property=\"og:type\" content=\"article\" \/>\n<meta property=\"og:title\" content=\"&#039;Cinderela&#039;, com Camila Cabello, ganha novo trailer - News Filmelier\" \/>\n<meta property=\"og:description\" content=\"A cantora faz sua estreia cinematogr\u00e1fica ao lado de Billy Porter, Idina Menzel e Pierce Brosnan\" \/>\n<meta property=\"og:url\" content=\"https:\/\/news.filmelier.com\/br\/cinderela-trailer-prime-video\/\" \/>\n<meta property=\"og:site_name\" content=\"News Filmelier\" \/>\n<meta property=\"article:published_time\" content=\"2021-08-03T18:16:11+00:00\" \/>\n<meta name=\"author\" content=\"Reda\u00e7\u00e3o Filmelier\" \/>\n<meta name=\"twitter:card\" content=\"summary_large_image\" \/>\n<meta name=\"twitter:label1\" content=\"Escrito por\" \/>\n\t<meta name=\"twitter:data1\" content=\"Reda\u00e7\u00e3o Filmelier\" \/>\n\t<meta name=\"twitter:label2\" content=\"Est. tempo de leitura\" \/>\n\t<meta name=\"twitter:data2\" content=\"2 minutos\" \/>\n<script type=\"application\/ld+json\" class=\"yoast-schema-graph\">{\"@context\":\"https:\/\/schema.org\",\"@graph\":[{\"@type\":\"Article\",\"@id\":\"https:\/\/news.filmelier.com\/br\/cinderela-trailer-prime-video\/#article\",\"isPartOf\":{\"@id\":\"https:\/\/news.filmelier.com\/br\/cinderela-trailer-prime-video\/\"},\"author\":{\"name\":\"Reda\u00e7\u00e3o Filmelier\",\"@id\":\"https:\/\/homolog.news.filmelier.com\/br\/#\/schema\/person\/a6491aa555ce96d9d1cc15f1742dbd7b\"},\"headline\":\"&#8216;Cinderela&#8217;, com Camila Cabello, ganha novo trailer\",\"datePublished\":\"2021-08-03T18:16:11+00:00\",\"mainEntityOfPage\":{\"@id\":\"https:\/\/news.filmelier.com\/br\/cinderela-trailer-prime-video\/\"},\"wordCount\":393,\"publisher\":{\"@id\":\"https:\/\/homolog.news.filmelier.com\/br\/#organization\"},\"image\":{\"@id\":\"https:\/\/news.filmelier.com\/br\/cinderela-trailer-prime-video\/#primaryimage\"},\"thumbnailUrl\":\"\",\"keywords\":[\"Amazon Prime Video\",\"Camila Cabello\",\"Cinderela\",\"Musical\"],\"articleSection\":[\"Filmes\"],\"inLanguage\":\"pt-BR\"},{\"@type\":\"WebPage\",\"@id\":\"https:\/\/news.filmelier.com\/br\/cinderela-trailer-prime-video\/\",\"url\":\"https:\/\/news.filmelier.com\/br\/cinderela-trailer-prime-video\/\",\"name\":\"'Cinderela', com Camila Cabello, ganha novo trailer - News Filmelier\",\"isPartOf\":{\"@id\":\"https:\/\/homolog.news.filmelier.com\/br\/#website\"},\"primaryImageOfPage\":{\"@id\":\"https:\/\/news.filmelier.com\/br\/cinderela-trailer-prime-video\/#primaryimage\"},\"image\":{\"@id\":\"https:\/\/news.filmelier.com\/br\/cinderela-trailer-prime-video\/#primaryimage\"},\"thumbnailUrl\":\"\",\"datePublished\":\"2021-08-03T18:16:11+00:00\",\"breadcrumb\":{\"@id\":\"https:\/\/news.filmelier.com\/br\/cinderela-trailer-prime-video\/#breadcrumb\"},\"inLanguage\":\"pt-BR\",\"potentialAction\":[{\"@type\":\"ReadAction\",\"target\":[\"https:\/\/news.filmelier.com\/br\/cinderela-trailer-prime-video\/\"]}]},{\"@type\":\"ImageObject\",\"inLanguage\":\"pt-BR\",\"@id\":\"https:\/\/news.filmelier.com\/br\/cinderela-trailer-prime-video\/#primaryimage\",\"url\":\"\",\"contentUrl\":\"\"},{\"@type\":\"BreadcrumbList\",\"@id\":\"https:\/\/news.filmelier.com\/br\/cinderela-trailer-prime-video\/#breadcrumb\",\"itemListElement\":[{\"@type\":\"ListItem\",\"position\":1,\"name\":\"In\u00edcio\",\"item\":\"https:\/\/homolog.news.filmelier.com\/br\/\"},{\"@type\":\"ListItem\",\"position\":2,\"name\":\"&#8216;Cinderela&#8217;, com Camila Cabello, ganha novo trailer\"}]},{\"@type\":\"WebSite\",\"@id\":\"https:\/\/homolog.news.filmelier.com\/br\/#website\",\"url\":\"https:\/\/homolog.news.filmelier.com\/br\/\",\"name\":\"Homolog Filmelier News Rankrup\",\"description\":\"\",\"publisher\":{\"@id\":\"https:\/\/homolog.news.filmelier.com\/br\/#organization\"},\"potentialAction\":[{\"@type\":\"SearchAction\",\"target\":{\"@type\":\"EntryPoint\",\"urlTemplate\":\"https:\/\/homolog.news.filmelier.com\/br\/?s={search_term_string}\"},\"query-input\":{\"@type\":\"PropertyValueSpecification\",\"valueRequired\":true,\"valueName\":\"search_term_string\"}}],\"inLanguage\":\"pt-BR\"},{\"@type\":\"Organization\",\"@id\":\"https:\/\/homolog.news.filmelier.com\/br\/#organization\",\"name\":\"Homolog Filmelier News Rankrup\",\"url\":\"https:\/\/homolog.news.filmelier.com\/br\/\",\"logo\":{\"@type\":\"ImageObject\",\"inLanguage\":\"pt-BR\",\"@id\":\"https:\/\/homolog.news.filmelier.com\/br\/#\/schema\/logo\/image\/\",\"url\":\"https:\/\/news.filmelier.com\/wp-content\/uploads\/2024\/11\/Logo-News.png\",\"contentUrl\":\"https:\/\/news.filmelier.com\/wp-content\/uploads\/2024\/11\/Logo-News.png\",\"width\":460,\"height\":108,\"caption\":\"Homolog Filmelier News Rankrup\"},\"image\":{\"@id\":\"https:\/\/homolog.news.filmelier.com\/br\/#\/schema\/logo\/image\/\"}},{\"@type\":\"Person\",\"@id\":\"https:\/\/homolog.news.filmelier.com\/br\/#\/schema\/person\/a6491aa555ce96d9d1cc15f1742dbd7b\",\"name\":\"Reda\u00e7\u00e3o Filmelier\",\"image\":{\"@type\":\"ImageObject\",\"inLanguage\":\"pt-BR\",\"@id\":\"https:\/\/homolog.news.filmelier.com\/br\/#\/schema\/person\/image\/\",\"url\":\"https:\/\/secure.gravatar.com\/avatar\/8bf80419447553f32d821a953683c4666faca8d781f143825a02644ae3f7e2d0?s=96&d=mm&r=g\",\"contentUrl\":\"https:\/\/secure.gravatar.com\/avatar\/8bf80419447553f32d821a953683c4666faca8d781f143825a02644ae3f7e2d0?s=96&d=mm&r=g\",\"caption\":\"Reda\u00e7\u00e3o Filmelier\"},\"description\":\"Somos um time de jornalistas e cr\u00edticos que respira cinema a 24 quadros por segundo. Das estreias do circuito aos cl\u00e1ssicos restaurados, da curadoria em streamings \u00e0s entrevistas nos bastidores, nossa reda\u00e7\u00e3o transforma filmes em conte\u00fado inteligente \u2014 com an\u00e1lises afiadas, guias pr\u00e1ticos e hist\u00f3rias que fazem voc\u00ea ver a s\u00e9tima arte com outros olhos. Aqui no Filmelier, cinema n\u00e3o \u00e9 s\u00f3 lazer: \u00e9 of\u00edcio, \u00e9 expertise, \u00e9 paix\u00e3o em forma de texto.\",\"url\":\"https:\/\/news.filmelier.com\/br\/author\/contato-filmelier\/\"}]}<\/script>\n<!-- \/ Yoast SEO plugin. -->","yoast_head_json":{"title":"'Cinderela', com Camila Cabello, ganha novo trailer - News Filmelier","robots":{"index":"index","follow":"follow","max-snippet":"max-snippet:-1","max-image-preview":"max-image-preview:large","max-video-preview":"max-video-preview:-1"},"canonical":"https:\/\/news.filmelier.com\/br\/cinderela-trailer-prime-video\/","og_locale":"pt_BR","og_type":"article","og_title":"'Cinderela', com Camila Cabello, ganha novo trailer - News Filmelier","og_description":"A cantora faz sua estreia cinematogr\u00e1fica ao lado de Billy Porter, Idina Menzel e Pierce Brosnan","og_url":"https:\/\/news.filmelier.com\/br\/cinderela-trailer-prime-video\/","og_site_name":"News Filmelier","article_published_time":"2021-08-03T18:16:11+00:00","author":"Reda\u00e7\u00e3o Filmelier","twitter_card":"summary_large_image","twitter_misc":{"Escrito por":"Reda\u00e7\u00e3o Filmelier","Est. tempo de leitura":"2 minutos"},"schema":{"@context":"https:\/\/schema.org","@graph":[{"@type":"Article","@id":"https:\/\/news.filmelier.com\/br\/cinderela-trailer-prime-video\/#article","isPartOf":{"@id":"https:\/\/news.filmelier.com\/br\/cinderela-trailer-prime-video\/"},"author":{"name":"Reda\u00e7\u00e3o Filmelier","@id":"https:\/\/homolog.news.filmelier.com\/br\/#\/schema\/person\/a6491aa555ce96d9d1cc15f1742dbd7b"},"headline":"&#8216;Cinderela&#8217;, com Camila Cabello, ganha novo trailer","datePublished":"2021-08-03T18:16:11+00:00","mainEntityOfPage":{"@id":"https:\/\/news.filmelier.com\/br\/cinderela-trailer-prime-video\/"},"wordCount":393,"publisher":{"@id":"https:\/\/homolog.news.filmelier.com\/br\/#organization"},"image":{"@id":"https:\/\/news.filmelier.com\/br\/cinderela-trailer-prime-video\/#primaryimage"},"thumbnailUrl":"","keywords":["Amazon Prime Video","Camila Cabello","Cinderela","Musical"],"articleSection":["Filmes"],"inLanguage":"pt-BR"},{"@type":"WebPage","@id":"https:\/\/news.filmelier.com\/br\/cinderela-trailer-prime-video\/","url":"https:\/\/news.filmelier.com\/br\/cinderela-trailer-prime-video\/","name":"'Cinderela', com Camila Cabello, ganha novo trailer - News Filmelier","isPartOf":{"@id":"https:\/\/homolog.news.filmelier.com\/br\/#website"},"primaryImageOfPage":{"@id":"https:\/\/news.filmelier.com\/br\/cinderela-trailer-prime-video\/#primaryimage"},"image":{"@id":"https:\/\/news.filmelier.com\/br\/cinderela-trailer-prime-video\/#primaryimage"},"thumbnailUrl":"","datePublished":"2021-08-03T18:16:11+00:00","breadcrumb":{"@id":"https:\/\/news.filmelier.com\/br\/cinderela-trailer-prime-video\/#breadcrumb"},"inLanguage":"pt-BR","potentialAction":[{"@type":"ReadAction","target":["https:\/\/news.filmelier.com\/br\/cinderela-trailer-prime-video\/"]}]},{"@type":"ImageObject","inLanguage":"pt-BR","@id":"https:\/\/news.filmelier.com\/br\/cinderela-trailer-prime-video\/#primaryimage","url":"","contentUrl":""},{"@type":"BreadcrumbList","@id":"https:\/\/news.filmelier.com\/br\/cinderela-trailer-prime-video\/#breadcrumb","itemListElement":[{"@type":"ListItem","position":1,"name":"In\u00edcio","item":"https:\/\/homolog.news.filmelier.com\/br\/"},{"@type":"ListItem","position":2,"name":"&#8216;Cinderela&#8217;, com Camila Cabello, ganha novo trailer"}]},{"@type":"WebSite","@id":"https:\/\/homolog.news.filmelier.com\/br\/#website","url":"https:\/\/homolog.news.filmelier.com\/br\/","name":"Homolog Filmelier News Rankrup","description":"","publisher":{"@id":"https:\/\/homolog.news.filmelier.com\/br\/#organization"},"potentialAction":[{"@type":"SearchAction","target":{"@type":"EntryPoint","urlTemplate":"https:\/\/homolog.news.filmelier.com\/br\/?s={search_term_string}"},"query-input":{"@type":"PropertyValueSpecification","valueRequired":true,"valueName":"search_term_string"}}],"inLanguage":"pt-BR"},{"@type":"Organization","@id":"https:\/\/homolog.news.filmelier.com\/br\/#organization","name":"Homolog Filmelier News Rankrup","url":"https:\/\/homolog.news.filmelier.com\/br\/","logo":{"@type":"ImageObject","inLanguage":"pt-BR","@id":"https:\/\/homolog.news.filmelier.com\/br\/#\/schema\/logo\/image\/","url":"https:\/\/news.filmelier.com\/wp-content\/uploads\/2024\/11\/Logo-News.png","contentUrl":"https:\/\/news.filmelier.com\/wp-content\/uploads\/2024\/11\/Logo-News.png","width":460,"height":108,"caption":"Homolog Filmelier News Rankrup"},"image":{"@id":"https:\/\/homolog.news.filmelier.com\/br\/#\/schema\/logo\/image\/"}},{"@type":"Person","@id":"https:\/\/homolog.news.filmelier.com\/br\/#\/schema\/person\/a6491aa555ce96d9d1cc15f1742dbd7b","name":"Reda\u00e7\u00e3o Filmelier","image":{"@type":"ImageObject","inLanguage":"pt-BR","@id":"https:\/\/homolog.news.filmelier.com\/br\/#\/schema\/person\/image\/","url":"https:\/\/secure.gravatar.com\/avatar\/8bf80419447553f32d821a953683c4666faca8d781f143825a02644ae3f7e2d0?s=96&d=mm&r=g","contentUrl":"https:\/\/secure.gravatar.com\/avatar\/8bf80419447553f32d821a953683c4666faca8d781f143825a02644ae3f7e2d0?s=96&d=mm&r=g","caption":"Reda\u00e7\u00e3o Filmelier"},"description":"Somos um time de jornalistas e cr\u00edticos que respira cinema a 24 quadros por segundo. Das estreias do circuito aos cl\u00e1ssicos restaurados, da curadoria em streamings \u00e0s entrevistas nos bastidores, nossa reda\u00e7\u00e3o transforma filmes em conte\u00fado inteligente \u2014 com an\u00e1lises afiadas, guias pr\u00e1ticos e hist\u00f3rias que fazem voc\u00ea ver a s\u00e9tima arte com outros olhos. Aqui no Filmelier, cinema n\u00e3o \u00e9 s\u00f3 lazer: \u00e9 of\u00edcio, \u00e9 expertise, \u00e9 paix\u00e3o em forma de texto.","url":"https:\/\/news.filmelier.com\/br\/author\/contato-filmelier\/"}]}},"_links":{"self":[{"href":"https:\/\/news.filmelier.com\/br\/wp-json\/wp\/v2\/posts\/17490","targetHints":{"allow":["GET"]}}],"collection":[{"href":"https:\/\/news.filmelier.com\/br\/wp-json\/wp\/v2\/posts"}],"about":[{"href":"https:\/\/news.filmelier.com\/br\/wp-json\/wp\/v2\/types\/post"}],"author":[{"embeddable":true,"href":"https:\/\/news.filmelier.com\/br\/wp-json\/wp\/v2\/users\/14"}],"replies":[{"embeddable":true,"href":"https:\/\/news.filmelier.com\/br\/wp-json\/wp\/v2\/comments?post=17490"}],"version-history":[{"count":0,"href":"https:\/\/news.filmelier.com\/br\/wp-json\/wp\/v2\/posts\/17490\/revisions"}],"wp:featuredmedia":[{"embeddable":true,"href":"https:\/\/news.filmelier.com\/br\/wp-json\/"}],"wp:attachment":[{"href":"https:\/\/news.filmelier.com\/br\/wp-json\/wp\/v2\/media?parent=17490"}],"wp:term":[{"taxonomy":"category","embeddable":true,"href":"https:\/\/news.filmelier.com\/br\/wp-json\/wp\/v2\/categories?post=17490"},{"taxonomy":"post_tag","embeddable":true,"href":"https:\/\/news.filmelier.com\/br\/wp-json\/wp\/v2\/tags?post=17490"}],"curies":[{"name":"wp","href":"https:\/\/api.w.org\/{rel}","templated":true}]}}