{"id":17459,"date":"2021-08-02T10:58:14","date_gmt":"2021-08-02T13:58:14","guid":{"rendered":"https:\/\/www.filmelier.com\/br\/noticias\/?p=17459"},"modified":"2021-08-02T10:58:14","modified_gmt":"2021-08-02T13:58:14","slug":"venom-tempo-de-carnificina-trailer-2","status":"publish","type":"post","link":"https:\/\/news.filmelier.com\/br\/venom-tempo-de-carnificina-trailer-2\/","title":{"rendered":"Com foco na a\u00e7\u00e3o, &#8216;Venom: Tempo de Carnificina&#8217; ganha novo trailer legendado"},"content":{"rendered":"\n<p>A Sony Pictures divulgou nesta segunda (2) o novo trailer legendado de &#8216;Venom: Tempo de Carnificina&#8217;, segundo filme solo do anti-her\u00f3i da Marvel. A nova pr\u00e9via se aprofunda mais na hist\u00f3ria, apresentando melhor Cletus Kasady (Woody Harrelson), o vil\u00e3o Carnificina.<\/p>\n\n\n\n<p>Com isso, conseguimos ver como ser\u00e1 o grande conflito do longa-metragem, entre Carnificina e Venom, e como est\u00e3o os efeitos especiais da produ\u00e7\u00e3o. <\/p>\n\n\n\n<p>Assista ao trailer legendado a seguir:<\/p>\n\n\n\n<figure class=\"wp-block-embed-youtube wp-block-embed is-type-video is-provider-youtube wp-embed-aspect-16-9 wp-has-aspect-ratio\"><div class=\"wp-block-embed__wrapper\">\n<iframe title=\"Venom: Tempo de Carnificina | Trailer Oficial Legendado | 07 de outubro exclusivamente nos cinemas.\" width=\"800\" height=\"450\" src=\"https:\/\/www.youtube.com\/embed\/K1TloEu4EXA?feature=oembed\" frameborder=\"0\" allow=\"accelerometer; autoplay; clipboard-write; encrypted-media; gyroscope; picture-in-picture; web-share\" referrerpolicy=\"strict-origin-when-cross-origin\" allowfullscreen><\/iframe>\n<\/div><\/figure>\n\n\n\n<p>Se preferir a vers\u00e3o dublada, aqui est\u00e1: <\/p>\n\n\n\n<figure class=\"wp-block-embed-youtube wp-block-embed is-type-video is-provider-youtube wp-embed-aspect-16-9 wp-has-aspect-ratio\"><div class=\"wp-block-embed__wrapper\">\n<iframe title=\"Venom: Tempo de Carnificina | Trailer Oficial Dublado | 07 de outubro exclusivamente nos cinemas.\" width=\"800\" height=\"450\" src=\"https:\/\/www.youtube.com\/embed\/-BI6OOYqrxE?feature=oembed\" frameborder=\"0\" allow=\"accelerometer; autoplay; clipboard-write; encrypted-media; gyroscope; picture-in-picture; web-share\" referrerpolicy=\"strict-origin-when-cross-origin\" allowfullscreen><\/iframe>\n<\/div><\/figure>\n\n\n\n<ul class=\"wp-block-list\"><li><strong>Leia tamb\u00e9m:\u00a0<a href=\"https:\/\/www.filmelier.com\/br\/list\/todos-os-filmes-do-homem-aranha-para-assistir-online\">Todos os filmes do Homem-Aranha para assistir online<\/a><\/strong><\/li><\/ul>\n\n\n\n<p>Dirigido por Andy Serkis, o filme tamb\u00e9m traz no elenco Michelle Williams e Naomie Harris. Originalmente previsto para o fim do ano, &#8216;Venom: Tempo de Carnificina&#8217; agora est\u00e1 sem data de estreia nos cinemas brasileiros. Nos EUA, chega \u00e0 tela grande em 24 de setembro. <\/p>\n\n\n\n<p class=\"has-text-align-center\"><strong>Siga o Filmelier no\u00a0<a rel=\"noreferrer noopener\" href=\"https:\/\/www.facebook.com\/filmelierbr\" target=\"_blank\">Facebook<\/a>,\u00a0<a rel=\"noreferrer noopener\" href=\"https:\/\/www.twitter.com\/filmelierbr\" target=\"_blank\">Twitter<\/a>,\u00a0<a rel=\"noreferrer noopener\" href=\"https:\/\/www.instagram.com\/filmelierbr\" target=\"_blank\">Instagram<\/a>\u00a0e\u00a0<a rel=\"noreferrer noopener\" href=\"https:\/\/www.tiktok.com\/@filmelierbr\" target=\"_blank\">TikTok<\/a>.<\/strong><\/p>\n","protected":false},"excerpt":{"rendered":"<p>Filme estreia nos cinemas brasileiros &#8220;em breve&#8221;, de acordo com a Sony<\/p>\n","protected":false},"author":14,"featured_media":17460,"comment_status":"closed","ping_status":"open","sticky":false,"template":"","format":"standard","meta":{"_acf_changed":false,"footnotes":""},"categories":[3482],"tags":[3905,5667,4080,5461,9740],"class_list":["post-17459","post","type-post","status-publish","format-standard","has-post-thumbnail","hentry","category-filmes-br","tag-acao-br","tag-carnificina-br","tag-trailer-br","tag-venom-br","tag-venom-tempo-de-carnificina"],"acf":{"subtitulo":"","id_ator":""},"yoast_head":"<!-- This site is optimized with the Yoast SEO plugin v26.1.1 - https:\/\/yoast.com\/wordpress\/plugins\/seo\/ -->\n<title>Com foco na a\u00e7\u00e3o, &#039;Venom: Tempo de Carnificina&#039; ganha novo trailer legendado - News Filmelier<\/title>\n<meta name=\"robots\" content=\"index, follow, max-snippet:-1, max-image-preview:large, max-video-preview:-1\" \/>\n<link rel=\"canonical\" href=\"https:\/\/news.filmelier.com\/br\/venom-tempo-de-carnificina-trailer-2\/\" \/>\n<meta property=\"og:locale\" content=\"pt_BR\" \/>\n<meta property=\"og:type\" content=\"article\" \/>\n<meta property=\"og:title\" content=\"Com foco na a\u00e7\u00e3o, &#039;Venom: Tempo de Carnificina&#039; ganha novo trailer legendado - News Filmelier\" \/>\n<meta property=\"og:description\" content=\"Filme estreia nos cinemas brasileiros &quot;em breve&quot;, de acordo com a Sony\" \/>\n<meta property=\"og:url\" content=\"https:\/\/news.filmelier.com\/br\/venom-tempo-de-carnificina-trailer-2\/\" \/>\n<meta property=\"og:site_name\" content=\"News Filmelier\" \/>\n<meta property=\"article:published_time\" content=\"2021-08-02T13:58:14+00:00\" \/>\n<meta name=\"author\" content=\"Reda\u00e7\u00e3o Filmelier\" \/>\n<meta name=\"twitter:card\" content=\"summary_large_image\" \/>\n<meta name=\"twitter:label1\" content=\"Escrito por\" \/>\n\t<meta name=\"twitter:data1\" content=\"Reda\u00e7\u00e3o Filmelier\" \/>\n\t<meta name=\"twitter:label2\" content=\"Est. tempo de leitura\" \/>\n\t<meta name=\"twitter:data2\" content=\"1 minuto\" \/>\n<script type=\"application\/ld+json\" class=\"yoast-schema-graph\">{\"@context\":\"https:\/\/schema.org\",\"@graph\":[{\"@type\":\"Article\",\"@id\":\"https:\/\/news.filmelier.com\/br\/venom-tempo-de-carnificina-trailer-2\/#article\",\"isPartOf\":{\"@id\":\"https:\/\/news.filmelier.com\/br\/venom-tempo-de-carnificina-trailer-2\/\"},\"author\":{\"name\":\"Reda\u00e7\u00e3o Filmelier\",\"@id\":\"https:\/\/homolog.news.filmelier.com\/br\/#\/schema\/person\/a6491aa555ce96d9d1cc15f1742dbd7b\"},\"headline\":\"Com foco na a\u00e7\u00e3o, &#8216;Venom: Tempo de Carnificina&#8217; ganha novo trailer legendado\",\"datePublished\":\"2021-08-02T13:58:14+00:00\",\"mainEntityOfPage\":{\"@id\":\"https:\/\/news.filmelier.com\/br\/venom-tempo-de-carnificina-trailer-2\/\"},\"wordCount\":176,\"publisher\":{\"@id\":\"https:\/\/homolog.news.filmelier.com\/br\/#organization\"},\"image\":{\"@id\":\"https:\/\/news.filmelier.com\/br\/venom-tempo-de-carnificina-trailer-2\/#primaryimage\"},\"thumbnailUrl\":\"\",\"keywords\":[\"A\u00e7\u00e3o\",\"Carnificina\",\"trailer\",\"Venom\",\"Venom: Tempo de Carnificina\"],\"articleSection\":[\"Filmes\"],\"inLanguage\":\"pt-BR\"},{\"@type\":\"WebPage\",\"@id\":\"https:\/\/news.filmelier.com\/br\/venom-tempo-de-carnificina-trailer-2\/\",\"url\":\"https:\/\/news.filmelier.com\/br\/venom-tempo-de-carnificina-trailer-2\/\",\"name\":\"Com foco na a\u00e7\u00e3o, 'Venom: Tempo de Carnificina' ganha novo trailer legendado - News Filmelier\",\"isPartOf\":{\"@id\":\"https:\/\/homolog.news.filmelier.com\/br\/#website\"},\"primaryImageOfPage\":{\"@id\":\"https:\/\/news.filmelier.com\/br\/venom-tempo-de-carnificina-trailer-2\/#primaryimage\"},\"image\":{\"@id\":\"https:\/\/news.filmelier.com\/br\/venom-tempo-de-carnificina-trailer-2\/#primaryimage\"},\"thumbnailUrl\":\"\",\"datePublished\":\"2021-08-02T13:58:14+00:00\",\"breadcrumb\":{\"@id\":\"https:\/\/news.filmelier.com\/br\/venom-tempo-de-carnificina-trailer-2\/#breadcrumb\"},\"inLanguage\":\"pt-BR\",\"potentialAction\":[{\"@type\":\"ReadAction\",\"target\":[\"https:\/\/news.filmelier.com\/br\/venom-tempo-de-carnificina-trailer-2\/\"]}]},{\"@type\":\"ImageObject\",\"inLanguage\":\"pt-BR\",\"@id\":\"https:\/\/news.filmelier.com\/br\/venom-tempo-de-carnificina-trailer-2\/#primaryimage\",\"url\":\"\",\"contentUrl\":\"\"},{\"@type\":\"BreadcrumbList\",\"@id\":\"https:\/\/news.filmelier.com\/br\/venom-tempo-de-carnificina-trailer-2\/#breadcrumb\",\"itemListElement\":[{\"@type\":\"ListItem\",\"position\":1,\"name\":\"In\u00edcio\",\"item\":\"https:\/\/homolog.news.filmelier.com\/br\/\"},{\"@type\":\"ListItem\",\"position\":2,\"name\":\"Com foco na a\u00e7\u00e3o, &#8216;Venom: Tempo de Carnificina&#8217; ganha novo trailer legendado\"}]},{\"@type\":\"WebSite\",\"@id\":\"https:\/\/homolog.news.filmelier.com\/br\/#website\",\"url\":\"https:\/\/homolog.news.filmelier.com\/br\/\",\"name\":\"Homolog Filmelier News Rankrup\",\"description\":\"\",\"publisher\":{\"@id\":\"https:\/\/homolog.news.filmelier.com\/br\/#organization\"},\"potentialAction\":[{\"@type\":\"SearchAction\",\"target\":{\"@type\":\"EntryPoint\",\"urlTemplate\":\"https:\/\/homolog.news.filmelier.com\/br\/?s={search_term_string}\"},\"query-input\":{\"@type\":\"PropertyValueSpecification\",\"valueRequired\":true,\"valueName\":\"search_term_string\"}}],\"inLanguage\":\"pt-BR\"},{\"@type\":\"Organization\",\"@id\":\"https:\/\/homolog.news.filmelier.com\/br\/#organization\",\"name\":\"Homolog Filmelier News Rankrup\",\"url\":\"https:\/\/homolog.news.filmelier.com\/br\/\",\"logo\":{\"@type\":\"ImageObject\",\"inLanguage\":\"pt-BR\",\"@id\":\"https:\/\/homolog.news.filmelier.com\/br\/#\/schema\/logo\/image\/\",\"url\":\"https:\/\/news.filmelier.com\/wp-content\/uploads\/2024\/11\/Logo-News.png\",\"contentUrl\":\"https:\/\/news.filmelier.com\/wp-content\/uploads\/2024\/11\/Logo-News.png\",\"width\":460,\"height\":108,\"caption\":\"Homolog Filmelier News Rankrup\"},\"image\":{\"@id\":\"https:\/\/homolog.news.filmelier.com\/br\/#\/schema\/logo\/image\/\"}},{\"@type\":\"Person\",\"@id\":\"https:\/\/homolog.news.filmelier.com\/br\/#\/schema\/person\/a6491aa555ce96d9d1cc15f1742dbd7b\",\"name\":\"Reda\u00e7\u00e3o Filmelier\",\"image\":{\"@type\":\"ImageObject\",\"inLanguage\":\"pt-BR\",\"@id\":\"https:\/\/homolog.news.filmelier.com\/br\/#\/schema\/person\/image\/\",\"url\":\"https:\/\/secure.gravatar.com\/avatar\/8bf80419447553f32d821a953683c4666faca8d781f143825a02644ae3f7e2d0?s=96&d=mm&r=g\",\"contentUrl\":\"https:\/\/secure.gravatar.com\/avatar\/8bf80419447553f32d821a953683c4666faca8d781f143825a02644ae3f7e2d0?s=96&d=mm&r=g\",\"caption\":\"Reda\u00e7\u00e3o Filmelier\"},\"description\":\"Somos um time de jornalistas e cr\u00edticos que respira cinema a 24 quadros por segundo. Das estreias do circuito aos cl\u00e1ssicos restaurados, da curadoria em streamings \u00e0s entrevistas nos bastidores, nossa reda\u00e7\u00e3o transforma filmes em conte\u00fado inteligente \u2014 com an\u00e1lises afiadas, guias pr\u00e1ticos e hist\u00f3rias que fazem voc\u00ea ver a s\u00e9tima arte com outros olhos. Aqui no Filmelier, cinema n\u00e3o \u00e9 s\u00f3 lazer: \u00e9 of\u00edcio, \u00e9 expertise, \u00e9 paix\u00e3o em forma de texto.\",\"url\":\"https:\/\/news.filmelier.com\/br\/author\/contato-filmelier\/\"}]}<\/script>\n<!-- \/ Yoast SEO plugin. -->","yoast_head_json":{"title":"Com foco na a\u00e7\u00e3o, 'Venom: Tempo de Carnificina' ganha novo trailer legendado - News Filmelier","robots":{"index":"index","follow":"follow","max-snippet":"max-snippet:-1","max-image-preview":"max-image-preview:large","max-video-preview":"max-video-preview:-1"},"canonical":"https:\/\/news.filmelier.com\/br\/venom-tempo-de-carnificina-trailer-2\/","og_locale":"pt_BR","og_type":"article","og_title":"Com foco na a\u00e7\u00e3o, 'Venom: Tempo de Carnificina' ganha novo trailer legendado - News Filmelier","og_description":"Filme estreia nos cinemas brasileiros \"em breve\", de acordo com a Sony","og_url":"https:\/\/news.filmelier.com\/br\/venom-tempo-de-carnificina-trailer-2\/","og_site_name":"News Filmelier","article_published_time":"2021-08-02T13:58:14+00:00","author":"Reda\u00e7\u00e3o Filmelier","twitter_card":"summary_large_image","twitter_misc":{"Escrito por":"Reda\u00e7\u00e3o Filmelier","Est. tempo de leitura":"1 minuto"},"schema":{"@context":"https:\/\/schema.org","@graph":[{"@type":"Article","@id":"https:\/\/news.filmelier.com\/br\/venom-tempo-de-carnificina-trailer-2\/#article","isPartOf":{"@id":"https:\/\/news.filmelier.com\/br\/venom-tempo-de-carnificina-trailer-2\/"},"author":{"name":"Reda\u00e7\u00e3o Filmelier","@id":"https:\/\/homolog.news.filmelier.com\/br\/#\/schema\/person\/a6491aa555ce96d9d1cc15f1742dbd7b"},"headline":"Com foco na a\u00e7\u00e3o, &#8216;Venom: Tempo de Carnificina&#8217; ganha novo trailer legendado","datePublished":"2021-08-02T13:58:14+00:00","mainEntityOfPage":{"@id":"https:\/\/news.filmelier.com\/br\/venom-tempo-de-carnificina-trailer-2\/"},"wordCount":176,"publisher":{"@id":"https:\/\/homolog.news.filmelier.com\/br\/#organization"},"image":{"@id":"https:\/\/news.filmelier.com\/br\/venom-tempo-de-carnificina-trailer-2\/#primaryimage"},"thumbnailUrl":"","keywords":["A\u00e7\u00e3o","Carnificina","trailer","Venom","Venom: Tempo de Carnificina"],"articleSection":["Filmes"],"inLanguage":"pt-BR"},{"@type":"WebPage","@id":"https:\/\/news.filmelier.com\/br\/venom-tempo-de-carnificina-trailer-2\/","url":"https:\/\/news.filmelier.com\/br\/venom-tempo-de-carnificina-trailer-2\/","name":"Com foco na a\u00e7\u00e3o, 'Venom: Tempo de Carnificina' ganha novo trailer legendado - News Filmelier","isPartOf":{"@id":"https:\/\/homolog.news.filmelier.com\/br\/#website"},"primaryImageOfPage":{"@id":"https:\/\/news.filmelier.com\/br\/venom-tempo-de-carnificina-trailer-2\/#primaryimage"},"image":{"@id":"https:\/\/news.filmelier.com\/br\/venom-tempo-de-carnificina-trailer-2\/#primaryimage"},"thumbnailUrl":"","datePublished":"2021-08-02T13:58:14+00:00","breadcrumb":{"@id":"https:\/\/news.filmelier.com\/br\/venom-tempo-de-carnificina-trailer-2\/#breadcrumb"},"inLanguage":"pt-BR","potentialAction":[{"@type":"ReadAction","target":["https:\/\/news.filmelier.com\/br\/venom-tempo-de-carnificina-trailer-2\/"]}]},{"@type":"ImageObject","inLanguage":"pt-BR","@id":"https:\/\/news.filmelier.com\/br\/venom-tempo-de-carnificina-trailer-2\/#primaryimage","url":"","contentUrl":""},{"@type":"BreadcrumbList","@id":"https:\/\/news.filmelier.com\/br\/venom-tempo-de-carnificina-trailer-2\/#breadcrumb","itemListElement":[{"@type":"ListItem","position":1,"name":"In\u00edcio","item":"https:\/\/homolog.news.filmelier.com\/br\/"},{"@type":"ListItem","position":2,"name":"Com foco na a\u00e7\u00e3o, &#8216;Venom: Tempo de Carnificina&#8217; ganha novo trailer legendado"}]},{"@type":"WebSite","@id":"https:\/\/homolog.news.filmelier.com\/br\/#website","url":"https:\/\/homolog.news.filmelier.com\/br\/","name":"Homolog Filmelier News Rankrup","description":"","publisher":{"@id":"https:\/\/homolog.news.filmelier.com\/br\/#organization"},"potentialAction":[{"@type":"SearchAction","target":{"@type":"EntryPoint","urlTemplate":"https:\/\/homolog.news.filmelier.com\/br\/?s={search_term_string}"},"query-input":{"@type":"PropertyValueSpecification","valueRequired":true,"valueName":"search_term_string"}}],"inLanguage":"pt-BR"},{"@type":"Organization","@id":"https:\/\/homolog.news.filmelier.com\/br\/#organization","name":"Homolog Filmelier News Rankrup","url":"https:\/\/homolog.news.filmelier.com\/br\/","logo":{"@type":"ImageObject","inLanguage":"pt-BR","@id":"https:\/\/homolog.news.filmelier.com\/br\/#\/schema\/logo\/image\/","url":"https:\/\/news.filmelier.com\/wp-content\/uploads\/2024\/11\/Logo-News.png","contentUrl":"https:\/\/news.filmelier.com\/wp-content\/uploads\/2024\/11\/Logo-News.png","width":460,"height":108,"caption":"Homolog Filmelier News Rankrup"},"image":{"@id":"https:\/\/homolog.news.filmelier.com\/br\/#\/schema\/logo\/image\/"}},{"@type":"Person","@id":"https:\/\/homolog.news.filmelier.com\/br\/#\/schema\/person\/a6491aa555ce96d9d1cc15f1742dbd7b","name":"Reda\u00e7\u00e3o Filmelier","image":{"@type":"ImageObject","inLanguage":"pt-BR","@id":"https:\/\/homolog.news.filmelier.com\/br\/#\/schema\/person\/image\/","url":"https:\/\/secure.gravatar.com\/avatar\/8bf80419447553f32d821a953683c4666faca8d781f143825a02644ae3f7e2d0?s=96&d=mm&r=g","contentUrl":"https:\/\/secure.gravatar.com\/avatar\/8bf80419447553f32d821a953683c4666faca8d781f143825a02644ae3f7e2d0?s=96&d=mm&r=g","caption":"Reda\u00e7\u00e3o Filmelier"},"description":"Somos um time de jornalistas e cr\u00edticos que respira cinema a 24 quadros por segundo. Das estreias do circuito aos cl\u00e1ssicos restaurados, da curadoria em streamings \u00e0s entrevistas nos bastidores, nossa reda\u00e7\u00e3o transforma filmes em conte\u00fado inteligente \u2014 com an\u00e1lises afiadas, guias pr\u00e1ticos e hist\u00f3rias que fazem voc\u00ea ver a s\u00e9tima arte com outros olhos. Aqui no Filmelier, cinema n\u00e3o \u00e9 s\u00f3 lazer: \u00e9 of\u00edcio, \u00e9 expertise, \u00e9 paix\u00e3o em forma de texto.","url":"https:\/\/news.filmelier.com\/br\/author\/contato-filmelier\/"}]}},"_links":{"self":[{"href":"https:\/\/news.filmelier.com\/br\/wp-json\/wp\/v2\/posts\/17459","targetHints":{"allow":["GET"]}}],"collection":[{"href":"https:\/\/news.filmelier.com\/br\/wp-json\/wp\/v2\/posts"}],"about":[{"href":"https:\/\/news.filmelier.com\/br\/wp-json\/wp\/v2\/types\/post"}],"author":[{"embeddable":true,"href":"https:\/\/news.filmelier.com\/br\/wp-json\/wp\/v2\/users\/14"}],"replies":[{"embeddable":true,"href":"https:\/\/news.filmelier.com\/br\/wp-json\/wp\/v2\/comments?post=17459"}],"version-history":[{"count":0,"href":"https:\/\/news.filmelier.com\/br\/wp-json\/wp\/v2\/posts\/17459\/revisions"}],"wp:featuredmedia":[{"embeddable":true,"href":"https:\/\/news.filmelier.com\/br\/wp-json\/"}],"wp:attachment":[{"href":"https:\/\/news.filmelier.com\/br\/wp-json\/wp\/v2\/media?parent=17459"}],"wp:term":[{"taxonomy":"category","embeddable":true,"href":"https:\/\/news.filmelier.com\/br\/wp-json\/wp\/v2\/categories?post=17459"},{"taxonomy":"post_tag","embeddable":true,"href":"https:\/\/news.filmelier.com\/br\/wp-json\/wp\/v2\/tags?post=17459"}],"curies":[{"name":"wp","href":"https:\/\/api.w.org\/{rel}","templated":true}]}}