{"id":15533,"date":"2021-08-23T22:54:31","date_gmt":"2021-08-24T01:54:31","guid":{"rendered":"https:\/\/www.filmelier.com\/br\/noticias\/?p=15533"},"modified":"2021-08-23T22:54:31","modified_gmt":"2021-08-24T01:54:31","slug":"homem-aranha-3-trailer-legendado","status":"publish","type":"post","link":"https:\/\/news.filmelier.com\/br\/homem-aranha-3-trailer-legendado\/","title":{"rendered":"Duende Verde e Doc Ock est\u00e3o de volta! Veja o trailer legendado de &#8216;Homem-Aranha: Sem Volta para Casa&#8217;"},"content":{"rendered":"\n<p>Um dos filmes mais aguardados da nova safra de produ\u00e7\u00f5es com personagens da Marvel, &#8216;Homem-Aranha: Sem Volta Para Casa&#8217; ganhou seu primeiro trailer legendado nesta segunda, 23, durante a CinemaCon. O v\u00eddeo \u00e9 exatamente aquilo que os f\u00e3s esperavam: tem o Amig\u00e3o da Vizinhan\u00e7a cara a cara com alguns dos vil\u00f5es dos antigos filmes do her\u00f3i.<\/p>\n\n\n\n<p>Confira abaixo:<\/p>\n\n\n\n<figure class=\"wp-block-embed-youtube wp-block-embed is-type-video is-provider-youtube wp-embed-aspect-16-9 wp-has-aspect-ratio\"><div class=\"wp-block-embed__wrapper\">\n<iframe title=\"Homem-Aranha: Sem Volta Para Casa | Trailer teaser oficial legendado | 16 de dezembro nos cinemas.\" width=\"800\" height=\"450\" src=\"https:\/\/www.youtube.com\/embed\/EZo8V4XgzPY?feature=oembed\" frameborder=\"0\" allow=\"accelerometer; autoplay; clipboard-write; encrypted-media; gyroscope; picture-in-picture; web-share\" referrerpolicy=\"strict-origin-when-cross-origin\" allowfullscreen><\/iframe>\n<\/div><\/figure>\n\n\n\n<p>O v\u00eddeo, vale dizer, chegou a vazar nas redes sociais durante o \u00faltimo fim de semana, mas com p\u00e9ssima qualidade &#8211; e obrigando a Sony Pictures a iniciar uma &#8220;opera\u00e7\u00e3o bombeiro&#8221; para tirar o v\u00eddeo do ar. <\/p>\n\n\n\n<p>Terceiro filme da parceria entre Sony e Marvel Studios, o longa-metragem ainda conta com o retorno de Tom Holland, Zendaya e Marisa Tomei. Benedict Cumberbatch volta como Doutor Estranho, enquanto Jamie Foxx e Alfred Molina retornam como Electro e Doutor Octopus.<\/p>\n\n\n\n<p>Tudo isso \u00e9 poss\u00edvel gra\u00e7as aos eventos da recente s\u00e9rie &#8216;Loki&#8217;, do Disney+, que introduziu o conceito do Multiverso nos filmes da Marvel Studios.<\/p>\n\n\n\n<ul class=\"wp-block-list\"><li><strong>Leia mais: <a href=\"https:\/\/www.filmelier.com\/br\/noticias\/entenda-final-loki-futuro-marvel\" class=\"rank-math-link\">Entenda o impacto do final de \u2018Loki\u2019 no futuro do Universo Cinematogr\u00e1fico Marvel<\/a><\/strong><\/li><\/ul>\n\n\n\n<p>N\u00e3o h\u00e1 sinais no trailer, por\u00e9m, de Andrew Garfield e Tobey Maguire. Os dois atores, que interpretaram o Homem-Aranha em outras adapta\u00e7\u00f5es dos quadrinhos, estariam cotados para aparecer em &#8216;Homem-Aranha: Sem Volta Para Casa&#8217;. No entanto, at\u00e9 agora, n\u00e3o h\u00e1 confirma\u00e7\u00f5es oficiais &#8211; ainda que o enredo do trailer j\u00e1 tenha deixado claro a brecha para esses retornos. <\/p>\n\n\n\n<p>&#8216;Homem-Aranha: Sem Volta Para Casa&#8217; estreia nos cinemas brasileiros em 16 de dezembro &#8211; <a href=\"https:\/\/www.filmelier.com\/br\/noticias\/variante-delta-hollywood-premier-access\" class=\"rank-math-link\">se a pandemia n\u00e3o mudar nada at\u00e9 l\u00e1<\/a>. <\/p>\n\n\n\n<ul class=\"wp-block-list\"><li><strong>Leia tamb\u00e9m: <a href=\"https:\/\/www.filmelier.com\/br\/list\/todos-os-filmes-do-homem-aranha-para-assistir-online\" class=\"rank-math-link\">Todos os filmes do Homem-Aranha para assistir online<\/a><\/strong><\/li><\/ul>\n\n\n\n<p class=\"has-text-align-center\"><strong>Siga o Filmelier no&nbsp;<a rel=\"noreferrer noopener\" href=\"https:\/\/www.facebook.com\/filmelierbr\" target=\"_blank\">Facebook<\/a>,&nbsp;<a rel=\"noreferrer noopener\" href=\"https:\/\/www.twitter.com\/filmelierbr\" target=\"_blank\">Twitter<\/a>,&nbsp;<a rel=\"noreferrer noopener\" href=\"https:\/\/www.instagram.com\/filmelierbr\" target=\"_blank\">Instagram<\/a>&nbsp;e&nbsp;<a rel=\"noreferrer noopener\" href=\"https:\/\/www.tiktok.com\/@filmelierbr\" target=\"_blank\">TikTok<\/a>.<\/strong><\/p>\n","protected":false},"excerpt":{"rendered":"<p>Os vil\u00f5es, novamente vividos por Willem Dafoe e Alfred Molina, s\u00e3o destaques do trailer, que tem tamb\u00e9m o Doutor Estranho<\/p>\n","protected":false},"author":14,"featured_media":18117,"comment_status":"closed","ping_status":"open","sticky":false,"template":"","format":"standard","meta":{"_acf_changed":false,"footnotes":""},"categories":[3482],"tags":[3905,9737,9738,9736,4080,9739],"class_list":["post-15533","post","type-post","status-publish","format-standard","has-post-thumbnail","hentry","category-filmes-br","tag-acao-br","tag-homem-aranha-3","tag-homem-aranha-no-way-home","tag-homem-aranha-sem-volta-para-casa","tag-trailer-br","tag-trailer-legendado"],"acf":{"subtitulo":"","id_ator":""},"yoast_head":"<!-- This site is optimized with the Yoast SEO plugin v26.1.1 - https:\/\/yoast.com\/wordpress\/plugins\/seo\/ -->\n<title>Duende Verde e Doc Ock est\u00e3o de volta! Veja o trailer legendado de &#039;Homem-Aranha: Sem Volta para Casa&#039; - News Filmelier<\/title>\n<meta name=\"robots\" content=\"index, follow, max-snippet:-1, max-image-preview:large, max-video-preview:-1\" \/>\n<link rel=\"canonical\" href=\"https:\/\/news.filmelier.com\/br\/homem-aranha-3-trailer-legendado\/\" \/>\n<meta property=\"og:locale\" content=\"pt_BR\" \/>\n<meta property=\"og:type\" content=\"article\" \/>\n<meta property=\"og:title\" content=\"Duende Verde e Doc Ock est\u00e3o de volta! Veja o trailer legendado de &#039;Homem-Aranha: Sem Volta para Casa&#039; - News Filmelier\" \/>\n<meta property=\"og:description\" content=\"Os vil\u00f5es, novamente vividos por Willem Dafoe e Alfred Molina, s\u00e3o destaques do trailer, que tem tamb\u00e9m o Doutor Estranho\" \/>\n<meta property=\"og:url\" content=\"https:\/\/news.filmelier.com\/br\/homem-aranha-3-trailer-legendado\/\" \/>\n<meta property=\"og:site_name\" content=\"News Filmelier\" \/>\n<meta property=\"article:published_time\" content=\"2021-08-24T01:54:31+00:00\" \/>\n<meta name=\"author\" content=\"Reda\u00e7\u00e3o Filmelier\" \/>\n<meta name=\"twitter:card\" content=\"summary_large_image\" \/>\n<meta name=\"twitter:label1\" content=\"Escrito por\" \/>\n\t<meta name=\"twitter:data1\" content=\"Reda\u00e7\u00e3o Filmelier\" \/>\n\t<meta name=\"twitter:label2\" content=\"Est. tempo de leitura\" \/>\n\t<meta name=\"twitter:data2\" content=\"2 minutos\" \/>\n<script type=\"application\/ld+json\" class=\"yoast-schema-graph\">{\"@context\":\"https:\/\/schema.org\",\"@graph\":[{\"@type\":\"Article\",\"@id\":\"https:\/\/news.filmelier.com\/br\/homem-aranha-3-trailer-legendado\/#article\",\"isPartOf\":{\"@id\":\"https:\/\/news.filmelier.com\/br\/homem-aranha-3-trailer-legendado\/\"},\"author\":{\"name\":\"Reda\u00e7\u00e3o Filmelier\",\"@id\":\"https:\/\/homolog.news.filmelier.com\/br\/#\/schema\/person\/a6491aa555ce96d9d1cc15f1742dbd7b\"},\"headline\":\"Duende Verde e Doc Ock est\u00e3o de volta! Veja o trailer legendado de &#8216;Homem-Aranha: Sem Volta para Casa&#8217;\",\"datePublished\":\"2021-08-24T01:54:31+00:00\",\"mainEntityOfPage\":{\"@id\":\"https:\/\/news.filmelier.com\/br\/homem-aranha-3-trailer-legendado\/\"},\"wordCount\":325,\"publisher\":{\"@id\":\"https:\/\/homolog.news.filmelier.com\/br\/#organization\"},\"image\":{\"@id\":\"https:\/\/news.filmelier.com\/br\/homem-aranha-3-trailer-legendado\/#primaryimage\"},\"thumbnailUrl\":\"\",\"keywords\":[\"A\u00e7\u00e3o\",\"Homem-Aranha 3\",\"Homem-Aranha: No Way Home\",\"Homem-Aranha: Sem Volta Para Casa\",\"trailer\",\"trailer legendado\"],\"articleSection\":[\"Filmes\"],\"inLanguage\":\"pt-BR\"},{\"@type\":\"WebPage\",\"@id\":\"https:\/\/news.filmelier.com\/br\/homem-aranha-3-trailer-legendado\/\",\"url\":\"https:\/\/news.filmelier.com\/br\/homem-aranha-3-trailer-legendado\/\",\"name\":\"Duende Verde e Doc Ock est\u00e3o de volta! Veja o trailer legendado de 'Homem-Aranha: Sem Volta para Casa' - News Filmelier\",\"isPartOf\":{\"@id\":\"https:\/\/homolog.news.filmelier.com\/br\/#website\"},\"primaryImageOfPage\":{\"@id\":\"https:\/\/news.filmelier.com\/br\/homem-aranha-3-trailer-legendado\/#primaryimage\"},\"image\":{\"@id\":\"https:\/\/news.filmelier.com\/br\/homem-aranha-3-trailer-legendado\/#primaryimage\"},\"thumbnailUrl\":\"\",\"datePublished\":\"2021-08-24T01:54:31+00:00\",\"breadcrumb\":{\"@id\":\"https:\/\/news.filmelier.com\/br\/homem-aranha-3-trailer-legendado\/#breadcrumb\"},\"inLanguage\":\"pt-BR\",\"potentialAction\":[{\"@type\":\"ReadAction\",\"target\":[\"https:\/\/news.filmelier.com\/br\/homem-aranha-3-trailer-legendado\/\"]}]},{\"@type\":\"ImageObject\",\"inLanguage\":\"pt-BR\",\"@id\":\"https:\/\/news.filmelier.com\/br\/homem-aranha-3-trailer-legendado\/#primaryimage\",\"url\":\"\",\"contentUrl\":\"\"},{\"@type\":\"BreadcrumbList\",\"@id\":\"https:\/\/news.filmelier.com\/br\/homem-aranha-3-trailer-legendado\/#breadcrumb\",\"itemListElement\":[{\"@type\":\"ListItem\",\"position\":1,\"name\":\"In\u00edcio\",\"item\":\"https:\/\/homolog.news.filmelier.com\/br\/\"},{\"@type\":\"ListItem\",\"position\":2,\"name\":\"Duende Verde e Doc Ock est\u00e3o de volta! Veja o trailer legendado de &#8216;Homem-Aranha: Sem Volta para Casa&#8217;\"}]},{\"@type\":\"WebSite\",\"@id\":\"https:\/\/homolog.news.filmelier.com\/br\/#website\",\"url\":\"https:\/\/homolog.news.filmelier.com\/br\/\",\"name\":\"Homolog Filmelier News Rankrup\",\"description\":\"\",\"publisher\":{\"@id\":\"https:\/\/homolog.news.filmelier.com\/br\/#organization\"},\"potentialAction\":[{\"@type\":\"SearchAction\",\"target\":{\"@type\":\"EntryPoint\",\"urlTemplate\":\"https:\/\/homolog.news.filmelier.com\/br\/?s={search_term_string}\"},\"query-input\":{\"@type\":\"PropertyValueSpecification\",\"valueRequired\":true,\"valueName\":\"search_term_string\"}}],\"inLanguage\":\"pt-BR\"},{\"@type\":\"Organization\",\"@id\":\"https:\/\/homolog.news.filmelier.com\/br\/#organization\",\"name\":\"Homolog Filmelier News Rankrup\",\"url\":\"https:\/\/homolog.news.filmelier.com\/br\/\",\"logo\":{\"@type\":\"ImageObject\",\"inLanguage\":\"pt-BR\",\"@id\":\"https:\/\/homolog.news.filmelier.com\/br\/#\/schema\/logo\/image\/\",\"url\":\"https:\/\/news.filmelier.com\/wp-content\/uploads\/2024\/11\/Logo-News.png\",\"contentUrl\":\"https:\/\/news.filmelier.com\/wp-content\/uploads\/2024\/11\/Logo-News.png\",\"width\":460,\"height\":108,\"caption\":\"Homolog Filmelier News Rankrup\"},\"image\":{\"@id\":\"https:\/\/homolog.news.filmelier.com\/br\/#\/schema\/logo\/image\/\"}},{\"@type\":\"Person\",\"@id\":\"https:\/\/homolog.news.filmelier.com\/br\/#\/schema\/person\/a6491aa555ce96d9d1cc15f1742dbd7b\",\"name\":\"Reda\u00e7\u00e3o Filmelier\",\"image\":{\"@type\":\"ImageObject\",\"inLanguage\":\"pt-BR\",\"@id\":\"https:\/\/homolog.news.filmelier.com\/br\/#\/schema\/person\/image\/\",\"url\":\"https:\/\/secure.gravatar.com\/avatar\/8bf80419447553f32d821a953683c4666faca8d781f143825a02644ae3f7e2d0?s=96&d=mm&r=g\",\"contentUrl\":\"https:\/\/secure.gravatar.com\/avatar\/8bf80419447553f32d821a953683c4666faca8d781f143825a02644ae3f7e2d0?s=96&d=mm&r=g\",\"caption\":\"Reda\u00e7\u00e3o Filmelier\"},\"description\":\"Somos um time de jornalistas e cr\u00edticos que respira cinema a 24 quadros por segundo. Das estreias do circuito aos cl\u00e1ssicos restaurados, da curadoria em streamings \u00e0s entrevistas nos bastidores, nossa reda\u00e7\u00e3o transforma filmes em conte\u00fado inteligente \u2014 com an\u00e1lises afiadas, guias pr\u00e1ticos e hist\u00f3rias que fazem voc\u00ea ver a s\u00e9tima arte com outros olhos. Aqui no Filmelier, cinema n\u00e3o \u00e9 s\u00f3 lazer: \u00e9 of\u00edcio, \u00e9 expertise, \u00e9 paix\u00e3o em forma de texto.\",\"url\":\"https:\/\/news.filmelier.com\/br\/author\/contato-filmelier\/\"}]}<\/script>\n<!-- \/ Yoast SEO plugin. -->","yoast_head_json":{"title":"Duende Verde e Doc Ock est\u00e3o de volta! Veja o trailer legendado de 'Homem-Aranha: Sem Volta para Casa' - News Filmelier","robots":{"index":"index","follow":"follow","max-snippet":"max-snippet:-1","max-image-preview":"max-image-preview:large","max-video-preview":"max-video-preview:-1"},"canonical":"https:\/\/news.filmelier.com\/br\/homem-aranha-3-trailer-legendado\/","og_locale":"pt_BR","og_type":"article","og_title":"Duende Verde e Doc Ock est\u00e3o de volta! Veja o trailer legendado de 'Homem-Aranha: Sem Volta para Casa' - News Filmelier","og_description":"Os vil\u00f5es, novamente vividos por Willem Dafoe e Alfred Molina, s\u00e3o destaques do trailer, que tem tamb\u00e9m o Doutor Estranho","og_url":"https:\/\/news.filmelier.com\/br\/homem-aranha-3-trailer-legendado\/","og_site_name":"News Filmelier","article_published_time":"2021-08-24T01:54:31+00:00","author":"Reda\u00e7\u00e3o Filmelier","twitter_card":"summary_large_image","twitter_misc":{"Escrito por":"Reda\u00e7\u00e3o Filmelier","Est. tempo de leitura":"2 minutos"},"schema":{"@context":"https:\/\/schema.org","@graph":[{"@type":"Article","@id":"https:\/\/news.filmelier.com\/br\/homem-aranha-3-trailer-legendado\/#article","isPartOf":{"@id":"https:\/\/news.filmelier.com\/br\/homem-aranha-3-trailer-legendado\/"},"author":{"name":"Reda\u00e7\u00e3o Filmelier","@id":"https:\/\/homolog.news.filmelier.com\/br\/#\/schema\/person\/a6491aa555ce96d9d1cc15f1742dbd7b"},"headline":"Duende Verde e Doc Ock est\u00e3o de volta! Veja o trailer legendado de &#8216;Homem-Aranha: Sem Volta para Casa&#8217;","datePublished":"2021-08-24T01:54:31+00:00","mainEntityOfPage":{"@id":"https:\/\/news.filmelier.com\/br\/homem-aranha-3-trailer-legendado\/"},"wordCount":325,"publisher":{"@id":"https:\/\/homolog.news.filmelier.com\/br\/#organization"},"image":{"@id":"https:\/\/news.filmelier.com\/br\/homem-aranha-3-trailer-legendado\/#primaryimage"},"thumbnailUrl":"","keywords":["A\u00e7\u00e3o","Homem-Aranha 3","Homem-Aranha: No Way Home","Homem-Aranha: Sem Volta Para Casa","trailer","trailer legendado"],"articleSection":["Filmes"],"inLanguage":"pt-BR"},{"@type":"WebPage","@id":"https:\/\/news.filmelier.com\/br\/homem-aranha-3-trailer-legendado\/","url":"https:\/\/news.filmelier.com\/br\/homem-aranha-3-trailer-legendado\/","name":"Duende Verde e Doc Ock est\u00e3o de volta! Veja o trailer legendado de 'Homem-Aranha: Sem Volta para Casa' - News Filmelier","isPartOf":{"@id":"https:\/\/homolog.news.filmelier.com\/br\/#website"},"primaryImageOfPage":{"@id":"https:\/\/news.filmelier.com\/br\/homem-aranha-3-trailer-legendado\/#primaryimage"},"image":{"@id":"https:\/\/news.filmelier.com\/br\/homem-aranha-3-trailer-legendado\/#primaryimage"},"thumbnailUrl":"","datePublished":"2021-08-24T01:54:31+00:00","breadcrumb":{"@id":"https:\/\/news.filmelier.com\/br\/homem-aranha-3-trailer-legendado\/#breadcrumb"},"inLanguage":"pt-BR","potentialAction":[{"@type":"ReadAction","target":["https:\/\/news.filmelier.com\/br\/homem-aranha-3-trailer-legendado\/"]}]},{"@type":"ImageObject","inLanguage":"pt-BR","@id":"https:\/\/news.filmelier.com\/br\/homem-aranha-3-trailer-legendado\/#primaryimage","url":"","contentUrl":""},{"@type":"BreadcrumbList","@id":"https:\/\/news.filmelier.com\/br\/homem-aranha-3-trailer-legendado\/#breadcrumb","itemListElement":[{"@type":"ListItem","position":1,"name":"In\u00edcio","item":"https:\/\/homolog.news.filmelier.com\/br\/"},{"@type":"ListItem","position":2,"name":"Duende Verde e Doc Ock est\u00e3o de volta! Veja o trailer legendado de &#8216;Homem-Aranha: Sem Volta para Casa&#8217;"}]},{"@type":"WebSite","@id":"https:\/\/homolog.news.filmelier.com\/br\/#website","url":"https:\/\/homolog.news.filmelier.com\/br\/","name":"Homolog Filmelier News Rankrup","description":"","publisher":{"@id":"https:\/\/homolog.news.filmelier.com\/br\/#organization"},"potentialAction":[{"@type":"SearchAction","target":{"@type":"EntryPoint","urlTemplate":"https:\/\/homolog.news.filmelier.com\/br\/?s={search_term_string}"},"query-input":{"@type":"PropertyValueSpecification","valueRequired":true,"valueName":"search_term_string"}}],"inLanguage":"pt-BR"},{"@type":"Organization","@id":"https:\/\/homolog.news.filmelier.com\/br\/#organization","name":"Homolog Filmelier News Rankrup","url":"https:\/\/homolog.news.filmelier.com\/br\/","logo":{"@type":"ImageObject","inLanguage":"pt-BR","@id":"https:\/\/homolog.news.filmelier.com\/br\/#\/schema\/logo\/image\/","url":"https:\/\/news.filmelier.com\/wp-content\/uploads\/2024\/11\/Logo-News.png","contentUrl":"https:\/\/news.filmelier.com\/wp-content\/uploads\/2024\/11\/Logo-News.png","width":460,"height":108,"caption":"Homolog Filmelier News Rankrup"},"image":{"@id":"https:\/\/homolog.news.filmelier.com\/br\/#\/schema\/logo\/image\/"}},{"@type":"Person","@id":"https:\/\/homolog.news.filmelier.com\/br\/#\/schema\/person\/a6491aa555ce96d9d1cc15f1742dbd7b","name":"Reda\u00e7\u00e3o Filmelier","image":{"@type":"ImageObject","inLanguage":"pt-BR","@id":"https:\/\/homolog.news.filmelier.com\/br\/#\/schema\/person\/image\/","url":"https:\/\/secure.gravatar.com\/avatar\/8bf80419447553f32d821a953683c4666faca8d781f143825a02644ae3f7e2d0?s=96&d=mm&r=g","contentUrl":"https:\/\/secure.gravatar.com\/avatar\/8bf80419447553f32d821a953683c4666faca8d781f143825a02644ae3f7e2d0?s=96&d=mm&r=g","caption":"Reda\u00e7\u00e3o Filmelier"},"description":"Somos um time de jornalistas e cr\u00edticos que respira cinema a 24 quadros por segundo. Das estreias do circuito aos cl\u00e1ssicos restaurados, da curadoria em streamings \u00e0s entrevistas nos bastidores, nossa reda\u00e7\u00e3o transforma filmes em conte\u00fado inteligente \u2014 com an\u00e1lises afiadas, guias pr\u00e1ticos e hist\u00f3rias que fazem voc\u00ea ver a s\u00e9tima arte com outros olhos. Aqui no Filmelier, cinema n\u00e3o \u00e9 s\u00f3 lazer: \u00e9 of\u00edcio, \u00e9 expertise, \u00e9 paix\u00e3o em forma de texto.","url":"https:\/\/news.filmelier.com\/br\/author\/contato-filmelier\/"}]}},"_links":{"self":[{"href":"https:\/\/news.filmelier.com\/br\/wp-json\/wp\/v2\/posts\/15533","targetHints":{"allow":["GET"]}}],"collection":[{"href":"https:\/\/news.filmelier.com\/br\/wp-json\/wp\/v2\/posts"}],"about":[{"href":"https:\/\/news.filmelier.com\/br\/wp-json\/wp\/v2\/types\/post"}],"author":[{"embeddable":true,"href":"https:\/\/news.filmelier.com\/br\/wp-json\/wp\/v2\/users\/14"}],"replies":[{"embeddable":true,"href":"https:\/\/news.filmelier.com\/br\/wp-json\/wp\/v2\/comments?post=15533"}],"version-history":[{"count":0,"href":"https:\/\/news.filmelier.com\/br\/wp-json\/wp\/v2\/posts\/15533\/revisions"}],"wp:featuredmedia":[{"embeddable":true,"href":"https:\/\/news.filmelier.com\/br\/wp-json\/"}],"wp:attachment":[{"href":"https:\/\/news.filmelier.com\/br\/wp-json\/wp\/v2\/media?parent=15533"}],"wp:term":[{"taxonomy":"category","embeddable":true,"href":"https:\/\/news.filmelier.com\/br\/wp-json\/wp\/v2\/categories?post=15533"},{"taxonomy":"post_tag","embeddable":true,"href":"https:\/\/news.filmelier.com\/br\/wp-json\/wp\/v2\/tags?post=15533"}],"curies":[{"name":"wp","href":"https:\/\/api.w.org\/{rel}","templated":true}]}}